{"id":2084,"date":"2014-06-22T11:22:00","date_gmt":"2014-06-22T11:22:00","guid":{"rendered":"https:\/\/www.bfv.cloud\/ajedrezeuropa\/index.php\/2014\/06\/22\/irene-simon-en-el-campeonato-de-espana-de-selecciones-autonomicas-s-14\/"},"modified":"2025-11-20T10:42:12","modified_gmt":"2025-11-20T10:42:12","slug":"irene-simon-en-el-campeonato-de-espana-de-selecciones-autonomicas-s-14","status":"publish","type":"post","link":"https:\/\/www.bfv.cloud\/ajedrezeuropa\/irene-simon-en-el-campeonato-de-espana-de-selecciones-autonomicas-s-14\/","title":{"rendered":"IRENE SIM\u00d3N EN EL CAMPEONATO DE ESPA\u00d1A DE SELECCIONES AUTON\u00d3MICAS S-14"},"content":{"rendered":"<div class=\"separator\" style=\"clear: both;text-align: center\">\n<\/div>\n<p><\/p>\n<div class=\"separator\" style=\"clear: both;text-align: center\">\n<a href=\"https:\/\/www.bfv.cloud\/ajedrezeuropa\/wp-content\/uploads\/2014\/06\/SAM_0555.jpg\" style=\"clear: right;float: right;margin-bottom: 1em;margin-left: 1em\"><img fetchpriority=\"high\" decoding=\"async\" border=\"0\" src=\"https:\/\/www.bfv.cloud\/ajedrezeuropa\/wp-content\/uploads\/2014\/06\/SAM_0555.jpg\" height=\"267\" width=\"400\" \/><\/a><\/div>\n<p><span style=\"font-family: Georgia, Times New Roman, serif\"><b><i>Hoy comienza en Boo de Pi\u00e9lagos (Cantabria) el Campeonato de Espa\u00f1a de Selecciones Auton\u00f3micas Sub-14, que contar\u00e1 con la participaci\u00f3n de nuestra jugadora Irene Sim\u00f3n Escalona, clasificada como campeona regional en el reciente auton\u00f3mico de la categor\u00eda jugado en Ruidera. Es el segundo a\u00f1o consecutivo que Irene participa en la final nacional del Deporte en Edad Escolar. Le deseamos los mayores \u00e9xitos, que hacemos extensivos a todos los jugadores castellano-manchegos participantes en esta competici\u00f3n.<\/i><\/b><\/span><\/p>\n<p><a href=\"http:\/\/www.uimp.es\/images\/banners\/banner-invertido.jpg\" style=\"clear: left;float: left;margin-bottom: 1em;margin-right: 1em\"><img decoding=\"async\" alt=\"banner-invertido\" border=\"0\" height=\"122\" src=\"http:\/\/www.uimp.es\/images\/banners\/banner-invertido.jpg\" width=\"320\" \/><\/a><\/p>\n<h3 style=\"text-align: center\">\n<span style=\"font-family: Georgia, Times New Roman, serif\"><b><i>LA UIMP SE OCUPA DE ATENDER&nbsp;<\/i><\/b><\/span><b style=\"font-family: Georgia, 'Times New Roman', serif\"><i>\u00abEL VALOR EDUCATIVO DEL AJEDREZ\u00bb<\/i><\/b><\/h3>\n<h3 style=\"text-align: center\">\n<span style=\"font-family: Georgia, Times New Roman, serif\"><b><i><br \/><\/i><\/b><\/span><\/h3>\n<div style=\"text-align: left\">\n<span style=\"font-family: Courier New, Courier, monospace\">La sede valenciana de la Universidad Internacional Men\u00e9ndez Pelayo organiza el curso: \u00abEL VALOR EDUCATIVO DEL AJEDREZ. BALANCE Y PERSPECTIVAS DE FUTURO\u00bb del 25 al 27 de junio.&nbsp;<\/span><\/div>\n<div style=\"text-align: left\">\n<span style=\"font-family: Courier New, Courier, monospace\">La preocupaci\u00f3n del mundo de la educaci\u00f3n y la cultura por las aplicaciones metodol\u00f3gicas y formativas del ajedrez es una realidad en constante crecimiento. Es muy importante que estos pasos conduzcan a la integraci\u00f3n del ajedrez dentro del sistema educativo nacional, aunque, para esto, primero ser\u00e1 necesario que \u00abalgo\u00bb cambie en la mentalidad de los pol\u00edticos de este pa\u00eds.<\/span><\/div>\n","protected":false},"excerpt":{"rendered":"<p>Hoy comienza en Boo de Pi\u00e9lagos (Cantabria) el Campeonato de Espa\u00f1a de Selecciones Auton\u00f3micas Sub-14, que contar\u00e1 con la participaci\u00f3n de nuestra jugadora Irene Sim\u00f3n Escalona, clasificada como campeona regional en el reciente auton\u00f3mico de la categor\u00eda jugado en Ruidera. Es el segundo a\u00f1o consecutivo que Irene participa en la final nacional del Deporte en [&hellip;]<\/p>\n","protected":false},"author":1,"featured_media":2085,"comment_status":"open","ping_status":"closed","sticky":false,"template":"","format":"standard","meta":{"footnotes":""},"categories":[1],"tags":[],"class_list":["post-2084","post","type-post","status-publish","format-standard","has-post-thumbnail","hentry","category-noticias"],"_links":{"self":[{"href":"https:\/\/www.bfv.cloud\/ajedrezeuropa\/wp-json\/wp\/v2\/posts\/2084","targetHints":{"allow":["GET"]}}],"collection":[{"href":"https:\/\/www.bfv.cloud\/ajedrezeuropa\/wp-json\/wp\/v2\/posts"}],"about":[{"href":"https:\/\/www.bfv.cloud\/ajedrezeuropa\/wp-json\/wp\/v2\/types\/post"}],"author":[{"embeddable":true,"href":"https:\/\/www.bfv.cloud\/ajedrezeuropa\/wp-json\/wp\/v2\/users\/1"}],"replies":[{"embeddable":true,"href":"https:\/\/www.bfv.cloud\/ajedrezeuropa\/wp-json\/wp\/v2\/comments?post=2084"}],"version-history":[{"count":1,"href":"https:\/\/www.bfv.cloud\/ajedrezeuropa\/wp-json\/wp\/v2\/posts\/2084\/revisions"}],"predecessor-version":[{"id":2086,"href":"https:\/\/www.bfv.cloud\/ajedrezeuropa\/wp-json\/wp\/v2\/posts\/2084\/revisions\/2086"}],"wp:featuredmedia":[{"embeddable":true,"href":"https:\/\/www.bfv.cloud\/ajedrezeuropa\/wp-json\/wp\/v2\/media\/2085"}],"wp:attachment":[{"href":"https:\/\/www.bfv.cloud\/ajedrezeuropa\/wp-json\/wp\/v2\/media?parent=2084"}],"wp:term":[{"taxonomy":"category","embeddable":true,"href":"https:\/\/www.bfv.cloud\/ajedrezeuropa\/wp-json\/wp\/v2\/categories?post=2084"},{"taxonomy":"post_tag","embeddable":true,"href":"https:\/\/www.bfv.cloud\/ajedrezeuropa\/wp-json\/wp\/v2\/tags?post=2084"}],"curies":[{"name":"wp","href":"https:\/\/api.w.org\/{rel}","templated":true}]}}