{"id":2087,"date":"2024-09-09T07:52:00","date_gmt":"2024-09-09T07:52:00","guid":{"rendered":"https:\/\/www.bfv.cloud\/ajedrezeuropa\/index.php\/2024\/09\/09\/videos-del-proyecto-el-ajedrez-en-la-escuela-una-estrategia-educativa-de-illescas\/"},"modified":"2025-11-20T10:42:13","modified_gmt":"2025-11-20T10:42:13","slug":"videos-del-proyecto-el-ajedrez-en-la-escuela-una-estrategia-educativa-de-illescas","status":"publish","type":"post","link":"https:\/\/www.bfv.cloud\/ajedrezeuropa\/videos-del-proyecto-el-ajedrez-en-la-escuela-una-estrategia-educativa-de-illescas\/","title":{"rendered":"V\u00cdDEOS DEL PROYECTO \u00abEL AJEDREZ EN LA ESCUELA, UNA ESTRATEGIA EDUCATIVA\u00bb DE ILLESCAS"},"content":{"rendered":"<p>&nbsp;<\/p>\n<div class=\"separator\" style=\"clear: both;text-align: center\"><iframe allowfullscreen=\"\" class=\"BLOG_video_class\" height=\"343\" src=\"https:\/\/www.youtube.com\/embed\/lYdXDE6AT8o\" width=\"413\" youtube-src-id=\"lYdXDE6AT8o\"><\/iframe><\/div>\n<p><span style=\"font-family: helvetica;font-size: large\"><b><\/p>\n<p><b>Estos son los v\u00eddeos que Auntie Films ha elaborado sobre nuestro proyecto \u00abEl ajedrez en la escuela, una estrategia educativa\u00bb de Illescas. Este es el v\u00eddeo corto, dura poco m\u00e1s de un minuto, con im\u00e1genes de distintas actividades desarrolladas en los 7 colegios p\u00fablicos illescanos.<\/b><\/p>\n<p><b><\/b><\/p>\n<div class=\"separator\" style=\"clear: both;text-align: center\"><b><iframe allowfullscreen=\"\" class=\"BLOG_video_class\" height=\"351\" src=\"https:\/\/www.youtube.com\/embed\/NGqrjPxzWNU\" width=\"422\" youtube-src-id=\"NGqrjPxzWNU\"><\/iframe><\/b><\/div>\n<p><b><b>Y en este v\u00eddeo de 3 minutos de duraci\u00f3n se ampl\u00edan las im\u00e1genes de las distintas actividades y cuenta on los testimonios del alcalde de Illescas, Jos\u00e9 Manuel Tofi\u00f1o, del coordinador del proyecto, F\u00e9lix Toribio, de la maestra de Educaci\u00f3n Especial del colegio Clara Campoamor, Sagrario Valero, la directora del colegio Rosa Chacel, Almudena Malag\u00f3n, y el alumno, Aday Berm\u00fadez.<\/b><\/b><\/p>\n<p><b><b>\u00a1Esperamos que os resulten interesantes!<\/b><\/b><\/p>\n<p><b>&nbsp;<\/b><\/p>\n<p><\/b><\/span><\/p>\n","protected":false},"excerpt":{"rendered":"<p>&nbsp; Estos son los v\u00eddeos que Auntie Films ha elaborado sobre nuestro proyecto \u00abEl ajedrez en la escuela, una estrategia educativa\u00bb de Illescas. Este es el v\u00eddeo corto, dura poco m\u00e1s de un minuto, con im\u00e1genes de distintas actividades desarrolladas en los 7 colegios p\u00fablicos illescanos. Y en este v\u00eddeo de 3 minutos de duraci\u00f3n [&hellip;]<\/p>\n","protected":false},"author":1,"featured_media":0,"comment_status":"open","ping_status":"closed","sticky":false,"template":"","format":"standard","meta":{"footnotes":""},"categories":[1],"tags":[],"class_list":["post-2087","post","type-post","status-publish","format-standard","hentry","category-noticias"],"_links":{"self":[{"href":"https:\/\/www.bfv.cloud\/ajedrezeuropa\/wp-json\/wp\/v2\/posts\/2087","targetHints":{"allow":["GET"]}}],"collection":[{"href":"https:\/\/www.bfv.cloud\/ajedrezeuropa\/wp-json\/wp\/v2\/posts"}],"about":[{"href":"https:\/\/www.bfv.cloud\/ajedrezeuropa\/wp-json\/wp\/v2\/types\/post"}],"author":[{"embeddable":true,"href":"https:\/\/www.bfv.cloud\/ajedrezeuropa\/wp-json\/wp\/v2\/users\/1"}],"replies":[{"embeddable":true,"href":"https:\/\/www.bfv.cloud\/ajedrezeuropa\/wp-json\/wp\/v2\/comments?post=2087"}],"version-history":[{"count":1,"href":"https:\/\/www.bfv.cloud\/ajedrezeuropa\/wp-json\/wp\/v2\/posts\/2087\/revisions"}],"predecessor-version":[{"id":2088,"href":"https:\/\/www.bfv.cloud\/ajedrezeuropa\/wp-json\/wp\/v2\/posts\/2087\/revisions\/2088"}],"wp:attachment":[{"href":"https:\/\/www.bfv.cloud\/ajedrezeuropa\/wp-json\/wp\/v2\/media?parent=2087"}],"wp:term":[{"taxonomy":"category","embeddable":true,"href":"https:\/\/www.bfv.cloud\/ajedrezeuropa\/wp-json\/wp\/v2\/categories?post=2087"},{"taxonomy":"post_tag","embeddable":true,"href":"https:\/\/www.bfv.cloud\/ajedrezeuropa\/wp-json\/wp\/v2\/tags?post=2087"}],"curies":[{"name":"wp","href":"https:\/\/api.w.org\/{rel}","templated":true}]}}