{"id":209,"date":"2014-05-15T21:43:00","date_gmt":"2014-05-15T21:43:00","guid":{"rendered":"https:\/\/www.bfv.cloud\/ajedrezeuropa\/index.php\/2014\/05\/15\/la-fase-regional-del-deporte-en-edad-escolar-contara-con-6-jugadores-de-nuestro-ajedrez-en-europa\/"},"modified":"2025-11-20T10:14:40","modified_gmt":"2025-11-20T10:14:40","slug":"la-fase-regional-del-deporte-en-edad-escolar-contara-con-6-jugadores-de-nuestro-ajedrez-en-europa","status":"publish","type":"post","link":"https:\/\/www.bfv.cloud\/ajedrezeuropa\/la-fase-regional-del-deporte-en-edad-escolar-contara-con-6-jugadores-de-nuestro-ajedrez-en-europa\/","title":{"rendered":"LA FASE REGIONAL DEL DEPORTE EN EDAD ESCOLAR CONTAR\u00c1 CON 6 JUGADORES DE NUESTRO AJEDREZ EN EUROPA"},"content":{"rendered":"<table cellpadding=\"0\" cellspacing=\"0\" class=\"tr-caption-container\" style=\"float: right;margin-left: 1em;text-align: right\">\n<tbody>\n<tr>\n<td style=\"text-align: center\"><a href=\"https:\/\/www.bfv.cloud\/ajedrezeuropa\/wp-content\/uploads\/2014\/05\/Equipo.jpg\" style=\"clear: right;margin-bottom: 1em;margin-left: auto;margin-right: auto\"><img fetchpriority=\"high\" decoding=\"async\" border=\"0\" src=\"https:\/\/www.bfv.cloud\/ajedrezeuropa\/wp-content\/uploads\/2014\/05\/Equipo.jpg\" height=\"267\" width=\"400\" \/><\/a><\/td>\n<\/tr>\n<tr>\n<td class=\"tr-caption\" style=\"text-align: center\">5 de los 6 ajedrecistas de nuestras escuelas tambi\u00e9n se clasificaron<br \/>el a\u00f1o pasado<\/td>\n<\/tr>\n<\/tbody>\n<\/table>\n<div class=\"MsoBodyText\">\n<span style=\"font-family: Georgia, Times New Roman, serif\">El jueves 29 de mayo comenzar\u00e1, en el albergue \u201cAlonso<br \/>\nQuijano\u201d de Ossa de Montiel (Albacete), la fase regional del Campeonato del<br \/>\nDeporte en Edad Escolar, prolong\u00e1ndose hasta el domingo 1 de junio. En esta<br \/>\nocasi\u00f3n, la participaci\u00f3n de las escuelas municipales de Alc\u00e1zar y Villafranca<br \/>\nestar\u00e1 formada por 6 jugadores. En la categor\u00eda femenina son 5 las<br \/>\nclasificadas, 3 en Ciudad Real y 2 en Toledo, por 1 en la masculina. La<br \/>\nConsejer\u00eda de Educaci\u00f3n, Cultura y Deportes es la encargada de la organizaci\u00f3n<br \/>\nde esta final auton\u00f3mica en la que participar\u00e1n cerca de 60 chicos y chicas<br \/>\ndistribuidos en las 4 categor\u00edas en juego. Los datos de cada uno de los<br \/>\njugadores de nuestro proyecto que han logrado la clasificaci\u00f3n son:<\/span><\/div>\n<div class=\"MsoBodyText\">\n<\/div>\n<div class=\"MsoBodyText\">\n&nbsp;&nbsp;&nbsp;&nbsp;&nbsp;&nbsp;&nbsp;&nbsp;&nbsp;&nbsp;&nbsp; <span style=\"font-family: Georgia, Times New Roman, serif\"><b><u>Escolar<br \/>\nCadete Masculino:<\/u><\/b> Javier Valdepe\u00f1as Octavio, como&nbsp; campe\u00f3n de Ciudad Real.<\/span><\/div>\n<div class=\"MsoBodyText\">\n<span style=\"font-family: Georgia, Times New Roman, serif\">&nbsp;&nbsp;&nbsp;&nbsp;&nbsp;&nbsp;&nbsp;&nbsp;&nbsp;&nbsp;&nbsp; <b><u>Escolar<br \/>\nCadete Femenino:<\/u><\/b> En esta categor\u00eda, Nuestro Ajedrez en Europa, ha<br \/>\nclasificado a Silvia Toribio Camu\u00f1as, como subcampeona en la fase provincial de<br \/>\nToledo. Por la provincia de Ciudad Real, disputar\u00e1n est\u00e1 final, M\u00aa Isabel<br \/>\nMarcos-Alberca Lizcano y Julia Meza Osorio.<\/span><\/div>\n<div class=\"MsoBodyText\">\n<span style=\"font-family: Georgia, Times New Roman, serif\">&nbsp;&nbsp;&nbsp;&nbsp;&nbsp;&nbsp;&nbsp;&nbsp;&nbsp;&nbsp;&nbsp; <b><u>Escolar<br \/>\nInfantil Femenino:<\/u><\/b> Para las 3 plazas femeninas que dan derecho a<br \/>\nparticipar en el Campeonato de Espa\u00f1a, optar\u00e1n 2 de nuestras jugadoras de las<br \/>\nescuelas de Alc\u00e1zar y Villafranca. Como campeona de la categor\u00eda en Toledo,<br \/>\nIrene Sim\u00f3n Escalona, y como subcampeona de Ciudad Real, Marta Espinosa Gil.<\/span><\/div>\n<div class=\"MsoBodyText\">\n<span style=\"font-family: Georgia, Times New Roman, serif\"><\/p>\n<table align=\"center\" cellpadding=\"0\" cellspacing=\"0\" class=\"tr-caption-container\" style=\"float: left;margin-right: 1em;text-align: left\">\n<tbody>\n<tr>\n<td style=\"text-align: center\"><a href=\"https:\/\/www.bfv.cloud\/ajedrezeuropa\/wp-content\/uploads\/2014\/05\/lagunaRuidera.jpg\" style=\"clear: left;margin-bottom: 1em;margin-left: auto;margin-right: auto\"><img decoding=\"async\" border=\"0\" src=\"https:\/\/www.bfv.cloud\/ajedrezeuropa\/wp-content\/uploads\/2014\/05\/lagunaRuidera.jpg\" height=\"240\" width=\"320\" \/><\/a><\/td>\n<\/tr>\n<tr>\n<td class=\"tr-caption\" style=\"text-align: center\">Una imagen de Ruidera durante el escolar de 2013<\/td>\n<\/tr>\n<\/tbody>\n<\/table>\n<p><\/span><\/div>\n<div class=\"MsoBodyText\">\n<\/div>\n<div class=\"MsoBodyText\">\n<span style=\"font-family: Georgia, Times New Roman, serif\">En la categor\u00eda Infantil Masculina no se ha clasificado<br \/>\nninguno de nuestros jugadores, aunque 2 de ellos estuvieron cerca de lograrlo<br \/>\nen las respectivas fases provinciales.<\/span><\/div>\n<p><\/p>\n<div class=\"MsoBodyText\">\n<span style=\"font-family: Georgia, Times New Roman, serif\">Al igual que en las 2 \u00faltimas ediciones, los chicos y<br \/>\nchicas del cadete no tienen posibilidad de alcanzar la fase nacional al haber<br \/>\ndesaparecido este campeonato por razones de ajuste en el Consejo Superior de<br \/>\nDeportes. Esta medida, que parec\u00eda obedecer a una mala coyuntura econ\u00f3mica, se<br \/>\nha tornado en \u201cdefinitiva\u201d para la actual direcci\u00f3n del deporte nacional.<br \/>\nEsperamos que se encuentre alg\u00fan momento adecuado para recuperar la promoci\u00f3n<br \/>\ndel deporte de la mente en j\u00f3venes de 15 y 16 a\u00f1os, sobre todo a estas edades,<br \/>\ncuando m\u00e1s necesitan de la actividad deportiva y de la disciplina de su<br \/>\nentrenamiento.<\/span><\/div>\n","protected":false},"excerpt":{"rendered":"<p>5 de los 6 ajedrecistas de nuestras escuelas tambi\u00e9n se clasificaronel a\u00f1o pasado El jueves 29 de mayo comenzar\u00e1, en el albergue \u201cAlonso Quijano\u201d de Ossa de Montiel (Albacete), la fase regional del Campeonato del Deporte en Edad Escolar, prolong\u00e1ndose hasta el domingo 1 de junio. En esta ocasi\u00f3n, la participaci\u00f3n de las escuelas municipales [&hellip;]<\/p>\n","protected":false},"author":1,"featured_media":210,"comment_status":"open","ping_status":"closed","sticky":false,"template":"","format":"standard","meta":{"footnotes":""},"categories":[1],"tags":[],"class_list":["post-209","post","type-post","status-publish","format-standard","has-post-thumbnail","hentry","category-noticias"],"_links":{"self":[{"href":"https:\/\/www.bfv.cloud\/ajedrezeuropa\/wp-json\/wp\/v2\/posts\/209","targetHints":{"allow":["GET"]}}],"collection":[{"href":"https:\/\/www.bfv.cloud\/ajedrezeuropa\/wp-json\/wp\/v2\/posts"}],"about":[{"href":"https:\/\/www.bfv.cloud\/ajedrezeuropa\/wp-json\/wp\/v2\/types\/post"}],"author":[{"embeddable":true,"href":"https:\/\/www.bfv.cloud\/ajedrezeuropa\/wp-json\/wp\/v2\/users\/1"}],"replies":[{"embeddable":true,"href":"https:\/\/www.bfv.cloud\/ajedrezeuropa\/wp-json\/wp\/v2\/comments?post=209"}],"version-history":[{"count":1,"href":"https:\/\/www.bfv.cloud\/ajedrezeuropa\/wp-json\/wp\/v2\/posts\/209\/revisions"}],"predecessor-version":[{"id":212,"href":"https:\/\/www.bfv.cloud\/ajedrezeuropa\/wp-json\/wp\/v2\/posts\/209\/revisions\/212"}],"wp:featuredmedia":[{"embeddable":true,"href":"https:\/\/www.bfv.cloud\/ajedrezeuropa\/wp-json\/wp\/v2\/media\/210"}],"wp:attachment":[{"href":"https:\/\/www.bfv.cloud\/ajedrezeuropa\/wp-json\/wp\/v2\/media?parent=209"}],"wp:term":[{"taxonomy":"category","embeddable":true,"href":"https:\/\/www.bfv.cloud\/ajedrezeuropa\/wp-json\/wp\/v2\/categories?post=209"},{"taxonomy":"post_tag","embeddable":true,"href":"https:\/\/www.bfv.cloud\/ajedrezeuropa\/wp-json\/wp\/v2\/tags?post=209"}],"curies":[{"name":"wp","href":"https:\/\/api.w.org\/{rel}","templated":true}]}}