{"id":2095,"date":"2015-03-24T23:51:00","date_gmt":"2015-03-24T23:51:00","guid":{"rendered":"https:\/\/www.bfv.cloud\/ajedrezeuropa\/index.php\/2015\/03\/24\/22-jugadores-de-nuestros-clubes-en-el-regional-por-edades\/"},"modified":"2025-11-20T10:42:18","modified_gmt":"2025-11-20T10:42:18","slug":"22-jugadores-de-nuestros-clubes-en-el-regional-por-edades","status":"publish","type":"post","link":"https:\/\/www.bfv.cloud\/ajedrezeuropa\/22-jugadores-de-nuestros-clubes-en-el-regional-por-edades\/","title":{"rendered":"22 JUGADORES DE NUESTROS CLUBES EN EL REGIONAL POR EDADES"},"content":{"rendered":"<table cellpadding=\"0\" cellspacing=\"0\" class=\"tr-caption-container\" style=\"float: left;margin-right: 1em;text-align: left\">\n<tbody>\n<tr>\n<td style=\"text-align: center\"><a href=\"https:\/\/www.bfv.cloud\/ajedrezeuropa\/wp-content\/uploads\/2015\/03\/REGIONALEDADES2014022.jpg\" style=\"clear: left;margin-bottom: 1em;margin-left: auto;margin-right: auto\"><img fetchpriority=\"high\" decoding=\"async\" border=\"0\" src=\"https:\/\/www.bfv.cloud\/ajedrezeuropa\/wp-content\/uploads\/2015\/03\/REGIONALEDADES2014022.jpg\" height=\"300\" width=\"400\" \/><\/a><\/td>\n<\/tr>\n<tr>\n<td class=\"tr-caption\" style=\"text-align: center\">Una foto del regional de edades del a\u00f1o pasado<\/td>\n<\/tr>\n<\/tbody>\n<\/table>\n<div class=\"MsoBodyText\">\n<span style=\"font-size: 12.0pt\"><span style=\"color: #20124d\">Este<br \/>\nfin de semana comienza en Horche (Guadalajara) el Campeonato de Castilla-La<br \/>\nMancha por Edades con la asistencia de 22 ajedrecistas de las escuelas<br \/>\nmunicipales de Alc\u00e1zar de San Juan y Villafranca de los Caballeros. Con esta<br \/>\ncantidad de jugadores se iguala el m\u00e1ximo n\u00famero de participantes alcanzado por<br \/>\nlos dos clubes del proyecto \u201cNUESTRO AJEDREZ EN EUROPA\u201d en la temporada 2012.<br \/>\nLas dos escuelas est\u00e1n representadas por 11 ajedrecistas cada una, mientras que<br \/>\nla distribuci\u00f3n por sexos cada vez est\u00e1 m\u00e1s equilibrada: 14 chicos y 8 chicas.&nbsp;&nbsp; <\/span><\/span><\/div>\n<div class=\"MsoBodyText\">\n<\/div>\n<div class=\"MsoBodyText\">\n<b><u><span style=\"font-size: 12.0pt\"><span style=\"color: #20124d\">Nuestro Ajedrez en<br \/>\nEuropa vuelve a ser la delegaci\u00f3n m\u00e1s numerosa de la regi\u00f3n<\/span><\/span><\/u><\/b><span style=\"color: #20124d;font-family: Tahoma, sans-serif;font-size: 12pt\">&nbsp; &nbsp; &nbsp; &nbsp;&nbsp;<\/span><\/div>\n<div class=\"MsoBodyText\">\n<span style=\"font-size: 12.0pt\"><span style=\"color: #20124d\">&nbsp;&nbsp;&nbsp;&nbsp;&nbsp;&nbsp;&nbsp;&nbsp; El n\u00famero total de jugadores entre<br \/>\ntodas las categor\u00edas ronda los 135, siendo la sub-14 y la sub-12 con 29 y 27<br \/>\njugadores, respectivamente, las de m\u00e1s inscripciones. Los 22 jugadores de \u201cNUESTRO<br \/>\nAJEDREZ EN EUROPA\u201d suponen la delegaci\u00f3n m\u00e1s numerosa de toda la regi\u00f3n, y su<br \/>\ndistribuci\u00f3n en las distintas categor\u00edas queda as\u00ed:<\/span><\/span><\/div>\n<div align=\"center\" class=\"MsoBodyText\" style=\"text-align: center\">\n<i><u><span style=\"font-size: 12.0pt\"><span style=\"color: #20124d\">SUB-10<\/span><\/span><\/u><\/i><\/div>\n<div align=\"center\" class=\"MsoBodyText\" style=\"text-align: center\">\n<span style=\"font-size: 12.0pt\"><span style=\"color: #20124d\">Nuria Lozano Serrano<\/span><\/span><\/div>\n<div align=\"center\" class=\"MsoBodyText\" style=\"text-align: center\">\n<span style=\"font-size: 12.0pt\"><span style=\"color: #20124d\">\u00c1lvaro Alberca<br \/>\nOrtuno<\/span><\/span><\/div>\n<div align=\"center\" class=\"MsoBodyText\" style=\"text-align: center\">\n<span style=\"font-size: 12.0pt\"><span style=\"color: #20124d\">Gabriel Amador<br \/>\nAnd\u00fajar<\/span><\/span><\/div>\n<div align=\"center\" class=\"MsoBodyText\" style=\"text-align: center\">\n<span style=\"font-size: 12.0pt\"><span style=\"color: #20124d\">Alonso L\u00f3pez N\u00fa\u00f1ez<\/span><\/span><\/div>\n<div align=\"center\" class=\"MsoBodyText\" style=\"text-align: center\">\n<i><u><span style=\"font-size: 12.0pt\"><span style=\"color: #20124d\">SUB-12<\/span><\/span><\/u><\/i><\/div>\n<div align=\"center\" class=\"MsoBodyText\" style=\"text-align: center\">\n<span style=\"font-size: 12.0pt\"><span style=\"color: #20124d\">Alfredo Amador<br \/>\nAnd\u00fajar<\/span><\/span><\/div>\n<div align=\"center\" class=\"MsoBodyText\" style=\"text-align: center\">\n<span style=\"font-size: 12.0pt\"><span style=\"color: #20124d\">Juan Francisco Mar\u00edn<br \/>\nTorres<\/span><\/span><\/div>\n<div align=\"center\" class=\"MsoBodyText\" style=\"text-align: center\">\n<span style=\"font-size: 12.0pt\"><span style=\"color: #20124d\">Mar\u00eda Oliver Ropero<\/span><\/span><\/div>\n<div align=\"center\" class=\"MsoBodyText\" style=\"text-align: center\">\n<span style=\"font-size: 12.0pt\"><span style=\"color: #20124d\">\u00d3scar Roncero<br \/>\nGonz\u00e1lez<\/span><\/span><\/div>\n<div align=\"center\" class=\"MsoBodyText\" style=\"text-align: center\">\n<span style=\"font-size: 12.0pt\"><span style=\"color: #20124d\">Clara Vela Adri\u00e1n<\/span><\/span><\/div>\n<div align=\"center\" class=\"MsoBodyText\" style=\"text-align: center\">\n<i><u><span style=\"font-size: 12.0pt\"><span style=\"color: #20124d\">SUB-14<\/span><\/span><\/u><\/i><\/div>\n<div align=\"center\" class=\"MsoBodyText\" style=\"text-align: center\">\n<span style=\"font-size: 12.0pt\"><span style=\"color: #20124d\">Julio M\u00e9rida Ortiz<\/span><\/span><\/div>\n<div align=\"center\" class=\"MsoBodyText\" style=\"text-align: center\">\n<span style=\"font-size: 12.0pt\"><span style=\"color: #20124d\">Arturo Mate Mart\u00edn<\/span><\/span><\/div>\n<div align=\"center\" class=\"MsoBodyText\" style=\"text-align: center\">\n<span style=\"font-size: 12.0pt\"><span style=\"color: #20124d\">Isabel<br \/>\nMarcos-Alberca Lizcano<\/span><\/span><\/div>\n<div align=\"center\" class=\"MsoBodyText\" style=\"text-align: center\">\n<span style=\"font-size: 12.0pt\"><span style=\"color: #20124d\">Roberto L\u00f3pez N\u00fa\u00f1ez<\/span><\/span><\/div>\n<div align=\"center\" class=\"MsoBodyText\" style=\"text-align: center\">\n<span style=\"font-size: 12.0pt\"><span style=\"color: #20124d\">Julia Meza Osorio<\/span><\/span><\/div>\n<div align=\"center\" class=\"MsoBodyText\" style=\"text-align: center\">\n<span style=\"font-size: 12.0pt\"><span style=\"color: #20124d\">Pablo Vela Adri\u00e1n<\/span><\/span><\/div>\n<div align=\"center\" class=\"MsoBodyText\" style=\"text-align: center\">\n<span style=\"font-size: 12.0pt\"><span style=\"color: #20124d\">Enrique Velasco<br \/>\nAragon\u00e9s<\/span><\/span><\/div>\n<div align=\"center\" class=\"MsoBodyText\" style=\"text-align: center\">\n<i><u><span style=\"font-size: 12.0pt\"><span style=\"color: #20124d\">SUB-16<\/span><\/span><\/u><\/i><\/div>\n<div align=\"center\" class=\"MsoBodyText\" style=\"text-align: center\">\n<span style=\"font-size: 12.0pt\"><span style=\"color: #20124d\">Javier Valdepe\u00f1as<br \/>\nOctavio<\/span><\/span><\/div>\n<div align=\"center\" class=\"MsoBodyText\" style=\"text-align: center\">\n<span style=\"font-size: 12.0pt\"><span style=\"color: #20124d\">Irene Sim\u00f3n Escalona<\/span><\/span><\/div>\n<div align=\"center\" class=\"MsoBodyText\" style=\"text-align: center\">\n<span style=\"font-size: 12.0pt\"><span style=\"color: #20124d\">Marta Espinosa Gil<\/span><\/span><\/div>\n<div align=\"center\" class=\"MsoBodyText\" style=\"text-align: center\">\n<i><u><span style=\"font-size: 12.0pt\"><span style=\"color: #20124d\">SUB-18<\/span><\/span><\/u><\/i><\/div>\n<div align=\"center\" class=\"MsoBodyText\" style=\"text-align: center\">\n<span style=\"font-size: 12.0pt\"><span style=\"color: #20124d\">Isaac Lozano Osorio<\/span><\/span><\/div>\n<div align=\"center\" class=\"MsoBodyText\" style=\"text-align: center\">\n<span style=\"font-size: 12.0pt\"><span style=\"color: #20124d\">Cosimo Leonardo de<br \/>\nGiorgi Benavent<\/span><\/span><\/div>\n<div align=\"center\" class=\"MsoBodyText\" style=\"text-align: center\">\n<span style=\"font-size: 12.0pt\"><span style=\"color: #20124d\">Silvia Toribio<br \/>\nCamu\u00f1as<\/span><\/span><\/div>\n<div align=\"center\" class=\"MsoBodyText\" style=\"text-align: center\">\n<span style=\"font-size: 12.0pt\"><span style=\"color: #20124d\"><br \/><\/span><\/span><\/div>\n<div class=\"MsoBodyText\">\n<span style=\"font-size: 12.0pt\"><span style=\"color: #20124d\">&nbsp;&nbsp;&nbsp;&nbsp;&nbsp;&nbsp;&nbsp;&nbsp; Todas las categor\u00edas, excepto la sub-8,<br \/>\ntendr\u00e1n chicos y chicas de las escuelas de ajedrez de Alc\u00e1zar y Villafranca,<br \/>\nllegando 7 de ellos como campeones o campeonas provinciales de Ciudad Real o<br \/>\nToledo.<\/span><\/span><\/div>\n<div class=\"MsoBodyText\">\n<span style=\"color: #20124d;font-family: Tahoma, sans-serif;font-size: 12pt\">&nbsp; &nbsp; &nbsp; &nbsp; &nbsp;<\/span><span style=\"color: #20124d;font-family: Tahoma, sans-serif;font-size: 12pt\">Como es habitual en este tipo de<br \/>\ncompeticiones, cada uno de los 22 ajedrecistas del proyecto tienen sus propios<br \/>\nobjetivos, personalizados y adecuados a sus posibilidades reales de mejora y<br \/>\nsuperaci\u00f3n. Sin duda que muchos de ellos competir\u00e1n por los puestos de honor de<br \/>\nsus respectivas categor\u00edas, como viene ocurriendo desde hace m\u00e1s de 10 a\u00f1os.&nbsp;<\/span><\/div>\n","protected":false},"excerpt":{"rendered":"<p>Una foto del regional de edades del a\u00f1o pasado Este fin de semana comienza en Horche (Guadalajara) el Campeonato de Castilla-La Mancha por Edades con la asistencia de 22 ajedrecistas de las escuelas municipales de Alc\u00e1zar de San Juan y Villafranca de los Caballeros. Con esta cantidad de jugadores se iguala el m\u00e1ximo n\u00famero de [&hellip;]<\/p>\n","protected":false},"author":1,"featured_media":2096,"comment_status":"open","ping_status":"closed","sticky":false,"template":"","format":"standard","meta":{"footnotes":""},"categories":[1],"tags":[],"class_list":["post-2095","post","type-post","status-publish","format-standard","has-post-thumbnail","hentry","category-noticias"],"_links":{"self":[{"href":"https:\/\/www.bfv.cloud\/ajedrezeuropa\/wp-json\/wp\/v2\/posts\/2095","targetHints":{"allow":["GET"]}}],"collection":[{"href":"https:\/\/www.bfv.cloud\/ajedrezeuropa\/wp-json\/wp\/v2\/posts"}],"about":[{"href":"https:\/\/www.bfv.cloud\/ajedrezeuropa\/wp-json\/wp\/v2\/types\/post"}],"author":[{"embeddable":true,"href":"https:\/\/www.bfv.cloud\/ajedrezeuropa\/wp-json\/wp\/v2\/users\/1"}],"replies":[{"embeddable":true,"href":"https:\/\/www.bfv.cloud\/ajedrezeuropa\/wp-json\/wp\/v2\/comments?post=2095"}],"version-history":[{"count":1,"href":"https:\/\/www.bfv.cloud\/ajedrezeuropa\/wp-json\/wp\/v2\/posts\/2095\/revisions"}],"predecessor-version":[{"id":2097,"href":"https:\/\/www.bfv.cloud\/ajedrezeuropa\/wp-json\/wp\/v2\/posts\/2095\/revisions\/2097"}],"wp:featuredmedia":[{"embeddable":true,"href":"https:\/\/www.bfv.cloud\/ajedrezeuropa\/wp-json\/wp\/v2\/media\/2096"}],"wp:attachment":[{"href":"https:\/\/www.bfv.cloud\/ajedrezeuropa\/wp-json\/wp\/v2\/media?parent=2095"}],"wp:term":[{"taxonomy":"category","embeddable":true,"href":"https:\/\/www.bfv.cloud\/ajedrezeuropa\/wp-json\/wp\/v2\/categories?post=2095"},{"taxonomy":"post_tag","embeddable":true,"href":"https:\/\/www.bfv.cloud\/ajedrezeuropa\/wp-json\/wp\/v2\/tags?post=2095"}],"curies":[{"name":"wp","href":"https:\/\/api.w.org\/{rel}","templated":true}]}}