{"id":2101,"date":"2010-09-06T22:43:00","date_gmt":"2010-09-06T22:43:00","guid":{"rendered":"https:\/\/www.bfv.cloud\/ajedrezeuropa\/index.php\/2010\/09\/06\/exito-del-iii-festival-nuestro-ajedrez-en-europa-viii-torneo-de-ferias-de-alcazar\/"},"modified":"2025-11-20T10:42:23","modified_gmt":"2025-11-20T10:42:23","slug":"exito-del-iii-festival-nuestro-ajedrez-en-europa-viii-torneo-de-ferias-de-alcazar","status":"publish","type":"post","link":"https:\/\/www.bfv.cloud\/ajedrezeuropa\/exito-del-iii-festival-nuestro-ajedrez-en-europa-viii-torneo-de-ferias-de-alcazar\/","title":{"rendered":"\u00c9XITO DEL III FESTIVAL \u00abNUESTRO AJEDREZ EN EUROPA\u00bb (VIII TORNEO DE FERIAS DE ALC\u00c1ZAR)"},"content":{"rendered":"<div class=\"separator\" style=\"clear: both;text-align: center\"><a href=\"https:\/\/www.bfv.cloud\/ajedrezeuropa\/wp-content\/uploads\/2010\/09\/SALADEALCC381ZARII.jpg\" style=\"clear: left;float: left;margin-bottom: 1em;margin-right: 1em\"><img fetchpriority=\"high\" decoding=\"async\" border=\"0\" height=\"300\" src=\"https:\/\/blogger.googleusercontent.com\/img\/b\/R29vZ2xl\/AVvXsEjpCNEaDhHn4_UqX96JGYXAz6pZtnBoZLpAFBIhxiaFPuWHsyG1YUztQDXXkDDIVTsK56BsEbrbdeBXDahQNNnM4q6tD3uFx2r7p2Z8wlS6tGOBEw-5zln-WlM7aqtxC0GAdp59xiJBJ-g\/s400\/SALA+DE+ALC%C3%81ZAR+II.jpg\" width=\"400\" \/><\/a>El pasado domingo, 5 de septiembre, en el centro c\u00edvico de Alc\u00e1zar de San Juan, tuvo lugar el III FESTIVAL INFANTIL Y JUVENIL NUESTRO AJEDREZ EN EUROPA. Cabe destacar la gran afluencia de participantes de los clubes m\u00e1s representativos de nuestra comunidad aut\u00f3noma dedicados a la promoci\u00f3n del ajedrez entre los chicos y chicas castellano-manchegos. Un total de 80 jugadores de edades comprendidas entre los 6 y los 16 a\u00f1os, han disputado un torneo muy igualado hasta la ronda 7\u00aa y \u00faltima que defini\u00f3 claramente el equipo campe\u00f3n. Durante la jornada, asistieron a las partidas distintas personalidades de la corporaci\u00f3n municipal alcazare\u00f1a, su alcalde, Jos\u00e9 Fernando S\u00e1nchez B\u00f3dalo, la concejala de Cultura y Festejos, Rosa Castro, el concejal de deportes, Mat\u00edas L\u00f3pez y la concejala de Bienestar Social, \u00c1ngeles Miranda, han sido algunos de ellos. <\/div>\n<div class=\"separator\" style=\"clear: both;text-align: center\">De nuevo el campeonato fue para el equipo de nuestras escuelas de ajedrez de Alc\u00e1zar y Villafranca con un total de 49 puntos, aventajando en 8 puntos al 2\u00ba clasificado, Tomelloso, en 8,5 al tercero, Bargas, en 9 puntos al 4\u00ba, Parque Sur de Albacete y en 15 puntos al 5\u00ba clasificado, Almagro. Este es el segundo a\u00f1o consecutivo que el torneo orienta sus premios econ\u00f3micos a favorecer la asistencia de los clubes al Campeonato de Espa\u00f1a por Equipos de Clubes Sub-16 que, anualmente, se celebra durante el mes de diciembre en el Hotel Bali de Benidorm. Al igual que el pasado a\u00f1o, el importe del primer premio \u00edntegro ganado por \u00abNuestro Ajedrez en Europa\u00bb ser\u00e1 dedicado a la presencia de los chicos y chicas sub-16 en la fase final de este campeonato nacional. Al margen de los 5 premios por equipos, consistentes en 900 euros para el vencedor, 700 para el segundo, 400 al tercero, 300 al cuarto y 200 al quinto clasificado, se han entregado 3 premios individuales con suscripciones gratuitas de 6 meses a la decana de las revistas nacionales&nbsp;especializadas en el mundo del ajedrez, Jaque. Igualmente se entregaron recuerdos artesanales y revistas de Jaque a cada uno de los participantes. Por \u00faltimo, queremos agradecer la presencia de todos los chicos y chicas que han convertido a esta 3\u00aa edici\u00f3n de nuestro festival en un acontecimiento \u00fanico en el ajedrez de nuestra regi\u00f3n.<\/div>\n<div class=\"separator\" style=\"clear: both;text-align: center\">\n<\/div>\n<p><\/p>\n<div class=\"separator\" style=\"clear: both;text-align: center\"><a href=\"https:\/\/www.bfv.cloud\/ajedrezeuropa\/wp-content\/uploads\/2010\/09\/FOTOPablitoySantiaguito.jpg\" style=\"clear: right;float: right;margin-bottom: 1em;margin-left: 1em\"><img decoding=\"async\" border=\"0\" height=\"300\" src=\"https:\/\/blogger.googleusercontent.com\/img\/b\/R29vZ2xl\/AVvXsEgtyPHLHeKysAcmiLYTnk6hNKUP3jmV_sPO9GbyFXvCvi6MCDkS9XzTe2BjEJFa9gZQPPoUStEzLh4ifkeEOhh96ztsbfNt2wmSQZ4MPZQjPTVs2f6V_wfRao1J9a04fPxQhXnS5wXa8PQ\/s400\/FOTO+Pablito+y+Santiaguito.JPG\" width=\"400\" \/><\/a><\/div>\n<p>En la foto de la derecha,se puede ver al campe\u00f3n individual del torneo y primer tablero de nuestro equipo, Santiago Talavera, acompa\u00f1ado del segundo clasificado invidual, Pablo Onta\u00f1\u00f3n, representante del club de Parque Sur.<\/p>\n","protected":false},"excerpt":{"rendered":"<p>El pasado domingo, 5 de septiembre, en el centro c\u00edvico de Alc\u00e1zar de San Juan, tuvo lugar el III FESTIVAL INFANTIL Y JUVENIL NUESTRO AJEDREZ EN EUROPA. Cabe destacar la gran afluencia de participantes de los clubes m\u00e1s representativos de nuestra comunidad aut\u00f3noma dedicados a la promoci\u00f3n del ajedrez entre los chicos y chicas castellano-manchegos. [&hellip;]<\/p>\n","protected":false},"author":1,"featured_media":2102,"comment_status":"open","ping_status":"closed","sticky":false,"template":"","format":"standard","meta":{"footnotes":""},"categories":[1],"tags":[],"class_list":["post-2101","post","type-post","status-publish","format-standard","has-post-thumbnail","hentry","category-noticias"],"_links":{"self":[{"href":"https:\/\/www.bfv.cloud\/ajedrezeuropa\/wp-json\/wp\/v2\/posts\/2101","targetHints":{"allow":["GET"]}}],"collection":[{"href":"https:\/\/www.bfv.cloud\/ajedrezeuropa\/wp-json\/wp\/v2\/posts"}],"about":[{"href":"https:\/\/www.bfv.cloud\/ajedrezeuropa\/wp-json\/wp\/v2\/types\/post"}],"author":[{"embeddable":true,"href":"https:\/\/www.bfv.cloud\/ajedrezeuropa\/wp-json\/wp\/v2\/users\/1"}],"replies":[{"embeddable":true,"href":"https:\/\/www.bfv.cloud\/ajedrezeuropa\/wp-json\/wp\/v2\/comments?post=2101"}],"version-history":[{"count":1,"href":"https:\/\/www.bfv.cloud\/ajedrezeuropa\/wp-json\/wp\/v2\/posts\/2101\/revisions"}],"predecessor-version":[{"id":2104,"href":"https:\/\/www.bfv.cloud\/ajedrezeuropa\/wp-json\/wp\/v2\/posts\/2101\/revisions\/2104"}],"wp:featuredmedia":[{"embeddable":true,"href":"https:\/\/www.bfv.cloud\/ajedrezeuropa\/wp-json\/wp\/v2\/media\/2102"}],"wp:attachment":[{"href":"https:\/\/www.bfv.cloud\/ajedrezeuropa\/wp-json\/wp\/v2\/media?parent=2101"}],"wp:term":[{"taxonomy":"category","embeddable":true,"href":"https:\/\/www.bfv.cloud\/ajedrezeuropa\/wp-json\/wp\/v2\/categories?post=2101"},{"taxonomy":"post_tag","embeddable":true,"href":"https:\/\/www.bfv.cloud\/ajedrezeuropa\/wp-json\/wp\/v2\/tags?post=2101"}],"curies":[{"name":"wp","href":"https:\/\/api.w.org\/{rel}","templated":true}]}}