{"id":2107,"date":"2017-08-05T10:20:00","date_gmt":"2017-08-05T10:20:00","guid":{"rendered":"https:\/\/www.bfv.cloud\/ajedrezeuropa\/index.php\/2017\/08\/05\/la-junta-de-castilla-la-mancha-visita-el-campus-durante-las-jornadas-de-villafranca\/"},"modified":"2025-11-20T10:42:26","modified_gmt":"2025-11-20T10:42:26","slug":"la-junta-de-castilla-la-mancha-visita-el-campus-durante-las-jornadas-de-villafranca","status":"publish","type":"post","link":"https:\/\/www.bfv.cloud\/ajedrezeuropa\/la-junta-de-castilla-la-mancha-visita-el-campus-durante-las-jornadas-de-villafranca\/","title":{"rendered":"LA JUNTA DE CASTILLA-LA MANCHA VISITA EL CAMPUS DURANTE LAS JORNADAS DE VILLAFRANCA"},"content":{"rendered":"<table align=\"center\" cellpadding=\"0\" cellspacing=\"0\" class=\"tr-caption-container\" style=\"margin-left: auto;margin-right: auto;text-align: center\">\n<tbody>\n<tr>\n<td style=\"text-align: center\"><a href=\"https:\/\/www.bfv.cloud\/ajedrezeuropa\/wp-content\/uploads\/2017\/08\/SAM_3429.jpg\" style=\"margin-left: auto;margin-right: auto\"><img fetchpriority=\"high\" decoding=\"async\" border=\"0\" data-original-height=\"697\" data-original-width=\"1600\" height=\"278\" src=\"https:\/\/blogger.googleusercontent.com\/img\/b\/R29vZ2xl\/AVvXsEgeSaHeKT1Hq95-nHDumd1wD9K_q1ucAZqb5yvLxt1pUKPHd8C9KIO9opHDeJHZcm5P9uccHpRU-wtVFvW7Yyu45xfP3dcwoCaB5rYdy7aXK9rGdskvPc7HAvJjZiJrnErGs0Zh9zSia3Y\/s640\/SAM_3429.JPG\" width=\"640\" \/><\/a><\/td>\n<\/tr>\n<tr>\n<td class=\"tr-caption\" style=\"text-align: center\">Entrenadores, monitores y alumnos juntos fomentando el deporte en Castilla-La Mancha<\/td>\n<\/tr>\n<\/tbody>\n<\/table>\n<p>&nbsp;<span style=\"font-family: Trebuchet MS, sans-serif;font-size: x-large\">Ayer por la ma\u00f1ana, mientras se desarrollaban las clases en Villafranca, visit\u00f3 nuestro campus, Luis Jos\u00e9 Garc\u00eda-Morato, en representaci\u00f3n de la Direcci\u00f3n General de Deportes de JCCM.&nbsp;<\/span><br \/>\n<span style=\"font-family: Trebuchet MS, sans-serif;font-size: x-large\">El apoyo institucional con el que cuenta el proyecto Nuestro Ajedrez en Europa viene de lejos, aunque actualmente se est\u00e1 haciendo mucho m\u00e1s visible debido al seguimiento permanente de todas las actividades que realizamos, ya sea en el campo deportivo, en el educativo o en el cultural.<\/span><br \/>\n<span style=\"font-family: Trebuchet MS, sans-serif;font-size: x-large\">\u00a1Gracias a todos por vuestro inter\u00e9s!<\/span><\/p>\n<table align=\"center\" cellpadding=\"0\" cellspacing=\"0\" class=\"tr-caption-container\" style=\"margin-left: auto;margin-right: auto;text-align: center\">\n<tbody>\n<tr>\n<td style=\"text-align: center\"><a href=\"https:\/\/www.bfv.cloud\/ajedrezeuropa\/wp-content\/uploads\/2017\/08\/SAM_3432.jpg\" style=\"margin-left: auto;margin-right: auto\"><img decoding=\"async\" border=\"0\" data-original-height=\"1088\" data-original-width=\"1600\" height=\"434\" src=\"https:\/\/blogger.googleusercontent.com\/img\/b\/R29vZ2xl\/AVvXsEh_rIxpTLyGAs76ORWpivOfu9vJNiyA9BpsYUBZIHuzOPfqfJ7zKeobcsQjnmyMHVZCEiv5j8cR15lyDaQJbDwsn7gESeye7QlEUfjJPKOYgSjz-2VNvdxTds_4cR0EMnW3K48l_WEiIyc\/s640\/SAM_3432.JPG\" width=\"640\" \/><\/a><\/td>\n<\/tr>\n<tr>\n<td class=\"tr-caption\" style=\"text-align: center\">El alcalde de Villafranca, Juli\u00e1n Bola\u00f1os, se sum\u00f3 a la foto con el representante de la Junta de Castilla-La Mancha y<br \/>los entrenadores del campus<\/td>\n<\/tr>\n<\/tbody>\n<\/table>\n<p><\/p>\n","protected":false},"excerpt":{"rendered":"<p>Entrenadores, monitores y alumnos juntos fomentando el deporte en Castilla-La Mancha &nbsp;Ayer por la ma\u00f1ana, mientras se desarrollaban las clases en Villafranca, visit\u00f3 nuestro campus, Luis Jos\u00e9 Garc\u00eda-Morato, en representaci\u00f3n de la Direcci\u00f3n General de Deportes de JCCM.&nbsp; El apoyo institucional con el que cuenta el proyecto Nuestro Ajedrez en Europa viene de lejos, aunque [&hellip;]<\/p>\n","protected":false},"author":1,"featured_media":2108,"comment_status":"open","ping_status":"closed","sticky":false,"template":"","format":"standard","meta":{"footnotes":""},"categories":[1],"tags":[],"class_list":["post-2107","post","type-post","status-publish","format-standard","has-post-thumbnail","hentry","category-noticias"],"_links":{"self":[{"href":"https:\/\/www.bfv.cloud\/ajedrezeuropa\/wp-json\/wp\/v2\/posts\/2107","targetHints":{"allow":["GET"]}}],"collection":[{"href":"https:\/\/www.bfv.cloud\/ajedrezeuropa\/wp-json\/wp\/v2\/posts"}],"about":[{"href":"https:\/\/www.bfv.cloud\/ajedrezeuropa\/wp-json\/wp\/v2\/types\/post"}],"author":[{"embeddable":true,"href":"https:\/\/www.bfv.cloud\/ajedrezeuropa\/wp-json\/wp\/v2\/users\/1"}],"replies":[{"embeddable":true,"href":"https:\/\/www.bfv.cloud\/ajedrezeuropa\/wp-json\/wp\/v2\/comments?post=2107"}],"version-history":[{"count":1,"href":"https:\/\/www.bfv.cloud\/ajedrezeuropa\/wp-json\/wp\/v2\/posts\/2107\/revisions"}],"predecessor-version":[{"id":2110,"href":"https:\/\/www.bfv.cloud\/ajedrezeuropa\/wp-json\/wp\/v2\/posts\/2107\/revisions\/2110"}],"wp:featuredmedia":[{"embeddable":true,"href":"https:\/\/www.bfv.cloud\/ajedrezeuropa\/wp-json\/wp\/v2\/media\/2108"}],"wp:attachment":[{"href":"https:\/\/www.bfv.cloud\/ajedrezeuropa\/wp-json\/wp\/v2\/media?parent=2107"}],"wp:term":[{"taxonomy":"category","embeddable":true,"href":"https:\/\/www.bfv.cloud\/ajedrezeuropa\/wp-json\/wp\/v2\/categories?post=2107"},{"taxonomy":"post_tag","embeddable":true,"href":"https:\/\/www.bfv.cloud\/ajedrezeuropa\/wp-json\/wp\/v2\/tags?post=2107"}],"curies":[{"name":"wp","href":"https:\/\/api.w.org\/{rel}","templated":true}]}}