{"id":2111,"date":"2016-05-03T23:13:00","date_gmt":"2016-05-03T23:13:00","guid":{"rendered":"https:\/\/www.bfv.cloud\/ajedrezeuropa\/index.php\/2016\/05\/03\/dos-nuevos-campeonatos-por-equipos-para-nuestros-clubes-durante-el-mes-de-mayo\/"},"modified":"2025-11-20T10:42:28","modified_gmt":"2025-11-20T10:42:28","slug":"dos-nuevos-campeonatos-por-equipos-para-nuestros-clubes-durante-el-mes-de-mayo","status":"publish","type":"post","link":"https:\/\/www.bfv.cloud\/ajedrezeuropa\/dos-nuevos-campeonatos-por-equipos-para-nuestros-clubes-durante-el-mes-de-mayo\/","title":{"rendered":"DOS NUEVOS CAMPEONATOS POR EQUIPOS PARA NUESTROS CLUBES DURANTE EL MES DE MAYO"},"content":{"rendered":"<div class=\"separator\" style=\"clear: both;text-align: center\">\n<a href=\"https:\/\/www.bfv.cloud\/ajedrezeuropa\/wp-content\/uploads\/2016\/05\/cartelcampeonato.jpg\" style=\"clear: left;float: left;margin-bottom: 1em;margin-right: 1em\"><img fetchpriority=\"high\" decoding=\"async\" border=\"0\" height=\"400\" src=\"https:\/\/blogger.googleusercontent.com\/img\/b\/R29vZ2xl\/AVvXsEjVigCAeSmBa7jwuNILCSenGs-kBLOvea1ZFMGCVdSPP-pimoZkRq_6FOAtZ9MUPdOt1ItSeCiFXhfbAG99syoEBBO38bc5U_5ErIMs-D2LfuZvngvZsLnR0S3NqJkdtD3veOQPJGwTLOk\/s400\/cartel+campeonato.jpg\" width=\"281\" \/><\/a><\/div>\n<div style=\"margin-bottom: .0001pt;margin: 0cm;text-align: justify\">\n<b><u><span style=\", sans-serif;font-size: 13.5pt\">Empezamos<br \/>\ncon el PROVINCIAL POR EQUIPOS SUB-16 DE TOLEDO\u2026<\/span><\/u><\/b><\/div>\n<div style=\"margin-bottom: .0001pt;margin: 0cm;text-align: justify\">\n<\/div>\n<div style=\"margin-bottom: .0001pt;margin: 0cm;text-align: justify\">\n<span style=\"font-size: 14.0pt\">Este<br \/>\nmes de mayo se abre con retos muy importantes para los equipos de los clubes<br \/>\nque integran el proyecto <span style=\"color: blue\">NUESTRO AJEDREZ EN EUROPA<\/span>.<br \/>\nEl pr\u00f3ximo s\u00e1bado 7 de mayo, en la ciudad de Toledo, se jugar\u00e1 la 6\u00aa edici\u00f3n<br \/>\ndel CAMPEONATO PROVINCIAL POR EQUIPOS SUB-16 con la participaci\u00f3n de las<br \/>\nformaciones de esta categor\u00eda de <span style=\"color: blue\">NUESTRO AJEDREZ EN<br \/>\nEUROPA y NUESTRO AJEDREZ POR LA IGUALDAD.<\/span><\/span><\/div>\n<div style=\"margin-bottom: .0001pt;margin: 0cm;text-align: justify\">\n<\/div>\n<div style=\"margin-bottom: .0001pt;margin: 0cm;text-align: justify\">\n<span style=\"font-size: 14.0pt\">En<br \/>\nla temporada 2015, \u201cEuropa\u201d, se alzaba con el t\u00edtulo de la categor\u00eda y<br \/>\nacompa\u00f1ado de \u201cLa Igualdad\u201d acud\u00edan al Regional Sub-16 por Equipos de Albacete<br \/>\nobteniendo la 5\u00aa y la 10\u00aa plaza, respectivamente.<\/span><span style=\", sans-serif;font-size: 14pt\">&nbsp;<\/span><\/div>\n<div style=\"margin-bottom: .0001pt;margin: 0cm;text-align: justify\">\n<span style=\"font-size: 14.0pt\">Uno<br \/>\nde los objetivos en 2016 ha sido consolidar los equipos, dando continuidad a<br \/>\nlos jugadores en sus clubes para favorecer el proceso de mejora y crecimiento<br \/>\nde cada uno de ellos individualmente. En el aspecto colectivo, esta forma de<br \/>\nentender la formaci\u00f3n de los alumnos de las escuelas de ajedrez de Alc\u00e1zar y<br \/>\nVillafranca impulsa el trabajo en equipo y la colaboraci\u00f3n entre compa\u00f1eros.<\/span><\/div>\n<div style=\"margin-bottom: .0001pt;margin: 0cm;text-align: justify\">\n<\/div>\n<div style=\"margin-bottom: .0001pt;margin: 0cm;text-align: justify\">\n<span style=\"font-size: 14.0pt\">El<br \/>\norden de fuerza que presentan los equipos son estos:<\/span><span style=\", sans-serif;font-size: 14pt\">&nbsp;<\/span><\/div>\n<div align=\"center\" style=\"margin-bottom: .0001pt;margin: 0cm;text-align: center\">\n<b><u><span style=\"color: #002060;font-size: 14.0pt\">CD<br \/>\nNUESTRO AJEDREZ EN EUROPA<\/span><\/u><\/b><span style=\"font-size: 14.0pt\"><\/span><\/div>\n<div align=\"center\" style=\"margin-bottom: .0001pt;margin: 0cm;text-align: center\">\n<span style=\"color: navy;font-size: 14.0pt\">1.- Roberto L\u00f3pez N\u00fa\u00f1ez <\/span><\/div>\n<div align=\"center\" style=\"margin-bottom: .0001pt;margin: 0cm;text-align: center\">\n<span style=\"color: navy;font-size: 14.0pt\">2.- Alfredo Amador And\u00fajar<\/span><\/div>\n<div align=\"center\" style=\"margin-bottom: .0001pt;margin: 0cm;text-align: center\">\n<span style=\"color: navy;font-size: 14.0pt\">3.- Irene Sim\u00f3n Escalona <\/span><\/div>\n<div align=\"center\" style=\"margin-bottom: .0001pt;margin: 0cm;text-align: center\">\n<span style=\"color: navy;font-size: 14.0pt\">4.- Arturo Mate Mart\u00edn<\/span><\/div>\n<div align=\"center\" style=\"margin-bottom: .0001pt;margin: 0cm;text-align: center\">\n<span style=\"color: navy;font-size: 14.0pt\">5.- Julio M\u00e9rida Ortiz<\/span><\/div>\n<div align=\"center\" style=\"margin-bottom: .0001pt;margin: 0cm;text-align: center\">\n<span style=\"color: navy;font-size: 14.0pt\">6.- Marta Espinosa Gil<\/span><\/div>\n<div style=\"margin-bottom: .0001pt;margin: 0cm;text-align: justify\">\n<\/div>\n<div align=\"center\" style=\"margin-bottom: .0001pt;margin: 0cm;text-align: center\">\n<b><u><span style=\"color: #002060;font-size: 14.0pt\">CD NUESTRO AJEDREZ POR LA IGUALDAD<\/span><\/u><\/b><b><span style=\"font-size: 14.0pt\"><\/span><\/b><\/div>\n<div align=\"center\" style=\"margin-bottom: .0001pt;margin: 0cm;text-align: center\">\n<span style=\"color: navy;font-size: 14.0pt\">1.- Alonso L\u00f3pez N\u00fa\u00f1ez <\/span><\/div>\n<div align=\"center\" style=\"margin-bottom: .0001pt;margin: 0cm;text-align: center\">\n<span style=\"color: navy;font-size: 14.0pt\">2.- Enrique Velasco Aragon\u00e9s <\/span><\/div>\n<div align=\"center\" style=\"margin-bottom: .0001pt;margin: 0cm;text-align: center\">\n<span style=\"color: navy;font-size: 14.0pt\">3.- Nuria Lozano Serrano <\/span><\/div>\n<div align=\"center\" style=\"margin-bottom: .0001pt;margin: 0cm;text-align: center\">\n<span style=\"color: navy;font-size: 14.0pt\">4.- Isabel Marcos-Alberca Lizcano<\/span><\/div>\n<div align=\"center\" style=\"margin-bottom: .0001pt;margin: 0cm;text-align: center\">\n<span style=\"color: navy;font-size: 14.0pt\">5.- Julia Meza Osorio<\/span><\/div>\n<div align=\"center\" style=\"margin-bottom: .0001pt;margin: 0cm;text-align: center\">\n<span style=\"color: navy;font-size: 14.0pt\">6.- Mar\u00eda Oliver Ropero<\/span><\/div>\n<div align=\"center\" style=\"margin-bottom: .0001pt;margin: 0cm;text-align: center\">\n<span style=\"color: navy;, sans-serif;font-size: 14pt\">7.- Gabriel Amador And\u00fajar<\/span><\/p>\n<div style=\"text-align: left\">\n<span style=\", sans-serif;font-size: 14pt\">Para seguir toda la informaci\u00f3n con los emparejamientos ronda a ronda:<\/span><\/div>\n<h4 style=\"text-align: center\">\n<span style=\", sans-serif;font-size: 14pt\"><a href=\"http:\/\/www.chess-results.com\/tnr220539.aspx?lan=2&amp;art=2&amp;wi=821\">CAMPEONATO POR EQUIPOS SUB-16 TOLEDO &#8211; EMPAREJAMIENTOS<\/a><\/span><\/h4>\n<\/div>\n","protected":false},"excerpt":{"rendered":"<p>Empezamos con el PROVINCIAL POR EQUIPOS SUB-16 DE TOLEDO\u2026 Este mes de mayo se abre con retos muy importantes para los equipos de los clubes que integran el proyecto NUESTRO AJEDREZ EN EUROPA. El pr\u00f3ximo s\u00e1bado 7 de mayo, en la ciudad de Toledo, se jugar\u00e1 la 6\u00aa edici\u00f3n del CAMPEONATO PROVINCIAL POR EQUIPOS SUB-16 [&hellip;]<\/p>\n","protected":false},"author":1,"featured_media":2112,"comment_status":"open","ping_status":"closed","sticky":false,"template":"","format":"standard","meta":{"footnotes":""},"categories":[1],"tags":[],"class_list":["post-2111","post","type-post","status-publish","format-standard","has-post-thumbnail","hentry","category-noticias"],"_links":{"self":[{"href":"https:\/\/www.bfv.cloud\/ajedrezeuropa\/wp-json\/wp\/v2\/posts\/2111","targetHints":{"allow":["GET"]}}],"collection":[{"href":"https:\/\/www.bfv.cloud\/ajedrezeuropa\/wp-json\/wp\/v2\/posts"}],"about":[{"href":"https:\/\/www.bfv.cloud\/ajedrezeuropa\/wp-json\/wp\/v2\/types\/post"}],"author":[{"embeddable":true,"href":"https:\/\/www.bfv.cloud\/ajedrezeuropa\/wp-json\/wp\/v2\/users\/1"}],"replies":[{"embeddable":true,"href":"https:\/\/www.bfv.cloud\/ajedrezeuropa\/wp-json\/wp\/v2\/comments?post=2111"}],"version-history":[{"count":1,"href":"https:\/\/www.bfv.cloud\/ajedrezeuropa\/wp-json\/wp\/v2\/posts\/2111\/revisions"}],"predecessor-version":[{"id":2113,"href":"https:\/\/www.bfv.cloud\/ajedrezeuropa\/wp-json\/wp\/v2\/posts\/2111\/revisions\/2113"}],"wp:featuredmedia":[{"embeddable":true,"href":"https:\/\/www.bfv.cloud\/ajedrezeuropa\/wp-json\/wp\/v2\/media\/2112"}],"wp:attachment":[{"href":"https:\/\/www.bfv.cloud\/ajedrezeuropa\/wp-json\/wp\/v2\/media?parent=2111"}],"wp:term":[{"taxonomy":"category","embeddable":true,"href":"https:\/\/www.bfv.cloud\/ajedrezeuropa\/wp-json\/wp\/v2\/categories?post=2111"},{"taxonomy":"post_tag","embeddable":true,"href":"https:\/\/www.bfv.cloud\/ajedrezeuropa\/wp-json\/wp\/v2\/tags?post=2111"}],"curies":[{"name":"wp","href":"https:\/\/api.w.org\/{rel}","templated":true}]}}