{"id":2114,"date":"2015-12-27T11:17:00","date_gmt":"2015-12-27T11:17:00","guid":{"rendered":"https:\/\/www.bfv.cloud\/ajedrezeuropa\/index.php\/2015\/12\/27\/la-8a-concentracion-de-navidad-reune-a-34-ajedrecistas-de-nuestras-escuelas\/"},"modified":"2025-11-20T10:42:34","modified_gmt":"2025-11-20T10:42:34","slug":"la-8a-concentracion-de-navidad-reune-a-34-ajedrecistas-de-nuestras-escuelas","status":"publish","type":"post","link":"https:\/\/www.bfv.cloud\/ajedrezeuropa\/la-8a-concentracion-de-navidad-reune-a-34-ajedrecistas-de-nuestras-escuelas\/","title":{"rendered":"\u00a1\u00a1LA 8\u00aa CONCENTRACI\u00d3N DE NAVIDAD RE\u00daNE A 34 AJEDRECISTAS DE NUESTRAS ESCUELAS!!"},"content":{"rendered":"<table align=\"center\" cellpadding=\"0\" cellspacing=\"0\" class=\"tr-caption-container\" style=\"margin-left: auto;margin-right: auto;text-align: center\">\n<tbody>\n<tr>\n<td style=\"text-align: center\"><a href=\"https:\/\/www.bfv.cloud\/ajedrezeuropa\/wp-content\/uploads\/2015\/12\/SAM_2374.jpg\" style=\"margin-left: auto;margin-right: auto\"><img fetchpriority=\"high\" decoding=\"async\" border=\"0\" height=\"176\" src=\"https:\/\/blogger.googleusercontent.com\/img\/b\/R29vZ2xl\/AVvXsEjcNY-qKFmU0TJ0VLe1fOw3BZwrAgvPFdpMGtZw7F-V-kP05hChtW2bgiaAoymovDBFiLd08FZbIJ0DUE2HhMB2BBfAyTZOTLo6S0GYpoRr7qz1mEV6LmFoP7iV43474ZIKfV_IYPyeEjY\/s640\/SAM_2374.JPG\" width=\"640\" \/><\/a><\/td>\n<\/tr>\n<tr>\n<td class=\"tr-caption\" style=\"text-align: center\">Javier, Irene, Silvia, Alonso, Roberto, Julio y Alfredo, forman uno de los grupos de tecnificaci\u00f3n<\/td>\n<\/tr>\n<\/tbody>\n<\/table>\n<p>&nbsp;<span style=\"color: blue;font-family: Georgia, Times New Roman, serif\"><b>La VIII CONCENTRACI\u00d3N DE NAVIDAD comenz\u00f3 ayer en Villafranca con 34 participantes (24 chicos y 10 chicas) distribuidos en dos grupos de tecnificaci\u00f3n, dos m\u00e1s de perfeccionamiento y otro de iniciaci\u00f3n. Los maestros y monitores encargados de la formaci\u00f3n de nuestros j\u00f3venes ajedrecistas son: el GM Herminio Herr\u00e1iz, Ana Isabel Glez Berruga, Luismi Monreal, Antonio Albo y Carlos Romo.<\/b><\/span><br \/>\n<span style=\"color: blue;font-family: Georgia, Times New Roman, serif\"><b><br \/><\/b><\/span><\/p>\n<table align=\"center\" cellpadding=\"0\" cellspacing=\"0\" class=\"tr-caption-container\" style=\"margin-left: auto;margin-right: auto;text-align: center\">\n<tbody>\n<tr>\n<td style=\"text-align: center\"><a href=\"https:\/\/www.bfv.cloud\/ajedrezeuropa\/wp-content\/uploads\/2015\/12\/SAM_2378.jpg\" style=\"margin-left: auto;margin-right: auto\"><img decoding=\"async\" border=\"0\" height=\"280\" src=\"https:\/\/blogger.googleusercontent.com\/img\/b\/R29vZ2xl\/AVvXsEiwD8TAeyA-n624u0mJ_LGLMW6x6Gg2A4GkxA0Gmc74r_HBsik9Wk5wq5nnpgQ8ci1LDE0-HCK6aizNYN5H2rJUvM8CGiEpbrFEQyDck-Zql8cw45uAFSxasXNkX836tWNFsj1BLMy0npM\/s640\/SAM_2378.JPG\" width=\"640\" \/><\/a><\/td>\n<\/tr>\n<tr>\n<td class=\"tr-caption\" style=\"text-align: center\">Samuel, Enrique, Gabriel, Pablo, Julia, Clara, Mar\u00eda, Isabel y Nuria durante una clase de Herminio<\/td>\n<\/tr>\n<\/tbody>\n<\/table>\n<p>&nbsp;<span style=\"font-family: Trebuchet MS, sans-serif\"><b>La actividad es una de las m\u00e1s importantes del programa anual del proyecto NUESTRO AJEDREZ EN EUROPA y est\u00e1 enfocada a la mejora en la capacidad de an\u00e1lisis, la concentraci\u00f3n y los conocimientos t\u00e9cnicos de los alumnos de las escuelas de Alc\u00e1zar de San Juan y Villafranca de los Caballeros.<\/b><\/span><\/p>\n<table cellpadding=\"0\" cellspacing=\"0\" class=\"tr-caption-container\" style=\"float: left;margin-right: 1em;text-align: left\">\n<tbody>\n<tr>\n<td style=\"text-align: center\"><a href=\"https:\/\/www.bfv.cloud\/ajedrezeuropa\/wp-content\/uploads\/2015\/12\/SAM_2376.jpg\" style=\"clear: left;margin-bottom: 1em;margin-left: auto;margin-right: auto\"><img decoding=\"async\" border=\"0\" height=\"195\" src=\"https:\/\/blogger.googleusercontent.com\/img\/b\/R29vZ2xl\/AVvXsEhhMtWkkSqE61p5OpEhcqGnJd9SSW1RZdmGMr-9QBkCTDXtGl70Hw834RHcDkr1sJvmfYtJwrM0aUwYqhYt0TdMYvaWxXiSw7gfFf4tUBObnDNjsuLvxi7TfznALIxguGvCbVLf6K-4Mbo\/s400\/SAM_2376.JPG\" width=\"400\" \/><\/a><\/td>\n<\/tr>\n<tr>\n<td class=\"tr-caption\" style=\"text-align: center\">Adri\u00e1n, Marco, Roberto, Nicol\u00e1s, Adri\u00e1n y Pablo forman uno de los<br \/>tres grupos de perfeccionamiento<\/td>\n<\/tr>\n<\/tbody>\n<\/table>\n<p><\/p>\n<table cellpadding=\"0\" cellspacing=\"0\" class=\"tr-caption-container\" style=\"float: right;margin-left: 1em;text-align: right\">\n<tbody>\n<tr>\n<td style=\"text-align: center\"><a href=\"https:\/\/www.bfv.cloud\/ajedrezeuropa\/wp-content\/uploads\/2015\/12\/SAM_2384.jpg\" style=\"clear: right;margin-bottom: 1em;margin-left: auto;margin-right: auto\"><img loading=\"lazy\" decoding=\"async\" border=\"0\" height=\"166\" src=\"https:\/\/blogger.googleusercontent.com\/img\/b\/R29vZ2xl\/AVvXsEjod4FUHwKbBB_S4Vtoas_Q2Y46LRurfMzftT9WFvcJ7O9CXxkZGTO3Ep9_kqcKwaAfoBbKai9cPg1mR9aU8TJYZLR7iGO5nHi1dTON4sTCyXWof8Sb7wIgkJQr7dAdsFnXYwT6X4NgCeo\/s400\/SAM_2384.JPG\" width=\"400\" \/><\/a><\/td>\n<\/tr>\n<tr>\n<td class=\"tr-caption\" style=\"text-align: center\">Roberto, Sergio, \u00c1lvaro, Francisco, Alejandro y Marta, componen<br \/>el grupo de iniciaci\u00f3n<\/td>\n<\/tr>\n<\/tbody>\n<\/table>\n<p>&nbsp;<span style=\"font-family: Trebuchet MS, sans-serif\"><b>Los d\u00edas 26, 27 y 28 de diciembre sirven para desarrollar el programa elaborado para esta 8\u00aa edici\u00f3n de la Concentraci\u00f3n de Navidad.<\/b><\/span><br \/>\n<span style=\"font-family: Trebuchet MS, sans-serif\"><b>El lunes 28, a las 11,30 de la ma\u00f1ana en el ayuntamiento de Alc\u00e1zar de San Juan, tendr\u00e1 lugar una rueda de prensa con la presencia de Rosa Melchor, alcaldesa de Alc\u00e1zar, y Juli\u00e1n Bola\u00f1os, alcalde de Villafranca, donde se informar\u00e1 de las actuaciones previstas para la nueva temporada y se recordar\u00e1n los resultados deportivos cosechados durante 2015.<\/b><\/span><\/p>\n<table cellpadding=\"0\" cellspacing=\"0\" class=\"tr-caption-container\" style=\"float: left;margin-right: 1em;text-align: left\">\n<tbody>\n<tr>\n<td style=\"text-align: center\"><a href=\"https:\/\/www.bfv.cloud\/ajedrezeuropa\/wp-content\/uploads\/2015\/12\/SAM_2382.jpg\" style=\"clear: left;margin-bottom: 1em;margin-left: auto;margin-right: auto\"><img loading=\"lazy\" decoding=\"async\" border=\"0\" height=\"343\" src=\"https:\/\/blogger.googleusercontent.com\/img\/b\/R29vZ2xl\/AVvXsEiZkWGs4g-jTdIZFO9SvxPmL5FTXMMaE17fb-rJIYWJC_o_zaz25Om4O8wfxH-oqPOOUb4vZmTizJyJoT281nlsShBniB5DcpMIy2e9FP7MUnShZurfGz0c1FT-upJa0INWmV3_Z62mM-k\/s400\/SAM_2382.JPG\" width=\"400\" \/><\/a><\/td>\n<\/tr>\n<tr>\n<td class=\"tr-caption\" style=\"text-align: center\">\u00c1ngel, Daniel, Mateo, Lauren, Aurora y Roc\u00edo, en una de las clases<\/td>\n<\/tr>\n<\/tbody>\n<\/table>\n<p><span style=\"font-family: Georgia, Times New Roman, serif\"><b><br \/><\/b><\/span><br \/>\n<span style=\"font-family: Georgia, Times New Roman, serif\"><b><br \/><\/b><\/span><br \/>\n<span style=\"font-family: Georgia, Times New Roman, serif\"><b><br \/><\/b><\/span><br \/>\n<span style=\"font-family: Georgia, Times New Roman, serif\"><b><br \/><\/b><\/span><br \/>\n<span style=\"font-family: Georgia, Times New Roman, serif\"><b><br \/><\/b><\/span><br \/>\n<span style=\"font-family: Georgia, Times New Roman, serif\"><b>Esta rueda de prensa tambi\u00e9n contar\u00e1 con la participaci\u00f3n de varios de los chicos y chicas que forman parte de los distintos equipos que nos representan en las distintas competiciones de cada temporada.<\/b><\/span><br \/>\n<span style=\"font-family: Georgia, Times New Roman, serif\"><b>El programa de actividades culminar\u00e1 el domingo 3 de enero con la celebraci\u00f3n del TORNEO DE AJEDREZ POR LA IGUALDAD, abierto a la participaci\u00f3n de todos los aficionados que se animen a acompa\u00f1arnos.<\/b><\/span><\/p>\n","protected":false},"excerpt":{"rendered":"<p>Javier, Irene, Silvia, Alonso, Roberto, Julio y Alfredo, forman uno de los grupos de tecnificaci\u00f3n &nbsp;La VIII CONCENTRACI\u00d3N DE NAVIDAD comenz\u00f3 ayer en Villafranca con 34 participantes (24 chicos y 10 chicas) distribuidos en dos grupos de tecnificaci\u00f3n, dos m\u00e1s de perfeccionamiento y otro de iniciaci\u00f3n. Los maestros y monitores encargados de la formaci\u00f3n de [&hellip;]<\/p>\n","protected":false},"author":1,"featured_media":2115,"comment_status":"open","ping_status":"closed","sticky":false,"template":"","format":"standard","meta":{"footnotes":""},"categories":[1],"tags":[],"class_list":["post-2114","post","type-post","status-publish","format-standard","has-post-thumbnail","hentry","category-noticias"],"_links":{"self":[{"href":"https:\/\/www.bfv.cloud\/ajedrezeuropa\/wp-json\/wp\/v2\/posts\/2114","targetHints":{"allow":["GET"]}}],"collection":[{"href":"https:\/\/www.bfv.cloud\/ajedrezeuropa\/wp-json\/wp\/v2\/posts"}],"about":[{"href":"https:\/\/www.bfv.cloud\/ajedrezeuropa\/wp-json\/wp\/v2\/types\/post"}],"author":[{"embeddable":true,"href":"https:\/\/www.bfv.cloud\/ajedrezeuropa\/wp-json\/wp\/v2\/users\/1"}],"replies":[{"embeddable":true,"href":"https:\/\/www.bfv.cloud\/ajedrezeuropa\/wp-json\/wp\/v2\/comments?post=2114"}],"version-history":[{"count":1,"href":"https:\/\/www.bfv.cloud\/ajedrezeuropa\/wp-json\/wp\/v2\/posts\/2114\/revisions"}],"predecessor-version":[{"id":2120,"href":"https:\/\/www.bfv.cloud\/ajedrezeuropa\/wp-json\/wp\/v2\/posts\/2114\/revisions\/2120"}],"wp:featuredmedia":[{"embeddable":true,"href":"https:\/\/www.bfv.cloud\/ajedrezeuropa\/wp-json\/wp\/v2\/media\/2115"}],"wp:attachment":[{"href":"https:\/\/www.bfv.cloud\/ajedrezeuropa\/wp-json\/wp\/v2\/media?parent=2114"}],"wp:term":[{"taxonomy":"category","embeddable":true,"href":"https:\/\/www.bfv.cloud\/ajedrezeuropa\/wp-json\/wp\/v2\/categories?post=2114"},{"taxonomy":"post_tag","embeddable":true,"href":"https:\/\/www.bfv.cloud\/ajedrezeuropa\/wp-json\/wp\/v2\/tags?post=2114"}],"curies":[{"name":"wp","href":"https:\/\/api.w.org\/{rel}","templated":true}]}}