{"id":2121,"date":"2020-08-01T17:34:00","date_gmt":"2020-08-01T17:34:00","guid":{"rendered":"https:\/\/www.bfv.cloud\/ajedrezeuropa\/index.php\/2020\/08\/01\/video-presentacion-del-xiii-campus-de-verano-nuestro-ajedrez-en-europa\/"},"modified":"2025-11-20T10:42:35","modified_gmt":"2025-11-20T10:42:35","slug":"video-presentacion-del-xiii-campus-de-verano-nuestro-ajedrez-en-europa","status":"publish","type":"post","link":"https:\/\/www.bfv.cloud\/ajedrezeuropa\/video-presentacion-del-xiii-campus-de-verano-nuestro-ajedrez-en-europa\/","title":{"rendered":"V\u00cdDEO PRESENTACI\u00d3N DEL XIII CAMPUS DE VERANO NUESTRO AJEDREZ EN EUROPA"},"content":{"rendered":"<div class=\"separator\" style=\"clear: both;text-align: center\"><iframe allowfullscreen=\"\" class=\"BLOG_video_class\" height=\"266\" src=\"https:\/\/www.youtube.com\/embed\/3Y8hkgTTs8U\" width=\"320\" youtube-src-id=\"3Y8hkgTTs8U\"><\/iframe><\/div>\n<div class=\"separator\" style=\"clear: both;text-align: center\"><\/div>\n<div class=\"separator\" style=\"clear: both;text-align: center\"><font face=\"verdana\" size=\"5\">Publicamos el v\u00eddeo que sirve para la presentaci\u00f3n de la edici\u00f3n 2020 del campus de verano.&nbsp;<\/font><\/div>\n<div class=\"separator\" style=\"clear: both;text-align: center\"><font face=\"verdana\" size=\"5\">En cumplimiento de las normativas de prevenci\u00f3n de la Covid-19 este a\u00f1o no se celebrar\u00e1n los actos de inauguraci\u00f3n y clausura.<\/font><\/div>\n<div class=\"separator\" style=\"clear: both;text-align: center\"><font face=\"verdana\" size=\"5\">A partir del lunes 3 de agosto los 25 participantes en el campus tendr\u00e1n la oportunidad de seguir form\u00e1ndose de la mano de los grandes maestros: <b><font color=\"#2b00fe\">Elizbar Ubilava<\/font><\/b> y <b><font color=\"#2b00fe\">Herminio Herr\u00e1iz<\/font><\/b>; de las preparadoras: <b><font color=\"#2b00fe\">Ana Isabel Gonz\u00e1lez<\/font><\/b> y <b><font color=\"#2b00fe\">Silvia Toribio<\/font><\/b> y de los entrenadores: <b><font color=\"#2b00fe\">Antonio Albo<\/font><\/b> y <b><font color=\"#2b00fe\">Roberto L\u00f3pez<\/font><\/b>.<\/font><\/div>\n<div class=\"separator\" style=\"clear: both;text-align: center\"><font face=\"verdana\" size=\"5\">Gracias por seguir nuestras actividades.<\/font><\/div>\n","protected":false},"excerpt":{"rendered":"<p>Publicamos el v\u00eddeo que sirve para la presentaci\u00f3n de la edici\u00f3n 2020 del campus de verano.&nbsp; En cumplimiento de las normativas de prevenci\u00f3n de la Covid-19 este a\u00f1o no se celebrar\u00e1n los actos de inauguraci\u00f3n y clausura. A partir del lunes 3 de agosto los 25 participantes en el campus tendr\u00e1n la oportunidad de seguir [&hellip;]<\/p>\n","protected":false},"author":1,"featured_media":0,"comment_status":"open","ping_status":"closed","sticky":false,"template":"","format":"standard","meta":{"footnotes":""},"categories":[1],"tags":[],"class_list":["post-2121","post","type-post","status-publish","format-standard","hentry","category-noticias"],"_links":{"self":[{"href":"https:\/\/www.bfv.cloud\/ajedrezeuropa\/wp-json\/wp\/v2\/posts\/2121","targetHints":{"allow":["GET"]}}],"collection":[{"href":"https:\/\/www.bfv.cloud\/ajedrezeuropa\/wp-json\/wp\/v2\/posts"}],"about":[{"href":"https:\/\/www.bfv.cloud\/ajedrezeuropa\/wp-json\/wp\/v2\/types\/post"}],"author":[{"embeddable":true,"href":"https:\/\/www.bfv.cloud\/ajedrezeuropa\/wp-json\/wp\/v2\/users\/1"}],"replies":[{"embeddable":true,"href":"https:\/\/www.bfv.cloud\/ajedrezeuropa\/wp-json\/wp\/v2\/comments?post=2121"}],"version-history":[{"count":1,"href":"https:\/\/www.bfv.cloud\/ajedrezeuropa\/wp-json\/wp\/v2\/posts\/2121\/revisions"}],"predecessor-version":[{"id":2122,"href":"https:\/\/www.bfv.cloud\/ajedrezeuropa\/wp-json\/wp\/v2\/posts\/2121\/revisions\/2122"}],"wp:attachment":[{"href":"https:\/\/www.bfv.cloud\/ajedrezeuropa\/wp-json\/wp\/v2\/media?parent=2121"}],"wp:term":[{"taxonomy":"category","embeddable":true,"href":"https:\/\/www.bfv.cloud\/ajedrezeuropa\/wp-json\/wp\/v2\/categories?post=2121"},{"taxonomy":"post_tag","embeddable":true,"href":"https:\/\/www.bfv.cloud\/ajedrezeuropa\/wp-json\/wp\/v2\/tags?post=2121"}],"curies":[{"name":"wp","href":"https:\/\/api.w.org\/{rel}","templated":true}]}}