{"id":2123,"date":"2019-02-26T10:22:00","date_gmt":"2019-02-26T10:22:00","guid":{"rendered":"https:\/\/www.bfv.cloud\/ajedrezeuropa\/index.php\/2019\/02\/26\/5-alcazarenos-premiados-en-el-campeonato-por-edades-de-ciudad-real\/"},"modified":"2025-11-20T10:42:45","modified_gmt":"2025-11-20T10:42:45","slug":"5-alcazarenos-premiados-en-el-campeonato-por-edades-de-ciudad-real","status":"publish","type":"post","link":"https:\/\/www.bfv.cloud\/ajedrezeuropa\/5-alcazarenos-premiados-en-el-campeonato-por-edades-de-ciudad-real\/","title":{"rendered":"5 ALCAZARE\u00d1OS PREMIADOS EN EL CAMPEONATO POR EDADES DE CIUDAD REAL"},"content":{"rendered":"<table align=\"center\" cellpadding=\"0\" cellspacing=\"0\" class=\"tr-caption-container\" style=\"margin-left: auto;margin-right: auto;text-align: center\">\n<tbody>\n<tr>\n<td style=\"text-align: center\"><a href=\"https:\/\/www.bfv.cloud\/ajedrezeuropa\/wp-content\/uploads\/2019\/02\/GRUPODEJUGADORESCONPREMIOS.jpg\" style=\"margin-left: auto;margin-right: auto\"><img fetchpriority=\"high\" decoding=\"async\" border=\"0\" data-original-height=\"523\" data-original-width=\"886\" height=\"374\" src=\"https:\/\/blogger.googleusercontent.com\/img\/b\/R29vZ2xl\/AVvXsEgzWw15WluZghRKlsazIpxMHNfEwDGGo09JIUjN_TxtFb_XaZTLqdXlCmzf5miZFzivSWihMpmGOFT1_Wtv_JDbqCcqR2PrBXvkRb-CELpHH1jXkYcsyojn7TwV42pLEdmspR9Nl6hGdxQ\/s640\/GRUPO+DE+JUGADORES+CON+PREMIOS.jpg\" width=\"640\" \/><\/a><\/td>\n<\/tr>\n<tr>\n<td class=\"tr-caption\" style=\"text-align: center\">Los 5 premiados junto a otros compa\u00f1eros de club<\/td>\n<\/tr>\n<\/tbody>\n<\/table>\n<p><span style=\", sans-serif;font-size: large\">El recientemente finalizado Campeonato Provincial por Edades de Ciudad Real ha dejado 5 trofeos para la escuela de ajedrez alcazare\u00f1a.&nbsp;<\/p>\n<table cellpadding=\"0\" cellspacing=\"0\" class=\"tr-caption-container\" style=\"float: right;margin-left: 1em;text-align: right\">\n<tbody>\n<tr>\n<td style=\"text-align: center\"><a href=\"https:\/\/www.bfv.cloud\/ajedrezeuropa\/wp-content\/uploads\/2019\/02\/IMG_20190224_121553_resized_20190224_010225577.jpg\" style=\"clear: right;margin-bottom: 1em;margin-left: auto;margin-right: auto\"><img decoding=\"async\" border=\"0\" data-original-height=\"1152\" data-original-width=\"864\" height=\"320\" src=\"https:\/\/blogger.googleusercontent.com\/img\/b\/R29vZ2xl\/AVvXsEjgZk5ZkNBXDdgd1oq9yiyDqDEgm2a35EZGJLzWDSQDcr8pP286EzWBFpvBcpfHtFJbIQ9BxhY7iQda0r_VCbIBzBlKSmQN2JRhi2I1408t5g3twNWs8eXQCP5SlyAVl55V3Wib-ivRolg\/s320\/IMG_20190224_121553_resized_20190224_010225577.jpg\" width=\"240\" \/><\/a><\/td>\n<\/tr>\n<tr>\n<td class=\"tr-caption\" style=\"text-align: center\">Angel Collado<\/td>\n<\/tr>\n<\/tbody>\n<\/table>\n<p><\/span><br \/>\n<span style=\", sans-serif;font-size: large\"><b><u>3 subcampeones y 2 terceros puestos<\/u><\/b><\/span><br \/>\n<span style=\", sans-serif;font-size: large\">Los premios fueron obtenidos por: <b>\u00c1ngel Collado<\/b>, subcampe\u00f3n sub-12, sin ninguna derrota y empatado a puntos con el primer clasificado en su primera participaci\u00f3n en esta competici\u00f3n; <b>Isabel Marcos-Alberca<\/b>, subcampeona juvenil; <b>Clara Vela<\/b>, subcampeona sub-16; <b>Adela Collado<\/b>, 3\u00aa clasificada sub-16, tambi\u00e9n como debutante, y <b>Marta Vela<\/b>, 3\u00aa clasificada sub-14.<\/span><br \/>\n<span style=\", sans-serif;font-size: large\"><b><u>Otras actuaciones destacadas<\/u><\/b><\/span><\/p>\n<table cellpadding=\"0\" cellspacing=\"0\" class=\"tr-caption-container\" style=\"float: left;margin-right: 1em;text-align: left\">\n<tbody>\n<tr>\n<td style=\"text-align: center\"><a href=\"https:\/\/www.bfv.cloud\/ajedrezeuropa\/wp-content\/uploads\/2019\/02\/IMG_20190224_113955_resized_20190224_010224110.jpg\" style=\"clear: left;margin-bottom: 1em;margin-left: auto;margin-right: auto\"><img decoding=\"async\" border=\"0\" data-original-height=\"1152\" data-original-width=\"864\" height=\"320\" src=\"https:\/\/blogger.googleusercontent.com\/img\/b\/R29vZ2xl\/AVvXsEhz_4usWn3pY0aCiGAk3sds9KTW1sq1vNm9M8bCE1JicYZsYhsxvVGh30JrIugVvRb_ArpIAPlmtAmlfoDk_2jmDih8yM9Ro_87Irur5Gzd28niKsOjo8F6BgUiSTxUkgxuG4uOMg8gA74\/s320\/IMG_20190224_113955_resized_20190224_010224110.jpg\" width=\"240\" \/><\/a><\/td>\n<\/tr>\n<tr>\n<td class=\"tr-caption\" style=\"text-align: center\">Luis Arias<\/td>\n<\/tr>\n<\/tbody>\n<\/table>\n<p><span style=\", sans-serif;font-size: large\">Entre los jugadores que compitieron por primera vez en competiciones provinciales destacaron los resultados de: <b>Jos\u00e9 Miguel Romero<\/b> en el sub-8, 5\u00ba puesto, y de <b>Luis Arias<\/b>, 19\u00ba en el sub-10. En categor\u00eda sub-14, el resto de jugadores de la escuela de ajedrez de Alc\u00e1zar, quedaron as\u00ed: <b>Adri\u00e1n Alhambra<\/b>, 14\u00ba; <b>Carlos Vela<\/b>, 21\u00ba, y <b>Alejandro Romero<\/b>, 23\u00ba.<\/span><br \/>\n<span style=\", sans-serif;font-size: large\">Dentro del sub-16, <b>Roberto Yeghiazaryan<\/b> y <b>Arsenio L\u00f3pez <\/b>obtuvieron la 8\u00aa y 9\u00aa plaza. Mientras que en el juvenil (sub-18), <b>Pablo Vela<\/b>, quedaba 8\u00ba.&nbsp;<\/span><br \/>\n<span style=\"font-family: trebuchet ms, sans-serif;font-size: large\">Esperamos una amplia participaci\u00f3n de los chicos y chicas de las escuelas de ajedrez de Nuestro Ajedrez en Europa en el pr\u00f3ximo Campeonato Regional por Edades que se celebrar\u00e1 del 12 al 15 de abril en la localidad toledana de Torrijos.<\/span><span style=\", sans-serif;font-size: large\"><\/p>\n<table cellpadding=\"0\" cellspacing=\"0\" class=\"tr-caption-container\" style=\"float: left;margin-right: 1em;text-align: left\">\n<tbody>\n<tr>\n<td style=\"text-align: center\"><a href=\"https:\/\/www.bfv.cloud\/ajedrezeuropa\/wp-content\/uploads\/2019\/02\/IMG_20190224_121714_resized_20190224_010141041.jpg\" style=\"clear: left;margin-bottom: 1em;margin-left: auto;margin-right: auto\"><img loading=\"lazy\" decoding=\"async\" border=\"0\" data-original-height=\"1152\" data-original-width=\"864\" height=\"320\" src=\"https:\/\/blogger.googleusercontent.com\/img\/b\/R29vZ2xl\/AVvXsEgBqk6WejemJ7f0bur_62neWJtRxjvRWDiLp1j9QR_ioDwYbwMinCh7tfabl5p-B9Ma9A2VuCgD0M1WIcFRGf6xuY2Ev_hIhL0fD-NPTcrFkmJ2FjO740G3ZchQ8cfN498eAmrNWeuAe24\/s320\/IMG_20190224_121714_resized_20190224_010141041.jpg\" width=\"240\" \/><\/a><\/td>\n<\/tr>\n<tr>\n<td class=\"tr-caption\" style=\"text-align: center\">Roberto Yeghiazaryan<\/td>\n<\/tr>\n<\/tbody>\n<\/table>\n<p><\/span><\/p>\n<table cellpadding=\"0\" cellspacing=\"0\" class=\"tr-caption-container\" style=\"float: right;margin-left: 1em;text-align: right\">\n<tbody>\n<tr>\n<td style=\"text-align: center\"><a href=\"https:\/\/www.bfv.cloud\/ajedrezeuropa\/wp-content\/uploads\/2019\/02\/IMG_20190224_114021_resized_20190224_010223753.jpg\" style=\"clear: left;margin-bottom: 1em;margin-left: auto;margin-right: auto\"><img loading=\"lazy\" decoding=\"async\" border=\"0\" data-original-height=\"1152\" data-original-width=\"864\" height=\"320\" src=\"https:\/\/blogger.googleusercontent.com\/img\/b\/R29vZ2xl\/AVvXsEjpDQfd27fXLLwM90zEQ8gCs1vSfSfdCGBe-egVdDyfc_9O5iL7EM9DHA335DOcOcHovtVWjUHPocMx4xT47m0pJZ6jLR2XAfpgf0WXMVLlvACH3kfQnKdlZ2UUYlyblyqUY8zEWnlY-QM\/s320\/IMG_20190224_114021_resized_20190224_010223753.jpg\" width=\"240\" \/><\/a><\/td>\n<\/tr>\n<tr>\n<td class=\"tr-caption\" style=\"text-align: center\">Jos\u00e9 Miguel Romero<\/td>\n<\/tr>\n<\/tbody>\n<\/table>\n<p><span style=\", sans-serif;font-size: large\"><b><u><\/u><\/b><\/span><br \/>\n<span style=\", sans-serif;font-size: large\"><b><u><\/u><\/b><\/span><\/p>\n<table cellpadding=\"0\" cellspacing=\"0\" class=\"tr-caption-container\" style=\"float: right;margin-left: 1em;text-align: right\">\n<tbody>\n<tr>\n<td style=\"text-align: center\"><a href=\"https:\/\/www.bfv.cloud\/ajedrezeuropa\/wp-content\/uploads\/2019\/02\/IMG_20190224_121654_resized_20190224_010140729.jpg\" style=\"clear: right;margin-bottom: 1em;margin-left: auto;margin-right: auto\"><img loading=\"lazy\" decoding=\"async\" border=\"0\" data-original-height=\"1152\" data-original-width=\"864\" height=\"320\" src=\"https:\/\/blogger.googleusercontent.com\/img\/b\/R29vZ2xl\/AVvXsEieaiIdraZkk3vaCDkczx5eh57Ldl1NCT6-zezl95lsugQP2orPtiXf9F_WCgYLIntixx6L_GRDq0M6XVIdUbJvQx0_1y-LulrJsCMMgGOxob3wsJYLkHFp0HRdKOUMn2v-UpK3PisMTO8\/s320\/IMG_20190224_121654_resized_20190224_010140729.jpg\" width=\"240\" \/><\/a><\/td>\n<\/tr>\n<tr>\n<td class=\"tr-caption\" style=\"text-align: center\">Arsenio L\u00f3pez<\/td>\n<\/tr>\n<\/tbody>\n<\/table>\n<table cellpadding=\"0\" cellspacing=\"0\" class=\"tr-caption-container\" style=\"float: left;margin-right: 1em;text-align: left\">\n<tbody>\n<tr>\n<td style=\"text-align: center\"><a href=\"https:\/\/www.bfv.cloud\/ajedrezeuropa\/wp-content\/uploads\/2019\/02\/IMG_20190224_121611_resized_20190224_010141306.jpg\" style=\"clear: left;margin-bottom: 1em;margin-left: auto;margin-right: auto\"><img loading=\"lazy\" decoding=\"async\" border=\"0\" data-original-height=\"1152\" data-original-width=\"864\" height=\"320\" src=\"https:\/\/blogger.googleusercontent.com\/img\/b\/R29vZ2xl\/AVvXsEgW4dVt6L1ZYuA3uJN517q5l9R4tLEZh1AjRTN40_PLVpUNZCZRULJUAqD6TWP5H_YHgjHg8EO50hevpwRw9Tg4xij12i4_2FGLt_V5NRuPdlaKalujIne5q4m8pwQIdnC6x-5YonJqlpk\/s320\/IMG_20190224_121611_resized_20190224_010141306.jpg\" width=\"240\" \/><\/a><\/td>\n<\/tr>\n<tr>\n<td class=\"tr-caption\" style=\"text-align: center\">Carlos Vela<\/td>\n<\/tr>\n<\/tbody>\n<\/table>\n<table cellpadding=\"0\" cellspacing=\"0\" class=\"tr-caption-container\" style=\"float: right;margin-left: 1em;text-align: right\">\n<tbody>\n<tr>\n<td style=\"text-align: center\"><a href=\"https:\/\/www.bfv.cloud\/ajedrezeuropa\/wp-content\/uploads\/2019\/02\/IMG_20190224_121624_resized_20190224_010142539.jpg\" style=\"clear: right;margin-bottom: 1em;margin-left: auto;margin-right: auto\"><img loading=\"lazy\" decoding=\"async\" border=\"0\" data-original-height=\"1152\" data-original-width=\"864\" height=\"320\" src=\"https:\/\/blogger.googleusercontent.com\/img\/b\/R29vZ2xl\/AVvXsEj-jjYevl86r7jHIWZZoPUB7lbHUfv-80n1ggqN3B4wdDkWCPfyntXmACvb_UxHWu2IytYq2In5X0VFc1_M04iLmKHmb174ivUmmd5xcEel8TiRfKeUdjtzeiuzpPHRuDtoczKT35QUxmQ\/s320\/IMG_20190224_121624_resized_20190224_010142539.jpg\" width=\"240\" \/><\/a><\/td>\n<\/tr>\n<tr>\n<td class=\"tr-caption\" style=\"text-align: center\">Alejandro Romero<\/td>\n<\/tr>\n<\/tbody>\n<\/table>\n<table cellpadding=\"0\" cellspacing=\"0\" class=\"tr-caption-container\" style=\"float: left;margin-right: 1em;text-align: left\">\n<tbody>\n<tr>\n<td style=\"text-align: center\"><a href=\"https:\/\/www.bfv.cloud\/ajedrezeuropa\/wp-content\/uploads\/2019\/02\/IMG_20190224_121729_resized_20190224_010142228.jpg\" style=\"clear: right;margin-bottom: 1em;margin-left: auto;margin-right: auto\"><img loading=\"lazy\" decoding=\"async\" border=\"0\" data-original-height=\"1152\" data-original-width=\"864\" height=\"320\" src=\"https:\/\/blogger.googleusercontent.com\/img\/b\/R29vZ2xl\/AVvXsEh0_nM4QIeeSYcS_ohcf_lcFif8XCz0Ag_YcSFkxQXeZluEgolpfU96Y7FxnDWovOtlCVp7sWSp_JA41aLh6ukP4id6yHOBkCO0EptMhFjI98hxP-nLznXSkIx_frVhreeQ3GHwi33CDGI\/s320\/IMG_20190224_121729_resized_20190224_010142228.jpg\" width=\"240\" \/><\/a><\/td>\n<\/tr>\n<tr>\n<td class=\"tr-caption\" style=\"text-align: center\">Marta Vela<\/td>\n<\/tr>\n<\/tbody>\n<\/table>\n<p><\/p>\n","protected":false},"excerpt":{"rendered":"<p>Los 5 premiados junto a otros compa\u00f1eros de club El recientemente finalizado Campeonato Provincial por Edades de Ciudad Real ha dejado 5 trofeos para la escuela de ajedrez alcazare\u00f1a.&nbsp; Angel Collado 3 subcampeones y 2 terceros puestos Los premios fueron obtenidos por: \u00c1ngel Collado, subcampe\u00f3n sub-12, sin ninguna derrota y empatado a puntos con el [&hellip;]<\/p>\n","protected":false},"author":1,"featured_media":2124,"comment_status":"open","ping_status":"closed","sticky":false,"template":"","format":"standard","meta":{"footnotes":""},"categories":[1],"tags":[],"class_list":["post-2123","post","type-post","status-publish","format-standard","has-post-thumbnail","hentry","category-noticias"],"_links":{"self":[{"href":"https:\/\/www.bfv.cloud\/ajedrezeuropa\/wp-json\/wp\/v2\/posts\/2123","targetHints":{"allow":["GET"]}}],"collection":[{"href":"https:\/\/www.bfv.cloud\/ajedrezeuropa\/wp-json\/wp\/v2\/posts"}],"about":[{"href":"https:\/\/www.bfv.cloud\/ajedrezeuropa\/wp-json\/wp\/v2\/types\/post"}],"author":[{"embeddable":true,"href":"https:\/\/www.bfv.cloud\/ajedrezeuropa\/wp-json\/wp\/v2\/users\/1"}],"replies":[{"embeddable":true,"href":"https:\/\/www.bfv.cloud\/ajedrezeuropa\/wp-json\/wp\/v2\/comments?post=2123"}],"version-history":[{"count":1,"href":"https:\/\/www.bfv.cloud\/ajedrezeuropa\/wp-json\/wp\/v2\/posts\/2123\/revisions"}],"predecessor-version":[{"id":2133,"href":"https:\/\/www.bfv.cloud\/ajedrezeuropa\/wp-json\/wp\/v2\/posts\/2123\/revisions\/2133"}],"wp:featuredmedia":[{"embeddable":true,"href":"https:\/\/www.bfv.cloud\/ajedrezeuropa\/wp-json\/wp\/v2\/media\/2124"}],"wp:attachment":[{"href":"https:\/\/www.bfv.cloud\/ajedrezeuropa\/wp-json\/wp\/v2\/media?parent=2123"}],"wp:term":[{"taxonomy":"category","embeddable":true,"href":"https:\/\/www.bfv.cloud\/ajedrezeuropa\/wp-json\/wp\/v2\/categories?post=2123"},{"taxonomy":"post_tag","embeddable":true,"href":"https:\/\/www.bfv.cloud\/ajedrezeuropa\/wp-json\/wp\/v2\/tags?post=2123"}],"curies":[{"name":"wp","href":"https:\/\/api.w.org\/{rel}","templated":true}]}}