{"id":213,"date":"2017-09-04T10:36:00","date_gmt":"2017-09-04T10:36:00","guid":{"rendered":"https:\/\/www.bfv.cloud\/ajedrezeuropa\/index.php\/2017\/09\/04\/finaliza-el-regional-por-equipos-s-18-y-s-12\/"},"modified":"2025-11-20T10:14:45","modified_gmt":"2025-11-20T10:14:45","slug":"finaliza-el-regional-por-equipos-s-18-y-s-12","status":"publish","type":"post","link":"https:\/\/www.bfv.cloud\/ajedrezeuropa\/finaliza-el-regional-por-equipos-s-18-y-s-12\/","title":{"rendered":"FINALIZA EL REGIONAL POR EQUIPOS S-18 Y S-12"},"content":{"rendered":"<table align=\"center\" cellpadding=\"0\" cellspacing=\"0\" class=\"tr-caption-container\" style=\"margin-left: auto;margin-right: auto;text-align: center\">\n<tbody>\n<tr>\n<td style=\"text-align: center\"><a href=\"https:\/\/www.bfv.cloud\/ajedrezeuropa\/wp-content\/uploads\/2017\/09\/IMG-20170901-WA000.jpg\" style=\"margin-left: auto;margin-right: auto\"><img fetchpriority=\"high\" decoding=\"async\" border=\"0\" data-original-height=\"1103\" data-original-width=\"1491\" height=\"472\" src=\"https:\/\/blogger.googleusercontent.com\/img\/b\/R29vZ2xl\/AVvXsEhYs1Vob_W2GY72Qk_2GqDLi7wgOGPb0OXY3H8XnKP-IxlREX4vhoUwT7tX5DGSmk1EWMkyuzhyphenhyphenTFpO-Bpuikvf0906tZcrnwdEAefMDwfogY0RFKywA3k3LmwhDzzHZNTxCcF1ES8AnX8\/s640\/IMG-20170901-WA000.jpg\" width=\"640\" \/><\/a><\/td>\n<\/tr>\n<tr>\n<td class=\"tr-caption\" style=\"text-align: center\">Los 15 jugadores y los 2 entrenadores juntos<\/td>\n<\/tr>\n<\/tbody>\n<\/table>\n<p><span style=\"font-family: Verdana, sans-serif;font-size: large\">El pasado domingo finalizaba en Albacete el Campeonato Regional por Equipos Sub-18 y Sub-12 con unos resultados dispares para los 3 equipos que nos han representado.<\/span><br \/>\n<span style=\"font-family: Verdana, sans-serif;font-size: large\"><br \/><\/span><br \/>\n<span style=\"font-family: Verdana, sans-serif;font-size: large\"><b><u>Meritorio 4\u00ba puesto en el Regional Sub-12<\/u><\/b><\/span><\/p>\n<table cellpadding=\"0\" cellspacing=\"0\" class=\"tr-caption-container\" style=\"float: right;text-align: right\">\n<tbody>\n<tr>\n<td style=\"text-align: center\"><a href=\"https:\/\/www.bfv.cloud\/ajedrezeuropa\/wp-content\/uploads\/2017\/09\/IMG-20170831-WA039.jpg\" style=\"clear: right;margin-bottom: 1em;margin-left: auto;margin-right: auto\"><img decoding=\"async\" border=\"0\" data-original-height=\"900\" data-original-width=\"1066\" height=\"337\" src=\"https:\/\/blogger.googleusercontent.com\/img\/b\/R29vZ2xl\/AVvXsEhWvpCHVfFPEOmeolkQPlqI9x_wRPyuvDeqdrPjSVY0M8vPBlK5xO3E6AbRV3GYOIaRPk7JDDWuCv_xxrgH-NWp206KUd0nCQKALbySUoxb36bEnNXLeUr-4BoM2BmUQ67jW6Uf5uSzUJw\/s400\/IMG-20170831-WA039.jpg\" width=\"400\" \/><\/a><\/td>\n<\/tr>\n<tr>\n<td class=\"tr-caption\" style=\"text-align: center\">Los 4 chavales del sub-12 de <br \/>Nuestro Ajedrez por la Igualdad<\/td>\n<\/tr>\n<\/tbody>\n<\/table>\n<p><span style=\"font-family: Verdana, sans-serif;font-size: large\">En la categor\u00eda Sub-12, donde solo se pudieron disputar 5 rondas de las 6 previstas por imposibilidad de realizar el \u00faltimo emparejamiento, el equipo de Nuestro Ajedrez por la Igualdad se situaba 4\u00ba a muy corta distancia de Parque Sur de Albacete, que ocup\u00f3 la 3\u00aa posici\u00f3n. Esta formaci\u00f3n de la Igualdad jugaban juntos por primera vez y supon\u00eda un reto importante para ellos mejorar su 6\u00ba puesto de salida. Al final los 4 chicos que conformaron el equipo: Alonso L\u00f3pez, Carlos P\u00e9rez, Gabriel Amador y Adri\u00e1n Alhambra, sumaron m\u00e1s del 50% de los puntos por tableros y se acercaron mucho a los puestos de honor de la clasificaci\u00f3n final. En este aspecto es necesario se\u00f1alar el gran nivel de los clubes con equipos infantiles en la provincia de Toledo. As\u00ed lo ha puesto de manifiesto la clasificaci\u00f3n final, con 3 de ellos ocupando las 4 primeras posiciones: Bargas, Coordinadora de Toledo y Nuestro Ajedrez por la Igualdad, dentro de un torneo compuesto por los 8 mejores de Castilla-La Mancha<\/span><br \/>\n<span style=\"font-family: Verdana, sans-serif;font-size: large\">Aunque este equipo Sub-12 de Nuestro Ajedrez por la Igualdad tiene por delante un intenso trabajo, sabemos que tienen una gran capacidad para seguir mejorando, contando conque 3 de sus jugadores mantendr\u00e1n la categor\u00eda en 2018 y que su exigente calendario de competiciones les permitir\u00e1 conjuntarse cada d\u00eda m\u00e1s.<\/span><br \/>\n<span style=\"font-family: Verdana, sans-serif;font-size: large\"><br \/><\/span><br \/>\n<span style=\"font-family: Verdana, sans-serif;font-size: large\"><u style=\"font-weight: bold\">Una 6\u00aa plaza en la categor\u00eda Sub-18 que sabe a poco<\/u>.<\/span><br \/>\n<span style=\"font-family: Verdana, sans-serif;font-size: large\">El juvenil tuvo, en todo momento, unos resultados sorprendentes. Ya en la ronda 1 el equipo candidato al t\u00edtulo, Almansa, pinchaba y lograba tan solo un empate, consiguiendo finalmente el oro de Castilla-La Mancha en una clasificaci\u00f3n muy igualada tras sumar 9 puntos, los mismos que Parque Sur y Uned Guadalajara, 2\u00ba y 3er clasificado respectivamente.&nbsp;<\/span><br \/>\n<span style=\"font-family: Verdana, sans-serif;font-size: large\">El equilibrio entre 10 de los 12 clubes participantes se manifestaba en los resultados ronda a ronda, quedando abiertas todas las posibilidades en cada nueva clasificaci\u00f3n provisional.<\/p>\n<table cellpadding=\"0\" cellspacing=\"0\" class=\"tr-caption-container\" style=\"float: right;margin-left: 1em;text-align: right\">\n<tbody>\n<tr>\n<td style=\"text-align: center\"><a href=\"https:\/\/www.bfv.cloud\/ajedrezeuropa\/wp-content\/uploads\/2017\/09\/IMG-20170831-WA013.jpg\" style=\"clear: right;margin-bottom: 1em;margin-left: auto;margin-right: auto\"><img decoding=\"async\" border=\"0\" data-original-height=\"1111\" data-original-width=\"997\" height=\"400\" src=\"https:\/\/blogger.googleusercontent.com\/img\/b\/R29vZ2xl\/AVvXsEgBmcwQbTQ0A0sICdmP8gJPIGHcQZ49Tn-pcpgaLEQW2i_cQU9G8aAHSnLVXINI5TT92krRTjoKrXTNJwEe9TmF1St7-ihuCI-SHo4iW3P-EYEz2jHr1DVOXfwQypRiVy0dMXDyFO4hlMg\/s400\/IMG-20170831-WA013.jpg\" width=\"358\" \/><\/a><\/td>\n<\/tr>\n<tr>\n<td class=\"tr-caption\" style=\"text-align: center\">Imagen de una ronda con el equipo de<br \/>Nuestro Ajedrez en Europa iniciando las partidas<\/td>\n<\/tr>\n<\/tbody>\n<\/table>\n<p><\/span><br \/>\n<span style=\"font-family: Verdana, sans-serif;font-size: large\">De esta manera, cualquier falta de concentraci\u00f3n o descoordinaci\u00f3n entre los jugadores de un mismo club dejaba en evidencia los resultados del equipo y remarcaba algunas carencias individuales.&nbsp;<\/span><\/p>\n<table cellpadding=\"0\" cellspacing=\"0\" class=\"tr-caption-container\" style=\"float: left;text-align: left\">\n<tbody>\n<tr>\n<td style=\"text-align: center\"><a href=\"https:\/\/www.bfv.cloud\/ajedrezeuropa\/wp-content\/uploads\/2017\/09\/IMG-20170831-WA038.jpg\" style=\"clear: left;margin-bottom: 1em;margin-left: auto;margin-right: auto\"><img loading=\"lazy\" decoding=\"async\" border=\"0\" data-original-height=\"1200\" data-original-width=\"1599\" height=\"300\" src=\"https:\/\/blogger.googleusercontent.com\/img\/b\/R29vZ2xl\/AVvXsEg6xhU1VTpp-hMIl6OKM0CqvOQKea2RN_ZZtbrFGOiPfccp2bHVHGtPKd4yAXE3NL2u2lh5Yry0wdobDoCDkIv7NblADkMpydOf3l7N4E3xhP0pGrEbRXWA0kMt5ccmTznalj3RHVwxipU\/s400\/IMG-20170831-WA038.jpg\" width=\"400\" \/><\/a><\/td>\n<\/tr>\n<tr>\n<td class=\"tr-caption\" style=\"text-align: center\">El equipo de Nuestro Ajedrez por la Iugaldad<br \/>&nbsp;ha estado compuesto por 3 chicos y 3 chicas<\/td>\n<\/tr>\n<\/tbody>\n<\/table>\n<p><span style=\"font-family: Verdana, sans-serif;font-size: large\">En este contexto se mov\u00eda el campeonato Sub-18 y de \u00e9l no supo sacar partido el experimentado equipo de Nuestro Ajedrez en Europa, aunque part\u00edan de una situaci\u00f3n envidiable por ranking y por fuerza te\u00f3rica de cada uno de sus jugadores. Muy al contrario, seg\u00fan avanzaban las rondas, crec\u00edan los defectos en el juego y menguaban las posibilidades de obtener el objetivo para el que se hab\u00eda estado trabajando durante a\u00f1os. Y as\u00ed lleg\u00f3 el final del torneo, con Nuestro Ajedrez en Europa quedando en una pobre 6\u00aa posici\u00f3n y con Nuestro Ajedrez por la Igualdad ocupando la 12\u00aa y \u00faltima plaza.<\/span><br \/>\n<span style=\"font-family: Verdana, sans-serif;font-size: large\">A partir de ahora, y en tanto llegan nuevos campeonatos por equipos, se abren distintas posibilidades para el futuro m\u00e1s pr\u00f3ximo y en ello se empezar\u00e1 a trabajar desde ya.<\/span><\/p>\n","protected":false},"excerpt":{"rendered":"<p>Los 15 jugadores y los 2 entrenadores juntos El pasado domingo finalizaba en Albacete el Campeonato Regional por Equipos Sub-18 y Sub-12 con unos resultados dispares para los 3 equipos que nos han representado. Meritorio 4\u00ba puesto en el Regional Sub-12 Los 4 chavales del sub-12 de Nuestro Ajedrez por la Igualdad En la categor\u00eda [&hellip;]<\/p>\n","protected":false},"author":1,"featured_media":214,"comment_status":"open","ping_status":"closed","sticky":false,"template":"","format":"standard","meta":{"footnotes":""},"categories":[1],"tags":[],"class_list":["post-213","post","type-post","status-publish","format-standard","has-post-thumbnail","hentry","category-noticias"],"_links":{"self":[{"href":"https:\/\/www.bfv.cloud\/ajedrezeuropa\/wp-json\/wp\/v2\/posts\/213","targetHints":{"allow":["GET"]}}],"collection":[{"href":"https:\/\/www.bfv.cloud\/ajedrezeuropa\/wp-json\/wp\/v2\/posts"}],"about":[{"href":"https:\/\/www.bfv.cloud\/ajedrezeuropa\/wp-json\/wp\/v2\/types\/post"}],"author":[{"embeddable":true,"href":"https:\/\/www.bfv.cloud\/ajedrezeuropa\/wp-json\/wp\/v2\/users\/1"}],"replies":[{"embeddable":true,"href":"https:\/\/www.bfv.cloud\/ajedrezeuropa\/wp-json\/wp\/v2\/comments?post=213"}],"version-history":[{"count":1,"href":"https:\/\/www.bfv.cloud\/ajedrezeuropa\/wp-json\/wp\/v2\/posts\/213\/revisions"}],"predecessor-version":[{"id":218,"href":"https:\/\/www.bfv.cloud\/ajedrezeuropa\/wp-json\/wp\/v2\/posts\/213\/revisions\/218"}],"wp:featuredmedia":[{"embeddable":true,"href":"https:\/\/www.bfv.cloud\/ajedrezeuropa\/wp-json\/wp\/v2\/media\/214"}],"wp:attachment":[{"href":"https:\/\/www.bfv.cloud\/ajedrezeuropa\/wp-json\/wp\/v2\/media?parent=213"}],"wp:term":[{"taxonomy":"category","embeddable":true,"href":"https:\/\/www.bfv.cloud\/ajedrezeuropa\/wp-json\/wp\/v2\/categories?post=213"},{"taxonomy":"post_tag","embeddable":true,"href":"https:\/\/www.bfv.cloud\/ajedrezeuropa\/wp-json\/wp\/v2\/tags?post=213"}],"curies":[{"name":"wp","href":"https:\/\/api.w.org\/{rel}","templated":true}]}}