{"id":2134,"date":"2011-11-21T00:32:00","date_gmt":"2011-11-21T00:32:00","guid":{"rendered":"https:\/\/www.bfv.cloud\/ajedrezeuropa\/index.php\/2011\/11\/21\/la-5a-ronda-afianza-a-talavera-en-el-liderato-del-provincial-por-equipos-mientras-en-ciudad-real-un-quinto-equipo-de-nuestro-proyecto-empataba-con-valdepenas\/"},"modified":"2025-11-20T10:42:51","modified_gmt":"2025-11-20T10:42:51","slug":"la-5a-ronda-afianza-a-talavera-en-el-liderato-del-provincial-por-equipos-mientras-en-ciudad-real-un-quinto-equipo-de-nuestro-proyecto-empataba-con-valdepenas","status":"publish","type":"post","link":"https:\/\/www.bfv.cloud\/ajedrezeuropa\/la-5a-ronda-afianza-a-talavera-en-el-liderato-del-provincial-por-equipos-mientras-en-ciudad-real-un-quinto-equipo-de-nuestro-proyecto-empataba-con-valdepenas\/","title":{"rendered":"LA 5\u00aa RONDA AFIANZA A TALAVERA EN EL LIDERATO DEL PROVINCIAL POR EQUIPOS &#8230; MIENTRAS EN CIUDAD REAL UN QUINTO EQUIPO DE NUESTRO PROYECTO EMPATABA CON VALDEPE\u00d1AS"},"content":{"rendered":"<table cellpadding=\"0\" cellspacing=\"0\" class=\"tr-caption-container\" style=\"float: right;margin-left: 1em;text-align: right\">\n<tbody>\n<tr>\n<td style=\"text-align: center\"><a href=\"https:\/\/www.bfv.cloud\/ajedrezeuropa\/wp-content\/uploads\/2011\/11\/FOTOSEQUIPOSTOLEDO2012027.jpg\" style=\"clear: right;margin-bottom: 1em;margin-left: auto;margin-right: auto\"><img decoding=\"async\" border=\"0\" height=\"300px\" src=\"https:\/\/blogger.googleusercontent.com\/img\/b\/R29vZ2xl\/AVvXsEjAsTUf99IQKFGW7cXQgnccV2y5kFqnOU0JZ-jYE3YKLdzI64bvvQVZy9VgweqSX6GSIwd0Y72XfY4PzxqeA4Ga11LGmlOv8G54b9GAXuajz7oVVKmmJgT4lhWwFevwBNqwaXMmyMbkMi4\/s400\/FOTOS+EQUIPOS+TOLEDO+2012+027.jpg\" width=\"400px\" \/><\/a><\/td>\n<\/tr>\n<tr>\n<td class=\"tr-caption\" style=\"text-align: center\">El equipo B de Nuestro Ajedrez en Europa venci\u00f3 2,5 a 1,5 al <br \/>\nexperimentado club de Oca\u00f1a<\/td>\n<\/tr>\n<\/tbody>\n<\/table>\n<p>&nbsp;La 5\u00aa ronda del provincial por equipos de Toledo ha deparado la segunda derrota de la formaci\u00f3n A de Nuestro Ajedrez en Europa, actual subcampe\u00f3n de la categor\u00eda, aunque a pesar de ello nos vale para alcanzar la 3\u00aa posici\u00f3n en la clasificaci\u00f3n provisional. La pen\u00faltima ronda, que se jugar\u00e1 el pr\u00f3ximo domingo 27 de noviembre de nuevo en Toledo, enfrentar\u00e1 a nuestro equipo con Bargas A y puede resultar decisiva para definir la 2\u00aa plaza, a falta de la 7\u00aa y \u00faltima ronda que se celebrar\u00e1 ese mismo domingo por la tarde.<br \/>\nEl resto de nuestros jugadores, encuadrados en los otros 3 equipos del proyecto, mantienen sus objetivos al alcance. <\/p>\n<table cellpadding=\"0\" cellspacing=\"0\" class=\"tr-caption-container\" style=\"float: left;margin-right: 1em;text-align: left\">\n<tbody>\n<tr>\n<td style=\"text-align: center\"><a href=\"https:\/\/www.bfv.cloud\/ajedrezeuropa\/wp-content\/uploads\/2011\/11\/FOTOSEQUIPOSTOLEDO2012025.jpg\" style=\"clear: left;margin-bottom: 1em;margin-left: auto;margin-right: auto\"><img decoding=\"async\" border=\"0\" height=\"300px\" src=\"https:\/\/blogger.googleusercontent.com\/img\/b\/R29vZ2xl\/AVvXsEgxj6GdW2Yso2Cu7IDYmRSjnBwnqPRsb1PtTvW5CBl_MxzjJpRUMybm8rCTHtzWJ5OH-Wc2DP9jY5F5e1TkJzpUk6BHaSljvhlhyphenhyphenPMezFCPVie4f0XQxh3uBpXvN2XCu_vUs_9Xz4C4xlg\/s400\/FOTOS+EQUIPOS+TOLEDO+2012+025.jpg\" width=\"400px\" \/><\/a><\/td>\n<\/tr>\n<tr>\n<td class=\"tr-caption\" style=\"text-align: center\">Buen resultado de Nuestro Ajedrez por la Igualdad B al empatar a 2<br \/>\ncon Talavera B<\/td>\n<\/tr>\n<\/tbody>\n<\/table>\n<p>&nbsp;De este modo, despu\u00e9s de la brillante&nbsp;victoria del B de Nuestro Ajedrez en Europa frente a Oca\u00f1a, logra alcanzar la novena posici\u00f3n, enfrent\u00e1ndose en la ma\u00f1ana del domingo a la Coordinadora A.<br \/>\nTras&nbsp;los respectivos empates de los 2 equipos que representan a Nuestro Ajedrez por la Igualdad, ambos ocupan la d\u00e9cima y duod\u00e9cima plaza, y jugar\u00e1n as\u00ed&nbsp;la 6\u00aa ronda:<br \/>\nBargas B frente a Nuestro Ajedrez por la&nbsp;Igualdad B y el A frente a Oca\u00f1a.<br \/>\n<a href=\"http:\/\/chess-results.com\/tnr59142.aspx?art=3&amp;rd=6&amp;lan=2\">Para seguir los resultados de las 2 rondas finales pinchar aqu\u00ed<\/a><\/p>\n<table cellpadding=\"0\" cellspacing=\"0\" class=\"tr-caption-container\" style=\"float: right;margin-left: 1em;text-align: right\">\n<tbody>\n<tr>\n<td style=\"text-align: center\"><a href=\"https:\/\/www.bfv.cloud\/ajedrezeuropa\/wp-content\/uploads\/2011\/11\/FOTOSEQUIPOSTOLEDO2012026.jpg\" style=\"clear: right;margin-bottom: 1em;margin-left: auto;margin-right: auto\"><img decoding=\"async\" border=\"0\" height=\"300px\" src=\"https:\/\/blogger.googleusercontent.com\/img\/b\/R29vZ2xl\/AVvXsEiYNqE05HzggbQUPSaZdTce-QpCqNfbQqajnzCg-uORkinKIXJ3QNGlDGGrn4VbKOUAdXTrnlbKcHu871ElBr_FFz1L6LH3YpUFHpl2U_KYr49jYmmQ_BU7DYXmM3GbjapkfsWnTolSSss\/s400\/FOTOS+EQUIPOS+TOLEDO+2012+026.jpg\" width=\"400px\" \/><\/a><\/td>\n<\/tr>\n<tr>\n<td class=\"tr-caption\" style=\"text-align: center\">Nuestro Ajedrez por la Igualdad A no pudo pasar del empate a 2<br \/>\ncon la formaci\u00f3n B de la Coordinadora de Toledo<\/td>\n<\/tr>\n<\/tbody>\n<\/table>\n<p>&nbsp;<strong>Adem\u00e1s, el pasado s\u00e1bado, se iniciaba en Ciudad Real la \u00abV Liga Provincial por Equipos sub-16\u00bb con la participaci\u00f3n de un equipo de nuestra EDM de Alc\u00e1zar, con lo que durante esa tarde eran 20 ajedrecistas&nbsp;en un total de &nbsp;5&nbsp; formaciones los que nos representaban en 2 provincias distintas. En la inauguraci\u00f3n de este campeonato, la EDM de Alc\u00e1zar, obtuvo un empate a 2 frente a la escuela de Valdepe\u00f1as, con victorias en el tablero 1 y 2, a cargo de Carlos \u00c1lvarez y Javier Valdepe\u00f1as, y derrotas de los jovenc\u00edsimos Samuel Ortiz y Enrique Velasco en los tableros 3 y 4, respectivamente.<\/strong><br \/>\n\ufeff <\/p>\n<table cellpadding=\"0\" cellspacing=\"0\" class=\"tr-caption-container\" style=\"float: left;margin-right: 1em;text-align: left\">\n<tbody>\n<tr>\n<td style=\"text-align: center\"><a href=\"https:\/\/www.bfv.cloud\/ajedrezeuropa\/wp-content\/uploads\/2011\/11\/FOTOSEQUIPOSTOLEDO2012024.jpg\" style=\"clear: left;margin-bottom: 1em;margin-left: auto;margin-right: auto\"><img decoding=\"async\" border=\"0\" height=\"240px\" src=\"https:\/\/blogger.googleusercontent.com\/img\/b\/R29vZ2xl\/AVvXsEgFewXzQmxvsI_eMnvmtfMGwVrfPqojOygBL6cJR1mvqy18aIpcXxf_HF7hBfs4mH6V5jY0s6oScpSxcQpy7I_1emKL9jGbpH4ifpXKV3VBcxkq4hEMCFXuaZSi9GuUxzy7tdJ0hboHmW8\/s320\/FOTOS+EQUIPOS+TOLEDO+2012+024.jpg\" width=\"320px\" \/><\/a><\/td>\n<\/tr>\n<tr>\n<td class=\"tr-caption\" style=\"text-align: center\">Nuestro Ajedrez en Europa A cay\u00f3 derrotado <br \/>\npor el equipo de Sonseca gracias a las valiosas <br \/>\nvictorias de&nbsp;Edgar y Diego Moreno Brocalero<br \/>\n&nbsp;y a las tablas en el primer tablero de Jorge, el tercer hermano<\/td>\n<\/tr>\n<\/tbody>\n<\/table>\n<p>\ufeff <strong>A menos de 20 d\u00edas del inicio del IV CAMPEONATO DE ESPA\u00d1A POR EQUIPOS SUB-16, hemos acelerado la preparaci\u00f3n de nuestros 10 chicos y chicas presentes en esta fase final, as\u00ed como su participaci\u00f3n en competiciones oficiales para favorecer su entrenamiento. Si el pasado a\u00f1o&nbsp;nuestros j\u00f3venes ajedrecistas no tuvieron apenas&nbsp;oportunidad de competir antes de este Campeonato Nacional, este a\u00f1o&nbsp;son 11 las partidas que han tenido la ocasi\u00f3n de disputar entre octubre y noviembre a ritmo lento, gracias a los provinciales y al encuentro con el Club de San Fernando.&nbsp;<\/strong><\/p>\n","protected":false},"excerpt":{"rendered":"<p>El equipo B de Nuestro Ajedrez en Europa venci\u00f3 2,5 a 1,5 al experimentado club de Oca\u00f1a &nbsp;La 5\u00aa ronda del provincial por equipos de Toledo ha deparado la segunda derrota de la formaci\u00f3n A de Nuestro Ajedrez en Europa, actual subcampe\u00f3n de la categor\u00eda, aunque a pesar de ello nos vale para alcanzar la [&hellip;]<\/p>\n","protected":false},"author":1,"featured_media":2135,"comment_status":"open","ping_status":"closed","sticky":false,"template":"","format":"standard","meta":{"footnotes":""},"categories":[1],"tags":[],"class_list":["post-2134","post","type-post","status-publish","format-standard","has-post-thumbnail","hentry","category-noticias"],"_links":{"self":[{"href":"https:\/\/www.bfv.cloud\/ajedrezeuropa\/wp-json\/wp\/v2\/posts\/2134","targetHints":{"allow":["GET"]}}],"collection":[{"href":"https:\/\/www.bfv.cloud\/ajedrezeuropa\/wp-json\/wp\/v2\/posts"}],"about":[{"href":"https:\/\/www.bfv.cloud\/ajedrezeuropa\/wp-json\/wp\/v2\/types\/post"}],"author":[{"embeddable":true,"href":"https:\/\/www.bfv.cloud\/ajedrezeuropa\/wp-json\/wp\/v2\/users\/1"}],"replies":[{"embeddable":true,"href":"https:\/\/www.bfv.cloud\/ajedrezeuropa\/wp-json\/wp\/v2\/comments?post=2134"}],"version-history":[{"count":1,"href":"https:\/\/www.bfv.cloud\/ajedrezeuropa\/wp-json\/wp\/v2\/posts\/2134\/revisions"}],"predecessor-version":[{"id":2139,"href":"https:\/\/www.bfv.cloud\/ajedrezeuropa\/wp-json\/wp\/v2\/posts\/2134\/revisions\/2139"}],"wp:featuredmedia":[{"embeddable":true,"href":"https:\/\/www.bfv.cloud\/ajedrezeuropa\/wp-json\/wp\/v2\/media\/2135"}],"wp:attachment":[{"href":"https:\/\/www.bfv.cloud\/ajedrezeuropa\/wp-json\/wp\/v2\/media?parent=2134"}],"wp:term":[{"taxonomy":"category","embeddable":true,"href":"https:\/\/www.bfv.cloud\/ajedrezeuropa\/wp-json\/wp\/v2\/categories?post=2134"},{"taxonomy":"post_tag","embeddable":true,"href":"https:\/\/www.bfv.cloud\/ajedrezeuropa\/wp-json\/wp\/v2\/tags?post=2134"}],"curies":[{"name":"wp","href":"https:\/\/api.w.org\/{rel}","templated":true}]}}