{"id":2140,"date":"2012-10-03T22:46:00","date_gmt":"2012-10-03T22:46:00","guid":{"rendered":"https:\/\/www.bfv.cloud\/ajedrezeuropa\/index.php\/2012\/10\/03\/comienzan-las-escuelas-y-se-publica-la-lista-elo-de-octubre\/"},"modified":"2025-11-20T10:42:55","modified_gmt":"2025-11-20T10:42:55","slug":"comienzan-las-escuelas-y-se-publica-la-lista-elo-de-octubre","status":"publish","type":"post","link":"https:\/\/www.bfv.cloud\/ajedrezeuropa\/comienzan-las-escuelas-y-se-publica-la-lista-elo-de-octubre\/","title":{"rendered":"COMIENZAN LAS ESCUELAS Y SE PUBLICA LA LISTA ELO DE OCTUBRE."},"content":{"rendered":"<p>\ufeff <\/p>\n<table cellpadding=\"0\" cellspacing=\"0\" class=\"tr-caption-container\" style=\"float: left;margin-right: 1em;text-align: left\">\n<tbody>\n<tr>\n<td style=\"text-align: center\"><a href=\"https:\/\/www.bfv.cloud\/ajedrezeuropa\/wp-content\/uploads\/2012\/10\/fotosconferenciacolegiojardindearena002.jpg\" style=\"clear: left;margin-bottom: 1em;margin-left: auto;margin-right: auto\"><img fetchpriority=\"high\" decoding=\"async\" border=\"0\" height=\"240\" src=\"https:\/\/blogger.googleusercontent.com\/img\/b\/R29vZ2xl\/AVvXsEiG7QXcM8SRTaGG2DCfeWBf5UG2wESk6697y1RB40l_bFtV0CFvv0_Eg_YQ0OwHEegTzVFGemcwPmgQhx-tqALrxGB88N1WZ4bDGTcYG-PWqWhXNF2QhZxLiR3OcXbCqD6jM4SzvXM2zmU\/s320\/fotos+conferencia+colegio+jardin+de+arena+002.jpg\" width=\"320\" \/><\/a><\/td>\n<\/tr>\n<tr>\n<td class=\"tr-caption\" style=\"text-align: center\">Julia Osorio, del AMPA del colegio Jard\u00edn de Arena y<br \/>\npromotora de la conferencia, junto a Juan Garrido, <br \/>\ndirector del colegio.<\/td>\n<\/tr>\n<\/tbody>\n<\/table>\n<p>\ufeff <\/p>\n<h4>\n<span style=\"color: #073763\">El pasado fin de semana comenzaba la temporada 2012\/2013 en las escuelas de ajedrez de Alc\u00e1zar y Villafranca.&nbsp;Se cumplen as\u00ed&nbsp;17 a\u00f1os de la escuela toledana y 11 de la ciudarreale\u00f1a, en un a\u00f1o que se presenta con importantes novedades en varios aspectos concretos. Uno de ellos, las formaciones de los equipos sub-16, quedar\u00e1 definido brevemente, aunque son varias las incognitas que en el aspecto competitivo abrir\u00e1 esta nueva temporada. De momento, la falta de un modelo justo y objetivo por parte de la Delegaci\u00f3n de Ajedrez de Toledo nos puede mantener al margen de las competiciones federadas en esta provincia, despu\u00e9s de muchos a\u00f1os de participaci\u00f3n muy numerosa en todos sus campeonatos. Las pr\u00f3ximas semanas servir\u00e1n para tomar decisiones firmes y contundentes en este aspecto.<\/span> <\/p>\n<table align=\"center\" cellpadding=\"0\" cellspacing=\"0\" class=\"tr-caption-container\" style=\"float: right;margin-left: 1em;text-align: right\">\n<tbody>\n<tr>\n<td style=\"text-align: center\"><a href=\"https:\/\/www.bfv.cloud\/ajedrezeuropa\/wp-content\/uploads\/2012\/10\/fotosconferenciacolegiojardindearena003.jpg\" style=\"clear: right;margin-bottom: 1em;margin-left: auto;margin-right: auto\"><img decoding=\"async\" border=\"0\" height=\"240\" src=\"https:\/\/blogger.googleusercontent.com\/img\/b\/R29vZ2xl\/AVvXsEhuKAd9HeRE55klEGNEdlAl1UPsCMy75hyJDEDaIEbN2-b1LSSp-Dn-RKwF635UMpBlvVMVRlSU7riYBvPBG90gYbF9syPc1W7RE0WvJG2XtrxlHgtCPf0Q-Y6cf00fKx7OvqRGGcKC80Y\/s320\/fotos+conferencia+colegio+jardin+de+arena+003.jpg\" width=\"320\" \/><\/a><\/td>\n<\/tr>\n<tr>\n<td class=\"tr-caption\" style=\"text-align: center\">Algunos de los padres y madres asistentes a la conferencia<\/td>\n<\/tr>\n<\/tbody>\n<\/table>\n<p>\ufeff<\/h4>\n<h4>\n<span style=\"color: #0c343d\">Otro de los puntos sobre los que vamos a trabajar a fondo va a ser nuestra colaboraci\u00f3n con el mundo educativo y social. En concreto, el martes por la noche, present\u00e1bamos el proyecto \u00abNUESTRO AJEDREZ EN EUROPA\u00bb en el C.P. Jard\u00edn de Arena de Alc\u00e1zar de San Juan. Est\u00e1n programadas varias charlas y conferencias en colegios e instituciones a lo largo de los siguientes meses tanto en Alc\u00e1zar como en Villafranca.<\/span><\/h4>\n<p><\/p>\n<h4>\n<span style=\"color: #134f5c\">Otra de las informaciones que queremos destacar es la publicaci\u00f3n de la nueva lista de elo internacional de la FIDE. Con la reciente incorporaci\u00f3n de Irene Sim\u00f3n Escalona, son ya 19 los ajedrecistas de nuestros clubes que consiguen su entrada en esta importante lista de valoraci\u00f3n y 20 los que figuran con elo nacional FEDA. A fecha 1 de octubre estos son nuestros jugadores y jugadoras con elo FIDE:<\/span><\/h4>\n<div align=\"center\">\n<span style=\"color: #134f5c\"><strong>&#8211; Daniel P\u00edriz,&nbsp; 2.031<\/strong><\/span><\/div>\n<div align=\"center\">\n<span style=\"color: #134f5c\"><strong>&#8211; Santiago Talavera, 2.023<\/strong><\/span><\/div>\n<div align=\"center\">\n<span style=\"color: #134f5c\"><strong>&#8211; Carlos \u00c1lvarez, 1.892<\/strong><\/span><\/div>\n<div align=\"center\">\n<span style=\"color: #134f5c\"><strong>&#8211; Jorge Sim\u00f3n, 1.878<\/strong><\/span><\/div>\n<div align=\"center\">\n<span style=\"color: #134f5c\"><strong>&#8211; Luis Miguel Monreal, 1.844<\/strong><\/span><\/div>\n<div align=\"center\">\n<span style=\"color: #134f5c\"><strong>&#8211; Sergio Valencia, 1.705<\/strong><\/span><\/div>\n<div align=\"center\">\n<strong><span style=\"color: #134f5c\">&#8211; Jos\u00e9 \u00c1ngel Vela, 1.688<\/span><\/strong><\/div>\n<div align=\"center\">\n<strong><span style=\"color: #134f5c\">&#8211; Antonio Albo, 1.670<\/span><\/strong><\/div>\n<div align=\"center\">\n<strong><span style=\"color: #134f5c\">&#8211; Manuel Marcos-Alberca, 1.647<\/span><\/strong><\/div>\n<div align=\"center\">\n<strong><span style=\"color: #134f5c\">&#8211; Isaac Lozano, 1.641<\/span><\/strong><\/div>\n<div align=\"center\">\n<strong><span style=\"color: #134f5c\">&#8211; Jos\u00e9 M\u00aa Pastrana, 1.638<\/span><\/strong><\/div>\n<div align=\"center\">\n<strong><span style=\"color: #134f5c\">&#8211; Antonio S\u00e1nchez-Beato, 1.597<\/span><\/strong><\/div>\n<div align=\"center\">\n<strong><span style=\"color: #134f5c\">&#8211; Daniel Salas Lloret, 1.590<\/span><\/strong><\/div>\n<div align=\"center\">\n<strong><span style=\"color: #134f5c\">&#8211; Leo de Giorgi, 1.572<\/span><\/strong><\/div>\n<div align=\"center\">\n<strong><span style=\"color: #741b47\">&#8211; Irene Sim\u00f3n, 1.525<\/span><\/strong><\/div>\n<div align=\"center\">\n<strong><span style=\"color: #134f5c\">&#8211; Javier Valdepe\u00f1as, 1.418<\/span><\/strong><\/div>\n<div align=\"center\">\n<strong><span style=\"color: #134f5c\">&#8211; Jes\u00fas M\u00aa Bricio, 1.390<\/span><\/strong><\/div>\n<div align=\"center\">\n<strong><span style=\"color: #741b47\">&#8211; Silvia Toribio, 1.368<\/span><\/strong><\/div>\n<div align=\"center\">\n<strong><span style=\"color: #741b47\">&#8211; Blanca Y\u00e9benes, 1.314<\/span><\/strong><\/div>\n<h4 style=\"text-align: center\">\n<span style=\"color: #134f5c\">Con elo FEDA:<\/span><\/h4>\n<div style=\"text-align: center\">\n<strong><span style=\"color: #134f5c\">&#8211; Mario Rubio, 1.230<\/span>\ufeff<\/strong><\/div>\n<div align=\"center\">\n<\/div>\n<div align=\"center\">\n\ufeff<\/div>\n<h4>\n<span style=\"color: #45818e\"><\/span>&nbsp;<\/h4>\n","protected":false},"excerpt":{"rendered":"<p>\ufeff Julia Osorio, del AMPA del colegio Jard\u00edn de Arena y promotora de la conferencia, junto a Juan Garrido, director del colegio. \ufeff El pasado fin de semana comenzaba la temporada 2012\/2013 en las escuelas de ajedrez de Alc\u00e1zar y Villafranca.&nbsp;Se cumplen as\u00ed&nbsp;17 a\u00f1os de la escuela toledana y 11 de la ciudarreale\u00f1a, en un [&hellip;]<\/p>\n","protected":false},"author":1,"featured_media":2141,"comment_status":"open","ping_status":"closed","sticky":false,"template":"","format":"standard","meta":{"footnotes":""},"categories":[1],"tags":[],"class_list":["post-2140","post","type-post","status-publish","format-standard","has-post-thumbnail","hentry","category-noticias"],"_links":{"self":[{"href":"https:\/\/www.bfv.cloud\/ajedrezeuropa\/wp-json\/wp\/v2\/posts\/2140","targetHints":{"allow":["GET"]}}],"collection":[{"href":"https:\/\/www.bfv.cloud\/ajedrezeuropa\/wp-json\/wp\/v2\/posts"}],"about":[{"href":"https:\/\/www.bfv.cloud\/ajedrezeuropa\/wp-json\/wp\/v2\/types\/post"}],"author":[{"embeddable":true,"href":"https:\/\/www.bfv.cloud\/ajedrezeuropa\/wp-json\/wp\/v2\/users\/1"}],"replies":[{"embeddable":true,"href":"https:\/\/www.bfv.cloud\/ajedrezeuropa\/wp-json\/wp\/v2\/comments?post=2140"}],"version-history":[{"count":1,"href":"https:\/\/www.bfv.cloud\/ajedrezeuropa\/wp-json\/wp\/v2\/posts\/2140\/revisions"}],"predecessor-version":[{"id":2143,"href":"https:\/\/www.bfv.cloud\/ajedrezeuropa\/wp-json\/wp\/v2\/posts\/2140\/revisions\/2143"}],"wp:featuredmedia":[{"embeddable":true,"href":"https:\/\/www.bfv.cloud\/ajedrezeuropa\/wp-json\/wp\/v2\/media\/2141"}],"wp:attachment":[{"href":"https:\/\/www.bfv.cloud\/ajedrezeuropa\/wp-json\/wp\/v2\/media?parent=2140"}],"wp:term":[{"taxonomy":"category","embeddable":true,"href":"https:\/\/www.bfv.cloud\/ajedrezeuropa\/wp-json\/wp\/v2\/categories?post=2140"},{"taxonomy":"post_tag","embeddable":true,"href":"https:\/\/www.bfv.cloud\/ajedrezeuropa\/wp-json\/wp\/v2\/tags?post=2140"}],"curies":[{"name":"wp","href":"https:\/\/api.w.org\/{rel}","templated":true}]}}