{"id":2147,"date":"2021-03-24T21:19:00","date_gmt":"2021-03-24T21:19:00","guid":{"rendered":"https:\/\/www.bfv.cloud\/ajedrezeuropa\/index.php\/2021\/03\/24\/el-provincial-por-edades-de-ciudad-real-finaliza-con-3-platas-y-un-bronce-para-nuestro-ajedrez-en-europa\/"},"modified":"2025-11-20T10:43:03","modified_gmt":"2025-11-20T10:43:03","slug":"el-provincial-por-edades-de-ciudad-real-finaliza-con-3-platas-y-un-bronce-para-nuestro-ajedrez-en-europa","status":"publish","type":"post","link":"https:\/\/www.bfv.cloud\/ajedrezeuropa\/el-provincial-por-edades-de-ciudad-real-finaliza-con-3-platas-y-un-bronce-para-nuestro-ajedrez-en-europa\/","title":{"rendered":"EL PROVINCIAL POR EDADES DE CIUDAD REAL FINALIZA CON 3 PLATAS Y UN BRONCE PARA NUESTRO AJEDREZ EN EUROPA"},"content":{"rendered":"<p><span style=\"font-family: Montserrat;font-size: large\"><b><\/p>\n<table cellpadding=\"0\" cellspacing=\"0\" class=\"tr-caption-container\" style=\"float: left\">\n<tbody>\n<tr>\n<td style=\"text-align: center\"><a href=\"https:\/\/www.bfv.cloud\/ajedrezeuropa\/wp-content\/uploads\/2021\/03\/NUESTROS4JUGADORESDELSUB12.jpg\" style=\"clear: left;margin-bottom: 1em;margin-left: auto;margin-right: auto\"><img fetchpriority=\"high\" decoding=\"async\" border=\"0\" data-original-height=\"817\" data-original-width=\"918\" height=\"356\" src=\"https:\/\/blogger.googleusercontent.com\/img\/b\/R29vZ2xl\/AVvXsEjw-7QPynP9M4tK5CmwPOJnYBiUfkxkVW7Mireyqm9xWktrRnFO1u1d2ywXyb6JgosQlXQPuucTyravSs_5OfoVX9ITQaPgRjaORUNQ3bLHg5EEngrk7vNfoQmFxwJPr3DM5bPVgVcsx3w\/w400-h356\/NUESTROS+4+JUGADORES+DEL+SUB12.jpg\" width=\"400\" \/><\/a><\/td>\n<\/tr>\n<tr>\n<td class=\"tr-caption\" style=\"text-align: center\">Los participantes en la categor\u00eda sub-12<\/td>\n<\/tr>\n<\/tbody>\n<\/table>\n<p><\/b><\/span><\/p>\n<div style=\"text-align: left\"><span style=\"font-family: Montserrat;font-size: large\"><b><b>El Campeonato Provincial por Edades de Ciudad Real finaliz\u00f3 el pasado fin de semana en Valdepe\u00f1as tras 5 jornadas de competici\u00f3n entre s\u00e1bados y domingos. El cumplimiento de la normativa sanitaria ha llevado a que los campeonatos y torneos de 2021 se celebren en espacios amplios como los pabellones deportivos, lugares poco habituales hasta ahora para jugar al ajedrez. Tambi\u00e9n la modalidad y el ritmo de juego se han adaptado a las condiciones del momento, pasando a jugarse partidas de unos 45 minutos de duraci\u00f3n total. La competici\u00f3n arranc\u00f3 el s\u00e1bado 6 de marzo con la categor\u00eda sub-10 y continu\u00f3 el domingo 7 con la sub-12; para el s\u00e1bado 13 y el domingo 14 quedaron los chicos y chicas del sub-14 y del sub-16, respectivamente; concluyendo el s\u00e1bado pasado, d\u00eda 20 de marzo, con las categor\u00edas sub-18 y sub-8.<\/b><\/b><\/span><\/div>\n<\/p>\n<p><span style=\"font-family: Montserrat;font-size: large\"><\/p>\n<table align=\"center\" cellpadding=\"0\" cellspacing=\"0\" class=\"tr-caption-container\" style=\"margin-left: auto;margin-right: auto\">\n<tbody>\n<tr>\n<td style=\"text-align: center\"><a href=\"https:\/\/www.bfv.cloud\/ajedrezeuropa\/wp-content\/uploads\/2021\/03\/JUGADORESS18YS8252822529.jpg\" style=\"margin-left: auto;margin-right: auto\"><img decoding=\"async\" border=\"0\" data-original-height=\"768\" data-original-width=\"1674\" height=\"294\" src=\"https:\/\/blogger.googleusercontent.com\/img\/b\/R29vZ2xl\/AVvXsEh-LtNmDKgir7i-MPb6m2tL_vl9NzXW-4wQeKez1z6qeBnTyNn1zT9lVhb7gSGEbggFVJWf89xpgd3jziUl9Xg4Ua37KrcB_5M4NjRdtNbkzqB93jr8SnM36WCUc0PcFjAx-nI0yTIhJGA\/w640-h294\/JUGADORES+S18+Y+S8+%25282%2529.jpg\" width=\"640\" \/><\/a><\/td>\n<\/tr>\n<tr>\n<td class=\"tr-caption\" style=\"text-align: center\">Nuestros jugadores en la categor\u00eda juvenil y sub-8<\/td>\n<\/tr>\n<\/tbody>\n<\/table>\n<p><\/span><b style=\"font-family: Montserrat;font-size: x-large\"><i><u>Nuestro Ajedrez en Europa logra 3 medallas de plata y una de bronce<\/u><\/i><\/b><\/p>\n<table cellpadding=\"0\" cellspacing=\"0\" class=\"tr-caption-container\" style=\"float: right\">\n<tbody>\n<tr>\n<td style=\"text-align: center\"><a href=\"https:\/\/www.bfv.cloud\/ajedrezeuropa\/wp-content\/uploads\/2021\/03\/LUISARIASSUBCAMPEONSUB12.jpg\" style=\"clear: right;margin-bottom: 1em;margin-left: auto;margin-right: auto\"><img decoding=\"async\" border=\"0\" data-original-height=\"639\" data-original-width=\"1163\" height=\"220\" src=\"https:\/\/blogger.googleusercontent.com\/img\/b\/R29vZ2xl\/AVvXsEgnORPh5DFGbMXAxzn2Eci7C9pWq2ncw2lDpO9jwtFRLUklQmSBaxHmeQLJQw7ZpBUPEktiSVlgWTZiMF-EsK4NAy5ac_273ZgEa3aOHJZ4Tea-UqTmco_241YzgaxuhIAhOmvAE-BBviA\/w400-h220\/LUIS+ARIAS+SUBCAMPEON+SUB12.jpg\" width=\"400\" \/><\/a><\/td>\n<\/tr>\n<tr>\n<td class=\"tr-caption\" style=\"text-align: center\">Luis Arias subcampe\u00f3n sub-12<\/td>\n<\/tr>\n<\/tbody>\n<\/table>\n<p><span style=\"font-family: Montserrat;font-size: large\"><b>En la suma de todas las categor\u00edas han participado 22 chicos y chicas de las escuelas de ajedrez de Alc\u00e1zar y Villafranca, consiguiendo 3 medallas de plata estos jugadores:<\/b><\/span><\/p>\n<p><span style=\"font-family: Montserrat;font-size: large\"><b>&#8211; <i>Luis Arias Riveira<\/i> en sub-12<br \/><\/b><\/span><\/p>\n<table cellpadding=\"0\" cellspacing=\"0\" class=\"tr-caption-container\" style=\"float: right\">\n<tbody>\n<tr>\n<td style=\"text-align: center\"><a href=\"https:\/\/www.bfv.cloud\/ajedrezeuropa\/wp-content\/uploads\/2021\/03\/ANGELCOLLADO-1.jpg\" style=\"clear: right;margin-bottom: 1em;margin-left: auto;margin-right: auto\"><img loading=\"lazy\" decoding=\"async\" border=\"0\" data-original-height=\"768\" data-original-width=\"1024\" height=\"300\" src=\"https:\/\/blogger.googleusercontent.com\/img\/b\/R29vZ2xl\/AVvXsEhrbrJHt3YH4OH0w_ElNPhyphenhyphenBmttqyDuDSTia-LsbtiFlgBr-CVbN3EzAb182UpfHW6tlCOb33D-yAhIT7uwtNIqYQ28NvMrBPypuDoOThvfeq49zVH4BGCG9esPQbYpfyuz7hK5NChD2h4\/w400-h300\/ANGEL+COLLADO.jpg\" width=\"400\" \/><\/a><\/td>\n<\/tr>\n<tr>\n<td class=\"tr-caption\" style=\"text-align: center\">\u00c1ngel Collado, subcampe\u00f3n sub-14<\/td>\n<\/tr>\n<\/tbody>\n<\/table>\n<p><span style=\"font-family: Montserrat;font-size: large\"><b>&#8211; <i>\u00c1ngel Collado Alcolado<\/i> en sub-14<\/b><\/span><\/p>\n<p><span style=\"font-family: Montserrat;font-size: large\"><br \/><b><br \/><\/b><\/span><\/p>\n<p><span style=\"font-family: Montserrat;font-size: large\"><b>&#8211; <i>Clara Vela Adri\u00e1n<\/i> en el sub-18 femenino<\/b><\/span><\/p>\n<p><span style=\"font-family: Montserrat;font-size: large\"><b>El bronce fue en el sub-10 para <i>Jaime Vila Castillo.&nbsp;<\/p>\n<table cellpadding=\"0\" cellspacing=\"0\" class=\"tr-caption-container\" style=\"float: left\">\n<tbody>\n<tr>\n<td style=\"text-align: center\"><a href=\"https:\/\/www.bfv.cloud\/ajedrezeuropa\/wp-content\/uploads\/2021\/03\/CLARAVELA225C225AAS18.jpg\" style=\"clear: left;margin-bottom: 1em;margin-left: auto;margin-right: auto\"><img loading=\"lazy\" decoding=\"async\" border=\"0\" data-original-height=\"844\" data-original-width=\"1008\" height=\"335\" src=\"https:\/\/blogger.googleusercontent.com\/img\/b\/R29vZ2xl\/AVvXsEgoLptHRUvKWfqCkzSHieNtJ5YUPBXEoOr04H49vrSRLktQKcbk3twZ1wdsUquUVqFTbkYnKuQslvv1iY-OYRRtpjUgHSZVzD3_02-y96C8A_8H8hgE4o6IfhL-HkSjHrdWmfjbpYSvM5A\/w400-h335\/CLARA+VELA+2%25C2%25AA+S18.jpg\" width=\"400\" \/><\/a><\/td>\n<\/tr>\n<tr>\n<td class=\"tr-caption\" style=\"text-align: center\">Clara Vela, subcampeona juvenil<\/td>\n<\/tr>\n<\/tbody>\n<\/table>\n<p><\/i><\/b><\/span><\/p>\n<table cellpadding=\"0\" cellspacing=\"0\" class=\"tr-caption-container\" style=\"float: right\">\n<tbody>\n<tr>\n<td style=\"text-align: center\"><a href=\"https:\/\/www.bfv.cloud\/ajedrezeuropa\/wp-content\/uploads\/2021\/03\/JAIMEVILA325C225BASUB10-1.jpg\" style=\"clear: right;margin-bottom: 1em;margin-left: auto;margin-right: auto\"><img decoding=\"async\" border=\"0\" data-original-height=\"738\" data-original-width=\"683\" height=\"320\" src=\"https:\/\/blogger.googleusercontent.com\/img\/b\/R29vZ2xl\/AVvXsEgh3JrAuumB8g5sDgWjQBiSx2YwWTcg48u_LFNFdOCmgeKJCMZpSRcROC8chVGzC7w_N0ksWCAe-yZVkJQw3MwhfAtW3qBi-RoG5U5w_iK0k2U6VxhGR4iuyx8mTQ5pYa_3vwWJOq53aQ8\/s320\/JAIME+VILA+3%25C2%25BA+SUB10.jpg\" \/><\/a><\/td>\n<\/tr>\n<tr>\n<td class=\"tr-caption\" style=\"text-align: center\">Jaime Vila, 3\u00ba sub-10<\/td>\n<\/tr>\n<\/tbody>\n<\/table>\n<table align=\"center\" cellpadding=\"0\" cellspacing=\"0\" class=\"tr-caption-container\" style=\"float: left;margin-right: 1em;text-align: left\">\n<tbody>\n<tr>\n<td style=\"text-align: center\"><a href=\"https:\/\/www.bfv.cloud\/ajedrezeuropa\/wp-content\/uploads\/2021\/03\/NUESTROS8JUGADORESDELSUB10.jpg\" style=\"margin-left: auto;margin-right: auto\"><img loading=\"lazy\" decoding=\"async\" border=\"0\" data-original-height=\"835\" data-original-width=\"1297\" height=\"258\" src=\"https:\/\/blogger.googleusercontent.com\/img\/b\/R29vZ2xl\/AVvXsEi3p4Ut4qvQyHPEZbUrxkQ0u7EwX0eJeEEV0Mkjh7VNni9lM3CUiT11_b9iSP6E7QOQcjrXb2tVipG4D3TJz491f6wOPGj-dnm8KGpWzPCbe7UDVxaZ80bSRBuep-HZ_eQpEy2oZNTOC2k\/w400-h258\/NUESTROS+8+JUGADORES+DEL+SUB10.jpg\" width=\"400\" \/><\/a><\/td>\n<\/tr>\n<tr>\n<td class=\"tr-caption\" style=\"text-align: center\">Los participantes en el Campeonato S-10&nbsp;<\/td>\n<\/tr>\n<\/tbody>\n<\/table>\n<p><span style=\"font-family: Montserrat;font-size: large\"><b><br \/><\/b><\/span><\/p>\n<\/p>\n<p><span style=\"font-family: Montserrat;font-size: large\"><b>Los resultados del resto de participantes fueron los siguientes:<\/b><\/span><\/p>\n<p><span style=\"font-family: Montserrat;font-size: large\"><b>&#8211; Categor\u00eda sub-8: <i>Pablo D\u00edaz-Oliver Rodr\u00edguez-Escalona (10\u00ba)<\/i><\/b><\/span><\/p>\n<p><span style=\"font-family: Montserrat;font-size: large\"><b><i>&#8211; <\/i>Categor\u00eda sub-10: <i>Diego Katwala Mu\u00f1oz (9\u00ba); Miguel Fern\u00e1ndez Romero (11\u00ba); Alejandro Katwala Mu\u00f1oz (12\u00ba); Jorge Arias Riveira (13\u00ba); \u00c1lvaro Chocano Avil\u00e9s (15\u00ba); David Criado Mart\u00edn de Madrid (17\u00ba); Ra\u00fal Rivas Brunner (22\u00ba)<\/i><\/b><\/span><\/p>\n<p><span style=\"font-family: Montserrat;font-size: large\"><b><i>&#8211; <\/i>Categor\u00eda sub-12: <i>Jos\u00e9 Miguel Romero Flores (12\u00ba); Luc\u00eda Romero Flores (4\u00aa femenina); Sergio Chocano Avil\u00e9s (20\u00ba)<\/i><\/b><\/span><\/p>\n<p><span style=\"font-family: Montserrat;font-size: large\"><b><i>&#8211; <\/i>Categor\u00eda sub-14: <i>\u00d3scar Ortega Olivares (17\u00ba)<\/i><\/b><\/span><\/p>\n<p><span style=\"font-family: Montserrat;font-size: large\"><b><i>&#8211; <\/i>Categor\u00eda sub-16: <i>Alonso L\u00f3pez N\u00fa\u00f1ez (4\u00ba); \u00c1ngel Collado Alcolado (6\u00ba)<\/i><\/b><\/span><\/p>\n<p><span style=\"font-family: Montserrat;font-size: large\"><b><i>&#8211; C<\/i>ategor\u00eda sub-18: Alonso L\u00f3pez N\u00fa\u00f1ez (4\u00ba); Roberto Yeghiazaryan Petrosyan (7\u00ba); Arsenio L\u00f3pez Ochoa (10\u00ba); \u00c1ngel Collado Alcolado (13\u00ba)<\/b><\/span><\/p>\n<p><span style=\"font-family: Montserrat;font-size: large\"><b><i><u>El Deporte en Edad Escolar y el regreso de los campeonatos oficiales<\/u><\/i><\/b><\/span><\/p>\n<p><span style=\"font-family: Montserrat;font-size: large\"><b>Durante los pr\u00f3ximos meses de abril, mayo y junio, se retomar\u00e1n las tradicionales competiciones federadas de ajedrez y el Campeonato Regional del Deporte en Edad Escolar (CRDEE) en las fases provinciales y en la<br \/> auton\u00f3mica.<\/b><\/span><\/p>\n","protected":false},"excerpt":{"rendered":"<p>Los participantes en la categor\u00eda sub-12 El Campeonato Provincial por Edades de Ciudad Real finaliz\u00f3 el pasado fin de semana en Valdepe\u00f1as tras 5 jornadas de competici\u00f3n entre s\u00e1bados y domingos. El cumplimiento de la normativa sanitaria ha llevado a que los campeonatos y torneos de 2021 se celebren en espacios amplios como los pabellones [&hellip;]<\/p>\n","protected":false},"author":1,"featured_media":2148,"comment_status":"open","ping_status":"closed","sticky":false,"template":"","format":"standard","meta":{"footnotes":""},"categories":[1],"tags":[],"class_list":["post-2147","post","type-post","status-publish","format-standard","has-post-thumbnail","hentry","category-noticias"],"_links":{"self":[{"href":"https:\/\/www.bfv.cloud\/ajedrezeuropa\/wp-json\/wp\/v2\/posts\/2147","targetHints":{"allow":["GET"]}}],"collection":[{"href":"https:\/\/www.bfv.cloud\/ajedrezeuropa\/wp-json\/wp\/v2\/posts"}],"about":[{"href":"https:\/\/www.bfv.cloud\/ajedrezeuropa\/wp-json\/wp\/v2\/types\/post"}],"author":[{"embeddable":true,"href":"https:\/\/www.bfv.cloud\/ajedrezeuropa\/wp-json\/wp\/v2\/users\/1"}],"replies":[{"embeddable":true,"href":"https:\/\/www.bfv.cloud\/ajedrezeuropa\/wp-json\/wp\/v2\/comments?post=2147"}],"version-history":[{"count":1,"href":"https:\/\/www.bfv.cloud\/ajedrezeuropa\/wp-json\/wp\/v2\/posts\/2147\/revisions"}],"predecessor-version":[{"id":2155,"href":"https:\/\/www.bfv.cloud\/ajedrezeuropa\/wp-json\/wp\/v2\/posts\/2147\/revisions\/2155"}],"wp:featuredmedia":[{"embeddable":true,"href":"https:\/\/www.bfv.cloud\/ajedrezeuropa\/wp-json\/wp\/v2\/media\/2148"}],"wp:attachment":[{"href":"https:\/\/www.bfv.cloud\/ajedrezeuropa\/wp-json\/wp\/v2\/media?parent=2147"}],"wp:term":[{"taxonomy":"category","embeddable":true,"href":"https:\/\/www.bfv.cloud\/ajedrezeuropa\/wp-json\/wp\/v2\/categories?post=2147"},{"taxonomy":"post_tag","embeddable":true,"href":"https:\/\/www.bfv.cloud\/ajedrezeuropa\/wp-json\/wp\/v2\/tags?post=2147"}],"curies":[{"name":"wp","href":"https:\/\/api.w.org\/{rel}","templated":true}]}}