{"id":2156,"date":"2024-12-10T08:24:00","date_gmt":"2024-12-10T08:24:00","guid":{"rendered":"https:\/\/www.bfv.cloud\/ajedrezeuropa\/index.php\/2024\/12\/10\/nuestro-ajedrez-en-europa-logra-el-titulo-nacional-en-el-campeonato-de-espana-de-parejas-mixtas-relampago\/"},"modified":"2025-11-20T10:43:08","modified_gmt":"2025-11-20T10:43:08","slug":"nuestro-ajedrez-en-europa-logra-el-titulo-nacional-en-el-campeonato-de-espana-de-parejas-mixtas-relampago","status":"publish","type":"post","link":"https:\/\/www.bfv.cloud\/ajedrezeuropa\/nuestro-ajedrez-en-europa-logra-el-titulo-nacional-en-el-campeonato-de-espana-de-parejas-mixtas-relampago\/","title":{"rendered":"NUESTRO AJEDREZ EN EUROPA LOGRA EL T\u00cdTULO NACIONAL EN EL CAMPEONATO DE ESPA\u00d1A DE PAREJAS MIXTAS REL\u00c1MPAGO"},"content":{"rendered":"<p>&nbsp;<\/p>\n<table align=\"center\" cellpadding=\"0\" cellspacing=\"0\" class=\"tr-caption-container\" style=\"margin-left: auto;margin-right: auto\">\n<tbody>\n<tr>\n<td style=\"text-align: center\"><a href=\"https:\/\/www.bfv.cloud\/ajedrezeuropa\/wp-content\/uploads\/2024\/12\/020GRUPO20EN20EL20BALI.jpg\" style=\"margin-left: auto;margin-right: auto\"><img fetchpriority=\"high\" decoding=\"async\" border=\"0\" data-original-height=\"921\" data-original-width=\"1870\" height=\"316\" src=\"https:\/\/blogger.googleusercontent.com\/img\/b\/R29vZ2xl\/AVvXsEjM0gkNi4U8iWmCupAZcsHvKF3HcZqaeUliZ5Z0z66wAP9t-Iz0Z4xUxhAI5DV9rGrYopyHoUxcgU78rRFpcbcx1SmVNy72HQPSDZQ9FMMrDnUlsPmgMLxH0UhxUh2mzLVqxIH5ak1ul_VYcBTcv3UCwRXtjEM6mFNHw5_Z5YeU57H7qdChPv_k3wDawkA\/w640-h316\/0%20GRUPO%20EN%20EL%20BALI.jpg\" width=\"640\" \/><\/a><\/td>\n<\/tr>\n<tr>\n<td class=\"tr-caption\" style=\"text-align: center\">Grupo de Nuestro Ajedrez en Europa en la Copa de Espa\u00f1a<\/td>\n<\/tr>\n<\/tbody>\n<\/table>\n<p><\/p>\n<\/p>\n<p style=\"text-align: justify\"><b><span style=\"color: black;,sans-serif;font-size: 16.0pt\">Nuestro Ajedrez en Europa<\/span><\/b><span style=\"color: black;,sans-serif;font-size: 16.0pt\"> ha<br \/>\nlogrado su primer titulo nacional en el <b>Campeonato de Espa\u00f1a Rel\u00e1mpago de<br \/>\nParejas Mixtas<\/b>, dentro de la categor\u00eda sub-18, celebrado el jueves pasado<br \/>\nen Benidorm. La pareja formada por <b>Lorenzo Perea Fruet<\/b>, jugador del<br \/>\nequipo sub18 del club manchego, y <b>Marte Elena Jim\u00e9nez Carrazoni<\/b>, del<br \/>\nequipo sub14, ocuparon el 8\u00ba lugar de la clasificaci\u00f3n absoluta con 11 puntos y<br \/>\nel 1\u00ba de la juvenil. La actuaci\u00f3n fue muy brillante al medirse con parejas<br \/>\ndonde jugaban grandes maestros y maestras internacionales, imponi\u00e9ndose a<br \/>\nalgunas de ellas.<\/span><\/p>\n<p style=\"text-align: justify\">\n<table align=\"center\" cellpadding=\"0\" cellspacing=\"0\" class=\"tr-caption-container\" style=\"margin-left: auto;margin-right: auto\">\n<tbody>\n<tr>\n<td style=\"text-align: center\"><a href=\"https:\/\/www.bfv.cloud\/ajedrezeuropa\/wp-content\/uploads\/2024\/12\/020CAMPEONES20DE20ESPAC391A20PAREJAS20MIXTAS202024.jpg\" style=\"margin-left: auto;margin-right: auto\"><img decoding=\"async\" border=\"0\" data-original-height=\"973\" data-original-width=\"1600\" height=\"390\" src=\"https:\/\/blogger.googleusercontent.com\/img\/b\/R29vZ2xl\/AVvXsEhlRUSUrffC_RcRZNc2rr2u9e8Gz2FOtR-Y_NeXMODq8rH7Mf3drdGYk7f-UzmNEHEW1KMmNIB-4T5BMDpiSwrB-B9Ph-939Zi3Vc2PWIvWfO0swiLB6ehyphenhyphenxYKPYdlpGgXVS0EyOS7KAvJZJF2v_zFtpnzG6bvbxTWO1shTentG6zMyeeDwihnJfKpBaeU\/w640-h390\/0%20CAMPEONES%20DE%20ESPA%C3%91A%20PAREJAS%20MIXTAS%202024.jpg\" width=\"640\" \/><\/a><\/td>\n<\/tr>\n<tr>\n<td class=\"tr-caption\" style=\"text-align: center\">Marta y Lorenzo, en el centro de rodillas) con su trofeo de campeones de Espa\u00f1a de parejas mixtas<\/td>\n<\/tr>\n<\/tbody>\n<\/table>\n<p><span style=\"color: black;,sans-serif;font-size: 16.0pt\"><br \/><\/span><\/p>\n<p style=\"text-align: justify\"><b><u><span style=\"color: black;,sans-serif;font-size: 16.0pt\">Buenos resultados en la XV Copa de Espa\u00f1a<br \/>\npor equipos<\/span><\/u><\/b><\/p>\n<p style=\"text-align: justify\"><span style=\"color: black;,sans-serif;font-size: 16.0pt\">El equipo juvenil de&nbsp;<b><i>Nuestro Ajedrez en Europa<\/i>&nbsp;<\/b>ha<br \/>\nascendido a la 7\u00aa plaza en la&nbsp;<b>Copa de Espa\u00f1a<\/b>&nbsp;por equipos<br \/>\nsub-18 finalizada ayer en Benidorm, tras conseguir 8 puntos en las 6 rondas<br \/>\ndisputadas, siendo su tercer mejor resultado de las 14 participaciones. La<br \/>\nformaci\u00f3n que ha presentado Nuestro Ajedrez en Europa ha sido la compuesta por:<br \/>\n<b>Lorenzo Perea Fruet, Alonso L\u00f3pez N\u00fa\u00f1ez, \u00c1ngel Collado Alcolado, Javier<br \/>\nJim\u00e9nez Carrazoni y Dami\u00e1n \u00c1ngel Lorenzo Calvo.<\/b>&nbsp; En cuanto a la suma<br \/>\nde puntos por partidas, el equipo alcanz\u00f3 17,5 empatado tan solo con el campe\u00f3n<br \/>\ndel torneo, el club valenciano de <b>Eva Manises<\/b>. Las dos rondas que<br \/>\nperdieron fue por la m\u00ednima diferencia 2,5 a 1,5 y por peque\u00f1os detalles en la<br \/>\nfase final de las partidas. Mientras que las victorias fueron por 2<br \/>\ncontundentes 4-0, otra por 3,5 a 0,5 y por 3-1, que fue la menor diferencia de<br \/>\nlas rondas ganadas. La gran participaci\u00f3n, 55 equipos, hizo que las 6 rondas<br \/>\nprevistas para esta copa juvenil fueran pocas. Prueba de ello es que el primer<br \/>\ny segundo clasificado no llegaron a enfrentarse en ning\u00fan momento, ni siquiera<br \/>\nlo hizo el equipo que ocup\u00f3 la 3\u00aa plaza con ninguno de los dos primeros.<\/span><span style=\"color: black;font-size: 16.0pt\"><\/span><\/p>\n<p style=\"text-align: justify\">\n<table align=\"center\" cellpadding=\"0\" cellspacing=\"0\" class=\"tr-caption-container\" style=\"margin-left: auto;margin-right: auto\">\n<tbody>\n<tr>\n<td style=\"text-align: center\"><a href=\"https:\/\/www.bfv.cloud\/ajedrezeuropa\/wp-content\/uploads\/2024\/12\/120EQUIPO20EUROPA20EN20JUEGO.jpg\" style=\"margin-left: auto;margin-right: auto\"><img decoding=\"async\" border=\"0\" data-original-height=\"1200\" data-original-width=\"1600\" height=\"480\" src=\"https:\/\/blogger.googleusercontent.com\/img\/b\/R29vZ2xl\/AVvXsEiWWxBgNyqYv2L2vwIJha8DVOCyoRFEyjlBhdEKTL48dI5UFNYpSVFk2QZajU7XKGV8cyTc0t8QksNmN1mbZ6pKJ_IHVGq9FuKdR13Nxq4afC_ct_IuEf1VGmSkaEJpdYJVpcwp5vLBUBDp_8G2Qx9LVAZM59xxH2MlZyqoV2REqDiU1N67NrRLnNwRdiY\/w640-h480\/1%20EQUIPO%20EUROPA%20EN%20JUEGO.jpg\" width=\"640\" \/><\/a><\/td>\n<\/tr>\n<tr>\n<td class=\"tr-caption\" style=\"text-align: center\">Los 5 jugadores de Nuestro Ajedrez en Europa sub18<\/td>\n<\/tr>\n<\/tbody>\n<\/table>\n<p><span style=\"color: black;,sans-serif;font-size: 16.0pt\"><br \/><\/span><\/p>\n<p style=\"text-align: justify\"><b><i><u><span style=\"color: black;,sans-serif;font-size: 16.0pt\">El equipo sub14 de Nuestro<br \/>\nAjedrez por la Igualdad finaliza tambi\u00e9n en 7\u00aa posici\u00f3n<\/span><\/u><\/i><\/b><span style=\"color: black;font-size: 16.0pt\"><\/span><\/p>\n<p style=\"text-align: justify\"><span style=\"color: black;,sans-serif;font-size: 16.0pt\">El segundo equipo participante del proyecto ha sido el sub-14<br \/>\nde&nbsp;<b><i>Nuestro Ajedrez por la Igualdad<\/i><\/b>, que ha competido<br \/>\nconforme al siguiente orden de fuerza:&nbsp;<b>Federico Perea Fruet<\/b>, <b>Marta<br \/>\nElena Jim\u00e9nez Carrazoni, Iker Herr\u00e1iz G\u00f3mez, Jaime Vila Castillo y Aday<br \/>\nBerm\u00fadez Gonz\u00e1lez.&nbsp;<\/b>La 7\u00aa plaza, con 8 puntos, sabe a poco despu\u00e9s de<br \/>\nhaber perdido un solo encuentro con el equipo de <b>Gerunda<\/b>, que finalmente<br \/>\nresult\u00f3 campe\u00f3n, y sumar un empate a 2 con el subcampe\u00f3n, el club <b>Dama Negra<\/b>,<br \/>\nen la 4\u00aa ronda del campeonato.<b><i><u><\/u><\/i><\/b><\/span><\/p>\n<p style=\"text-align: justify\">\n<table align=\"center\" cellpadding=\"0\" cellspacing=\"0\" class=\"tr-caption-container\" style=\"margin-left: auto;margin-right: auto\">\n<tbody>\n<tr>\n<td style=\"text-align: center\"><a href=\"https:\/\/www.bfv.cloud\/ajedrezeuropa\/wp-content\/uploads\/2024\/12\/73c2d711-87bc-4c0f-974c-afede6295e50.jpg\" style=\"margin-left: auto;margin-right: auto\"><img loading=\"lazy\" decoding=\"async\" border=\"0\" data-original-height=\"1500\" data-original-width=\"1500\" height=\"640\" src=\"https:\/\/blogger.googleusercontent.com\/img\/b\/R29vZ2xl\/AVvXsEggB7bcuNtqoDsM4aWasCa0E7vFuaW7TX10K4UJZTQe5bZwIU2VLsUtIfWv1MhisSPb5SQO065LqyPw_Usz85pau2CV70ki3jqlGgzfR8Y0vuyvOeKff6ntyaqHemmIDj1_92cm0zsQ_oEIqpT0gS428WlA5x1nxzF6srYAz6Yi_nloVmYy5pamQ9Suut0\/w640-h640\/73c2d711-87bc-4c0f-974c-afede6295e50.jpg\" width=\"640\" \/><\/a><\/td>\n<\/tr>\n<tr>\n<td class=\"tr-caption\" style=\"text-align: center\">El equipo sub14 de Nuestro Ajedrez por la Igualdad<\/td>\n<\/tr>\n<\/tbody>\n<\/table>\n<p><span style=\"color: black;,sans-serif;font-size: 16.0pt\">Agradecemos a las familias su plena colaboraci\u00f3n antes, durante y despu\u00e9s de los torneos celebrados en Benidorm. Tambi\u00e9n queremos felicitar al gran maestro, Herminio Herr\u00e1iz, y a los preparadores, Roberto L\u00f3pez y Silvia Toribio, por su trabajo y dedicaci\u00f3n todos estos d\u00edas.<\/span><\/p>\n<p style=\"text-align: justify\"><b><i><u><span style=\"color: black;,sans-serif;font-size: 16.0pt\">Pr\u00f3ximas actividades<\/span><\/u><\/i><\/b><span style=\"color: black;font-size: 16.0pt\"><\/span><\/p>\n<p style=\"text-align: justify\"><span style=\"color: black;,sans-serif;font-size: 16.0pt\">Durante el periodo navide\u00f1o los j\u00f3venes ajedrecistas de las<br \/>\nescuelas de Alc\u00e1zar y Villafranca tienen la oportunidad de participar en dos<br \/>\nactividades. Por un lado, una nueva acci\u00f3n formativa con la XVI edici\u00f3n de la<br \/>\nConcentraci\u00f3n de Navidad del 26 al 28 de diciembre. Y, por otra parte, el 18\u00ba<br \/>\nTorneo de Ajedrez por la Igualdad que se disputar\u00e1 el domingo 4 de enero de 2025<br \/>\nen el sal\u00f3n de actos de la casa de la cultura de Villafranca de los Caballeros.<\/span><\/p><\/p>\n","protected":false},"excerpt":{"rendered":"<p>&nbsp; Grupo de Nuestro Ajedrez en Europa en la Copa de Espa\u00f1a Nuestro Ajedrez en Europa ha logrado su primer titulo nacional en el Campeonato de Espa\u00f1a Rel\u00e1mpago de Parejas Mixtas, dentro de la categor\u00eda sub-18, celebrado el jueves pasado en Benidorm. La pareja formada por Lorenzo Perea Fruet, jugador del equipo sub18 del club [&hellip;]<\/p>\n","protected":false},"author":1,"featured_media":2157,"comment_status":"open","ping_status":"closed","sticky":false,"template":"","format":"standard","meta":{"footnotes":""},"categories":[1],"tags":[],"class_list":["post-2156","post","type-post","status-publish","format-standard","has-post-thumbnail","hentry","category-noticias"],"_links":{"self":[{"href":"https:\/\/www.bfv.cloud\/ajedrezeuropa\/wp-json\/wp\/v2\/posts\/2156","targetHints":{"allow":["GET"]}}],"collection":[{"href":"https:\/\/www.bfv.cloud\/ajedrezeuropa\/wp-json\/wp\/v2\/posts"}],"about":[{"href":"https:\/\/www.bfv.cloud\/ajedrezeuropa\/wp-json\/wp\/v2\/types\/post"}],"author":[{"embeddable":true,"href":"https:\/\/www.bfv.cloud\/ajedrezeuropa\/wp-json\/wp\/v2\/users\/1"}],"replies":[{"embeddable":true,"href":"https:\/\/www.bfv.cloud\/ajedrezeuropa\/wp-json\/wp\/v2\/comments?post=2156"}],"version-history":[{"count":1,"href":"https:\/\/www.bfv.cloud\/ajedrezeuropa\/wp-json\/wp\/v2\/posts\/2156\/revisions"}],"predecessor-version":[{"id":2161,"href":"https:\/\/www.bfv.cloud\/ajedrezeuropa\/wp-json\/wp\/v2\/posts\/2156\/revisions\/2161"}],"wp:featuredmedia":[{"embeddable":true,"href":"https:\/\/www.bfv.cloud\/ajedrezeuropa\/wp-json\/wp\/v2\/media\/2157"}],"wp:attachment":[{"href":"https:\/\/www.bfv.cloud\/ajedrezeuropa\/wp-json\/wp\/v2\/media?parent=2156"}],"wp:term":[{"taxonomy":"category","embeddable":true,"href":"https:\/\/www.bfv.cloud\/ajedrezeuropa\/wp-json\/wp\/v2\/categories?post=2156"},{"taxonomy":"post_tag","embeddable":true,"href":"https:\/\/www.bfv.cloud\/ajedrezeuropa\/wp-json\/wp\/v2\/tags?post=2156"}],"curies":[{"name":"wp","href":"https:\/\/api.w.org\/{rel}","templated":true}]}}