{"id":2162,"date":"2013-05-22T22:08:00","date_gmt":"2013-05-22T22:08:00","guid":{"rendered":"https:\/\/www.bfv.cloud\/ajedrezeuropa\/index.php\/2013\/05\/22\/iii-campeonato-provincial-por-equipos-de-toledo-sub-16\/"},"modified":"2025-11-20T10:43:11","modified_gmt":"2025-11-20T10:43:11","slug":"iii-campeonato-provincial-por-equipos-de-toledo-sub-16","status":"publish","type":"post","link":"https:\/\/www.bfv.cloud\/ajedrezeuropa\/iii-campeonato-provincial-por-equipos-de-toledo-sub-16\/","title":{"rendered":"III CAMPEONATO PROVINCIAL POR EQUIPOS DE TOLEDO SUB-16"},"content":{"rendered":"<div class=\"separator\" style=\"clear: both;text-align: center\">\n<a href=\"https:\/\/www.bfv.cloud\/ajedrezeuropa\/wp-content\/uploads\/2013\/05\/logocentrosanmarcos.jpg\" style=\"margin-left: 1em;margin-right: 1em\"><img decoding=\"async\" border=\"0\" height=\"71\" src=\"https:\/\/blogger.googleusercontent.com\/img\/b\/R29vZ2xl\/AVvXsEitdX85l1aTalKgREh6s-qpghUUZR0y1gfGI-x0fsjwjEXKDQRBh7G-mnmne_ePPvblwEg9oe2rwUkdAMithtHUq3QkSo9cAXoXkwdbEGZ3viRNnd6mHyy2j2S5aEdUUMuAqOZSQGptuZs\/s320\/logo+centro+san+marcos.jpg\" width=\"320\" \/><\/a><\/div>\n<table cellpadding=\"0\" cellspacing=\"0\" class=\"tr-caption-container\" style=\"float: left;margin-right: 1em;text-align: left\">\n<tbody>\n<tr>\n<td style=\"text-align: center\"><a href=\"https:\/\/www.bfv.cloud\/ajedrezeuropa\/wp-content\/uploads\/2013\/05\/fotosanmarcos.jpg\" style=\"clear: right;margin-bottom: 1em;margin-left: auto;margin-right: auto\"><img fetchpriority=\"high\" decoding=\"async\" border=\"0\" height=\"298\" src=\"https:\/\/blogger.googleusercontent.com\/img\/b\/R29vZ2xl\/AVvXsEietNM8hHDXdIb6ix4qr8UufO8eXtDnX64J3oWIVa92fcs5WKp3Yiye4UUUp4Jvn-VbnvKshzPi7yotCuADGV1PrSrY-UrCqv5n-Kmo_eXytHUamk3fJCl_4FVj_K3jSxIzUWDgj0d3sjk\/s400\/foto+san+marcos.jpg\" width=\"400\" \/><\/a><\/td>\n<\/tr>\n<tr>\n<td class=\"tr-caption\" style=\"text-align: center\">La c\u00fapula del centro San Marcos<\/td>\n<\/tr>\n<\/tbody>\n<\/table>\n<table cellpadding=\"0\" cellspacing=\"0\" class=\"tr-caption-container\" style=\"float: left;margin-right: 1em;text-align: left\">\n<tbody>\n<tr>\n<td style=\"text-align: center\"><a href=\"https:\/\/www.bfv.cloud\/ajedrezeuropa\/wp-content\/uploads\/2013\/05\/provincialequiposToledoS-16012.jpg\" style=\"clear: left;margin-bottom: 1em;margin-left: auto;margin-right: auto\"><img decoding=\"async\" border=\"0\" height=\"320\" src=\"https:\/\/blogger.googleusercontent.com\/img\/b\/R29vZ2xl\/AVvXsEhRmYikxM2WWWpXMn2iJtzDwAFqH8DLTRTlGvzTlqvSVkDoGlxDIpNfpDpoP-wvcJs9Bksd9UXTVOnREo47Re2GtyFpC9ht43rA6gIJdUvqqk8gWg_dLGs18I8YaWjk-sS0rmx4k6jfuGk\/s320\/provincial+equipos+Toledo+S-16+012.jpg\" width=\"277\" \/><\/a><\/td>\n<\/tr>\n<tr>\n<td class=\"tr-caption\" style=\"text-align: center\">El equipo sub-16 de Nuestro Ajedrez en Europa<br \/>\nen el provincial de clubes del a\u00f1o pasado<\/p>\n<\/td>\n<\/tr>\n<\/tbody>\n<\/table>\n<p>\n<span style=\"font-family: Verdana, sans-serif\">De acuerdo con las bases del<br \/>\nCampeonato Provincial de Toledo por Equipos Sub-16, ser\u00e1 el s\u00e1bado 25 de mayo<br \/>\nel \u00fanico d\u00eda de competici\u00f3n al ser 4 los clubes inscritos. Por lo tanto, el<br \/>\nCentro Cultural San Marcos de la capital regional albergar\u00e1, por segundo a\u00f1o,<br \/>\nesta competici\u00f3n que tanto inter\u00e9s e ilusi\u00f3n despierta entre todos nuestros<br \/>\nj\u00f3venes jugadores. A falta de unos d\u00edas para que tenga lugar el encuentro,<br \/>\nestos son los \u00f3rdenes de fuerza de nuestros equipos para competir por las 2<br \/>\nplazas que dan acceso a la final castellano-manchega:<\/span><\/p>\n<h3 style=\"text-align: center\">\n<u>CLUB NUESTRO AJEDREZ EN EUROPA<\/u><\/h3>\n<div align=\"center\" class=\"MsoNormal\" style=\"text-align: center\">\n<span style=\"font-family: Verdana, sans-serif\">1.- Isaac Lozano<br \/>\nOsorio<\/span><\/div>\n<div align=\"center\" class=\"MsoNormal\" style=\"text-align: center\">\n<span style=\"font-family: Verdana, sans-serif\">2.- Cosimo Leonardo<br \/>\nde Giorgi Benavent<\/span><\/div>\n<div align=\"center\" class=\"MsoNormal\" style=\"text-align: center\">\n<span style=\"font-family: Verdana, sans-serif\">3.- Javier Valdepe\u00f1as<br \/>\nOctavio<\/span><\/div>\n<div align=\"center\" class=\"MsoNormal\" style=\"text-align: center\">\n<span style=\"font-family: Verdana, sans-serif\">4.- Irene Sim\u00f3n<br \/>\nEscalona<\/span><\/div>\n<div align=\"center\" class=\"MsoNormal\" style=\"text-align: center\">\n<span style=\"font-family: Verdana, sans-serif\">5.- Silvia Toribio<br \/>\nCamu\u00f1as<\/span><\/div>\n<h3 style=\"text-align: center\">\n<u>CLUB NUESTRO AJEDREZ POR LA IGUALDAD<\/u><\/h3>\n<div align=\"center\" class=\"MsoNormal\" style=\"text-align: center\">\n<span style=\"font-family: Verdana, sans-serif\">1.- Julio M\u00e9rida<br \/>\nOrtiz<\/span><\/div>\n<div align=\"center\" class=\"MsoNormal\" style=\"text-align: center\">\n<span style=\"font-family: Verdana, sans-serif\">2.- Iv\u00e1n Valencia de<br \/>\nLoma<\/span><\/div>\n<div align=\"center\" class=\"MsoNormal\" style=\"text-align: center\">\n<span style=\"font-family: Verdana, sans-serif\">3.- Marta Espinosa<br \/>\nGil<\/span><\/div>\n<div align=\"center\" class=\"MsoNormal\" style=\"text-align: center\">\n<span style=\"font-family: Verdana, sans-serif\">4.- Alba P\u00edriz<br \/>\nFern\u00e1ndez<\/span><\/div>\n<div align=\"center\" class=\"MsoNormal\" style=\"text-align: center\">\n<span style=\"font-family: Verdana, sans-serif\">5.- Arturo Mate<br \/>\nMart\u00edn<\/span><\/div>\n<div align=\"center\" class=\"MsoNormal\" style=\"text-align: center\">\n<span style=\"font-family: Verdana, sans-serif\">6.- Isabel<br \/>\nMarcos-Alberca Lizcano<\/span><\/div>\n<div align=\"center\" class=\"MsoNormal\" style=\"text-align: center\">\n<span style=\"font-family: Verdana, sans-serif\">7.- Samuel Ortiz&nbsp; S\u00e1nchez<\/span><\/div>\n<div align=\"center\" class=\"MsoNormal\" style=\"text-align: center\">\n<span style=\"font-family: Verdana, sans-serif\">8.- Enrique Velasco<br \/>\nAragon\u00e9s<\/span><\/div>\n<div align=\"center\" class=\"MsoNormal\" style=\"text-align: center\">\n<span style=\"font-family: Verdana, sans-serif\">9.- Julia Meza Osorio<\/span><\/div>\n<h4 style=\"text-align: center\">\n<u><span style=\"color: blue\">CANCELADO EL ENCUENTRO POR EQUIPOS&nbsp;<\/span><\/u><b><u><span style=\"color: blue\">PARA JUGADORES<br \/>\nDE MENOR EDAD<\/span><\/u><\/b><\/h4>\n<h4 style=\"text-align: center\">\n<span style=\"font-weight: normal\">&nbsp;<span style=\"color: blue;font-family: Verdana, sans-serif;text-align: justify\">Hace un par de semanas que la<br \/>\norganizaci\u00f3n nos propuso la opci\u00f3n de jugar otro torneo, en paralelo al<br \/>\noficial, compuesto por otros equipos de chicos y chicas pertenecientes a los<br \/>\npropios clubes competidores, pero con un ritmo de juego y un formato distinto<br \/>\npara que pudiera finalizar al mediod\u00eda. Nuestra postura fue favorable a este<br \/>\notro encuentro, llegando a contactar con otros 8 alumnos de las escuelas y<br \/>\nplanificar el transporte a Toledo. Pero, para sorpresa de todos, ayer nos ponen<br \/>\nen antecedentes de los \u201cgraves\u201d problemas log\u00edsticos que est\u00e1n encontrando para<br \/>\nrealizar este segundo torneo y que, por lo tanto, han decidido cancelarlo por<br \/>\neste a\u00f1o. Al parecer no pueden solventar la falta de mobiliario suficiente para<br \/>\nllevar a cabo los dos torneos, simult\u00e1neamente, en el Centro Cultural San<br \/>\nMarcos.&nbsp;<\/span><\/span><\/h4>\n<h4 style=\"text-align: center\">\n<span style=\"color: blue;font-family: Verdana, sans-serif;font-weight: normal;text-align: justify\">A nuestro entender este peque\u00f1o<br \/>\nincidente podr\u00eda haberse solucionado con un poco m\u00e1s de previsi\u00f3n y actuando a<br \/>\nsu debido tiempo. A estas alturas s\u00f3lo nos queda lamentar las molestias causadas<br \/>\npor esta cancelaci\u00f3n a los propios jugadores y a sus padres y acompa\u00f1antes.&nbsp;<\/span><\/h4>\n","protected":false},"excerpt":{"rendered":"<p>La c\u00fapula del centro San Marcos El equipo sub-16 de Nuestro Ajedrez en Europa en el provincial de clubes del a\u00f1o pasado De acuerdo con las bases del Campeonato Provincial de Toledo por Equipos Sub-16, ser\u00e1 el s\u00e1bado 25 de mayo el \u00fanico d\u00eda de competici\u00f3n al ser 4 los clubes inscritos. Por lo tanto, [&hellip;]<\/p>\n","protected":false},"author":1,"featured_media":2163,"comment_status":"open","ping_status":"closed","sticky":false,"template":"","format":"standard","meta":{"footnotes":""},"categories":[1],"tags":[],"class_list":["post-2162","post","type-post","status-publish","format-standard","has-post-thumbnail","hentry","category-noticias"],"_links":{"self":[{"href":"https:\/\/www.bfv.cloud\/ajedrezeuropa\/wp-json\/wp\/v2\/posts\/2162","targetHints":{"allow":["GET"]}}],"collection":[{"href":"https:\/\/www.bfv.cloud\/ajedrezeuropa\/wp-json\/wp\/v2\/posts"}],"about":[{"href":"https:\/\/www.bfv.cloud\/ajedrezeuropa\/wp-json\/wp\/v2\/types\/post"}],"author":[{"embeddable":true,"href":"https:\/\/www.bfv.cloud\/ajedrezeuropa\/wp-json\/wp\/v2\/users\/1"}],"replies":[{"embeddable":true,"href":"https:\/\/www.bfv.cloud\/ajedrezeuropa\/wp-json\/wp\/v2\/comments?post=2162"}],"version-history":[{"count":1,"href":"https:\/\/www.bfv.cloud\/ajedrezeuropa\/wp-json\/wp\/v2\/posts\/2162\/revisions"}],"predecessor-version":[{"id":2166,"href":"https:\/\/www.bfv.cloud\/ajedrezeuropa\/wp-json\/wp\/v2\/posts\/2162\/revisions\/2166"}],"wp:featuredmedia":[{"embeddable":true,"href":"https:\/\/www.bfv.cloud\/ajedrezeuropa\/wp-json\/wp\/v2\/media\/2163"}],"wp:attachment":[{"href":"https:\/\/www.bfv.cloud\/ajedrezeuropa\/wp-json\/wp\/v2\/media?parent=2162"}],"wp:term":[{"taxonomy":"category","embeddable":true,"href":"https:\/\/www.bfv.cloud\/ajedrezeuropa\/wp-json\/wp\/v2\/categories?post=2162"},{"taxonomy":"post_tag","embeddable":true,"href":"https:\/\/www.bfv.cloud\/ajedrezeuropa\/wp-json\/wp\/v2\/tags?post=2162"}],"curies":[{"name":"wp","href":"https:\/\/api.w.org\/{rel}","templated":true}]}}