{"id":2167,"date":"2014-12-09T22:45:00","date_gmt":"2014-12-09T22:45:00","guid":{"rendered":"https:\/\/www.bfv.cloud\/ajedrezeuropa\/index.php\/2014\/12\/09\/un-gran-resultado-de-nuestro-ajedrez-en-europa-en-el-campeonato-de-espana-por-equipos-sub-16\/"},"modified":"2025-11-20T10:43:28","modified_gmt":"2025-11-20T10:43:28","slug":"un-gran-resultado-de-nuestro-ajedrez-en-europa-en-el-campeonato-de-espana-por-equipos-sub-16","status":"publish","type":"post","link":"https:\/\/www.bfv.cloud\/ajedrezeuropa\/un-gran-resultado-de-nuestro-ajedrez-en-europa-en-el-campeonato-de-espana-por-equipos-sub-16\/","title":{"rendered":"UN GRAN RESULTADO DE \u201cNUESTRO AJEDREZ EN EUROPA\u201d EN EL CAMPEONATO DE ESPA\u00d1A POR EQUIPOS SUB-16"},"content":{"rendered":"<div class=\"separator\" style=\"clear: both;text-align: center\">\n<a href=\"https:\/\/www.bfv.cloud\/ajedrezeuropa\/wp-content\/uploads\/2014\/12\/SAM_1238.jpg\" style=\"margin-left: 1em;margin-right: 1em\"><img fetchpriority=\"high\" decoding=\"async\" border=\"0\" src=\"https:\/\/www.bfv.cloud\/ajedrezeuropa\/wp-content\/uploads\/2014\/12\/SAM_1238.jpg\" height=\"134\" width=\"640\" \/><\/a><\/div>\n<p><\/p>\n<div class=\"MsoBodyText3\">\n<b><span style=\"font-family: Georgia, Times New Roman, serif\"><u><i>\u201cNUESTRO AJEDREZ EN EUROPA\u201d LOGRA EL 11\u00ba PUESTO Y MEJORA<br \/>\n12 POSICIONES CON RESPECTO AL RANKING INICIAL<\/i><\/u><\/span><\/b><\/div>\n<div class=\"MsoBodyText3\">\n<b><span style=\"font-family: Georgia, Times New Roman, serif\"><u><i><br \/><\/i><\/u><\/span><\/b><\/div>\n<table cellpadding=\"0\" cellspacing=\"0\" class=\"tr-caption-container\" style=\"clear: left;float: left;margin-bottom: 1em;text-align: left\">\n<tbody>\n<tr>\n<td style=\"text-align: center\"><a href=\"https:\/\/www.bfv.cloud\/ajedrezeuropa\/wp-content\/uploads\/2014\/12\/SAM_1251.jpg\" style=\"clear: left;margin-bottom: 1em;margin-left: auto;margin-right: auto\"><img decoding=\"async\" border=\"0\" src=\"https:\/\/www.bfv.cloud\/ajedrezeuropa\/wp-content\/uploads\/2014\/12\/SAM_1251.jpg\" height=\"300\" width=\"400\" \/><\/a><\/td>\n<\/tr>\n<tr>\n<td class=\"tr-caption\" style=\"text-align: center\">Los participantes de nuestros clubes a la entrada del hotel Bali<\/td>\n<\/tr>\n<\/tbody>\n<\/table>\n<table cellpadding=\"0\" cellspacing=\"0\" class=\"tr-caption-container\" style=\"float: right;margin-left: 1em;text-align: right\">\n<tbody>\n<tr>\n<td style=\"text-align: center\"><a href=\"https:\/\/www.bfv.cloud\/ajedrezeuropa\/wp-content\/uploads\/2014\/12\/SAM_1269.jpg\" style=\"clear: right;margin-bottom: 1em;margin-left: auto;margin-right: auto\"><img decoding=\"async\" border=\"0\" src=\"https:\/\/www.bfv.cloud\/ajedrezeuropa\/wp-content\/uploads\/2014\/12\/SAM_1269.jpg\" height=\"300\" width=\"400\" \/><\/a><\/td>\n<\/tr>\n<tr>\n<td class=\"tr-caption\" style=\"text-align: center\">\u00abNUESTRO AJEDREZ EN EUROPA\u00bb antes del comienzo de una ronda<\/td>\n<\/tr>\n<\/tbody>\n<\/table>\n<div class=\"MsoBodyText2\">\n<b><span style=\"font-family: Georgia, Times New Roman, serif\">La participaci\u00f3n de los 2 clubes del proyecto \u201cNUESTRO<br \/>\nAJEDREZ EN EUROPA\u201d en la&nbsp; final del<br \/>\nCECLUB SUB-16 ha ofrecido un gran resultado para ambos. El primer equipo, que<br \/>\nlleva el mismo nombre del proyecto, lograba la 11\u00aa posici\u00f3n en un campeonato<br \/>\ncompuesto por 29 equipos de toda Espa\u00f1a en el que part\u00eda del puesto 23 del<br \/>\nranking. Con el mayor n\u00famero de clubes participantes de las 7 ediciones<br \/>\ncelebradas hasta ahora, y a pesar de partir muy atr\u00e1s en el ranking definido<br \/>\npor la media de elo internacional de los 4 primeros jugadores de cada equipo,<br \/>\nlos 5 ajedrecistas encargados de representar a la primera formaci\u00f3n sub-16 de<br \/>\nnuestro proyecto han logrado la mayor subida de entre todos los clubes<br \/>\npresentes, nada menos que 12 puestos. <\/span><\/b><\/div>\n<div class=\"MsoBodyText2\">\n<b><span style=\"font-family: Georgia, Times New Roman, serif\">El 6\u00ba emparejamiento les llev\u00f3 hasta la mesa 5, para<br \/>\njugar con el rival de mayor nivel de todos los que le hab\u00edan correspondido en<br \/>\nlas 3 jornadas anteriores. El magn\u00edfico juego desarrollado por los 4 tableros<br \/>\nde \u201cNUESTRO AJEDREZ EN EUROPA\u201d en la \u00faltima ronda frente al \u201cCLUB de ALCOY\u201d, 5\u00ba<br \/>\nen el orden de fuerza inicial, les deber\u00eda haber permitido vencer el encuentro,<br \/>\naunque a veces los resultados no son todo lo justos que debieran y, finalmente,<br \/>\nsolamente se pudo empatar a 2 tras casi 4 horas de partidas.&nbsp; De esta manera, y por sexto a\u00f1o consecutivo<br \/>\npara el club en el que juegan, Javier Valdepe\u00f1as, Irene Sim\u00f3n, Silvia Toribio,<br \/>\nRoberto L\u00f3pez y Alfredo Amador, rescrib\u00edan el nombre de nuestro proyecto entre<br \/>\nlos m\u00e1s destacados del ajedrez nacional. <\/span><\/b><\/div>\n<div class=\"MsoBodyText2\">\n<b><span style=\"font-family: Georgia, Times New Roman, serif\"><br \/><\/span><\/b><\/div>\n<div class=\"separator\" style=\"clear: both;text-align: center\">\n<a href=\"https:\/\/www.bfv.cloud\/ajedrezeuropa\/wp-content\/uploads\/2014\/12\/image-1-1.jpg\" style=\"margin-left: 1em;margin-right: 1em\"><img loading=\"lazy\" decoding=\"async\" border=\"0\" src=\"https:\/\/www.bfv.cloud\/ajedrezeuropa\/wp-content\/uploads\/2014\/12\/image-1-1.jpg\" height=\"358\" width=\"640\" \/><\/a><\/div>\n<div class=\"separator\" style=\"clear: both;text-align: center\">\n<a href=\"https:\/\/www.bfv.cloud\/ajedrezeuropa\/wp-content\/uploads\/2014\/12\/image-2.jpg\" style=\"margin-left: 1em;margin-right: 1em\"><img loading=\"lazy\" decoding=\"async\" border=\"0\" src=\"https:\/\/www.bfv.cloud\/ajedrezeuropa\/wp-content\/uploads\/2014\/12\/image-2.jpg\" height=\"122\" width=\"640\" \/><\/a><\/div>\n<p>&nbsp;<b><span style=\"font-family: Georgia, Times New Roman, serif\">&nbsp;<\/span><\/b><\/p>\n<div class=\"MsoBodyText2\">\n<i><u><b><span style=\"font-family: Georgia, Times New Roman, serif\">\u201cNUESTRO AJEDREZ POR LA IGUALDAD\u201d OCUPA LA 21\u00aa<br \/>\nPLAZA Y MEJORA 7&nbsp;<\/span><\/b><\/u><\/i><\/div>\n<div class=\"MsoBodyText2\">\n<i><u><b><span style=\"font-family: Georgia, Times New Roman, serif\">PUESTOS SU RANKING<\/span><\/b><\/u><\/i><\/div>\n<div class=\"MsoBodyText2\">\n<span style=\"font-family: Georgia, Times New Roman, serif\"><b><i><u><br \/><\/u><\/i><\/b><\/span><i><u><b><span style=\"font-family: Georgia, Times New Roman, serif\"><\/p>\n<table cellpadding=\"0\" cellspacing=\"0\" class=\"tr-caption-container\" style=\"float: left;margin-right: 1em;text-align: left\">\n<tbody>\n<tr>\n<td style=\"text-align: center\"><a href=\"https:\/\/www.bfv.cloud\/ajedrezeuropa\/wp-content\/uploads\/2014\/12\/SAM_1235.jpg\" style=\"clear: left;margin-bottom: 1em;margin-left: auto;margin-right: auto\"><img loading=\"lazy\" decoding=\"async\" border=\"0\" src=\"https:\/\/www.bfv.cloud\/ajedrezeuropa\/wp-content\/uploads\/2014\/12\/SAM_1235.jpg\" height=\"300\" width=\"400\" \/><\/a><\/td>\n<\/tr>\n<tr>\n<td class=\"tr-caption\" style=\"text-align: center\">\u00abNUESTRO AJEDREZ POR LA IGUALDAD\u00bb &nbsp;al inicio del<br \/>\ncampeonato<\/td>\n<\/tr>\n<\/tbody>\n<\/table>\n<p><\/span><\/b><\/u><\/i><\/div>\n<div class=\"MsoBodyText2\">\n<b><span style=\"font-family: Georgia, Times New Roman, serif\">\u201cNUESTRO AJEDREZ POR LA IGUALDAD\u201d, como segundo club del<br \/>\nproyecto, sirve como escuela de formaci\u00f3n deportiva y competitiva para los<br \/>\nalumnos de las escuelas de Alc\u00e1zar de San Juan y Villafranca de los Caballeros.<br \/>\nTambi\u00e9n sus 6 jugadores, 3 chicos y 3 chicas, realizaban una gran actuaci\u00f3n<br \/>\npese a su enorme juventud y ser tan solo se segunda participaci\u00f3n en un<br \/>\nnacional por equipos. Partiendo de la 28\u00aa posici\u00f3n, lograba el puesto 21 en la<br \/>\nclasificaci\u00f3n final, convirti\u00e9ndose en el segundo con mayor mejora por detr\u00e1s<br \/>\nde \u201cEUROPA\u201d. As\u00ed, Julio M\u00e9rida, Alba P\u00edriz, Isabel Marcos-Alberca, Enrique<br \/>\nVelasco, Arturo Mate y Marta Espinosa, consegu\u00edan adelantar a rivales<br \/>\nte\u00f3ricamente muy superiores como los navarros \u201cOBERENA\u201d y \u201cMIKEL GUREA\u201d.<\/span><\/b><\/div>\n<div class=\"MsoBodyText2\">\n<\/div>\n<div class=\"MsoBodyText2\">\n<\/div>\n<div class=\"MsoBodyText2\">\n<i><u><b><span style=\"font-family: Georgia, Times New Roman, serif\">EN UN A\u00d1O DE TRANSICI\u00d3N PARA LOS EQUIPOS SUB-16<\/span><\/b><\/u><\/i><\/div>\n<div class=\"MsoBodyText2\">\n<b><span style=\"font-family: Georgia, Times New Roman, serif\">Se da la circunstancia de que esta temporada de 2014 ha<br \/>\nestado marcada por el relevo generacional que se ha producido en nuestro primer<br \/>\nequipo sub-16, causado por el pase a la categor\u00eda sub-18 de 2 de los jugadores<br \/>\nm\u00e1s fuertes de la formaci\u00f3n en 2013, Isaac Lozano y Leo de Giorgi. En unas<br \/>\ncondiciones tan especiales es mucho m\u00e1s meritoria su actuaci\u00f3n en esta final<br \/>\nnacional. Sin embargo, el a\u00f1o 2015 presenta unas caracter\u00edsticas diferentes al<br \/>\ntenerse que producir una \u00fanica salida por edad en el sub-16 de \u201cNUESTRO AJEDREZ<br \/>\nEN EUROPA\u201d, Silvia Toribio. Por lo tanto, la temporada que comenzar\u00e1 en pocos<br \/>\nd\u00edas se presenta como una consolidaci\u00f3n de la que ahora termina, con la ventaja<br \/>\nde sumar 3 jugadores procedentes de \u201cNUESTRO AJEDREZ POR LA IGUALDAD\u201d, con 2<br \/>\na\u00f1os de experiencia en campeonatos nacionales a este primer equipo sub-16:<br \/>\nJulio M\u00e9rida, Arturo Mate y Marta Espinosa.<\/span><\/b><\/div>\n<div class=\"MsoBodyText2\">\n<\/div>\n<div class=\"MsoBodyText2\">\n<i><u><b><span style=\"font-family: Georgia, Times New Roman, serif\">7 JUGADORES M\u00c1S EN LOS TORNEOS INDIVIDUALES<\/span><\/b><\/u><\/i><\/div>\n<table cellpadding=\"0\" cellspacing=\"0\" class=\"tr-caption-container\" style=\"float: left;margin-right: 1em;text-align: left\">\n<tbody>\n<tr>\n<td style=\"text-align: center\"><a href=\"https:\/\/www.bfv.cloud\/ajedrezeuropa\/wp-content\/uploads\/2014\/12\/SAM_1239.jpg\" style=\"clear: left;margin-bottom: 1em;margin-left: auto;margin-right: auto\"><img loading=\"lazy\" decoding=\"async\" border=\"0\" src=\"https:\/\/www.bfv.cloud\/ajedrezeuropa\/wp-content\/uploads\/2014\/12\/SAM_1239.jpg\" height=\"150\" width=\"200\" \/><\/a><\/td>\n<\/tr>\n<tr>\n<td class=\"tr-caption\" style=\"text-align: center\">Gabriel Amador en el sub-8<\/td>\n<\/tr>\n<\/tbody>\n<\/table>\n<div class=\"MsoBodyText2\">\n<i><u><b><span style=\"font-family: Georgia, Times New Roman, serif\"><br \/><\/span><\/b><\/u><\/i><\/div>\n<table cellpadding=\"0\" cellspacing=\"0\" class=\"tr-caption-container\" style=\"float: right;text-align: right\">\n<tbody>\n<tr>\n<td style=\"text-align: center\"><a href=\"https:\/\/www.bfv.cloud\/ajedrezeuropa\/wp-content\/uploads\/2014\/12\/SAM_1240.jpg\" style=\"clear: right;margin-bottom: 1em;margin-left: auto;margin-right: auto\"><img loading=\"lazy\" decoding=\"async\" border=\"0\" src=\"https:\/\/www.bfv.cloud\/ajedrezeuropa\/wp-content\/uploads\/2014\/12\/SAM_1240.jpg\" height=\"150\" width=\"200\" \/><\/a><\/td>\n<\/tr>\n<tr>\n<td class=\"tr-caption\" style=\"text-align: center\">Alonso L\u00f3pez<\/td>\n<\/tr>\n<\/tbody>\n<\/table>\n<table cellpadding=\"0\" cellspacing=\"0\" class=\"tr-caption-container\" style=\"float: left;text-align: left\">\n<tbody>\n<tr>\n<td style=\"text-align: center\"><a href=\"https:\/\/www.bfv.cloud\/ajedrezeuropa\/wp-content\/uploads\/2014\/12\/SAM_1244.jpg\" style=\"clear: right;margin-bottom: 1em;margin-left: auto;margin-right: auto\"><img loading=\"lazy\" decoding=\"async\" border=\"0\" src=\"https:\/\/www.bfv.cloud\/ajedrezeuropa\/wp-content\/uploads\/2014\/12\/SAM_1244.jpg\" height=\"150\" width=\"200\" \/><\/a><\/td>\n<\/tr>\n<tr>\n<td class=\"tr-caption\" style=\"text-align: center\">Mar\u00eda Oliver en el sub-12<\/td>\n<\/tr>\n<\/tbody>\n<\/table>\n<div class=\"MsoBodyText2\">\n<b><span style=\"font-family: Georgia, Times New Roman, serif\">Como hemos venido comentando en cr\u00f3nicas anteriores, la<br \/>\nparticipaci\u00f3n total de nuestro proyecto de este a\u00f1o en el hotel Bali era de 18<br \/>\njugadores siendo 7 los&nbsp; chicos y chicas<br \/>\nque han tomado parte en 3 de los torneos de \u201cNuevas Generaciones\u201d en las<br \/>\ncategor\u00edas sub-8, sub-10 y sub-12. Pasamos a detallar los resultados de cada<br \/>\nuno de ellos, destacando antes que la finalidad principal de su presencia ha<br \/>\nconsistido en ir adquiriendo la experiencia necesaria para su futura<br \/>\nincorporaci\u00f3n a nuestros equipos sub-16:<\/p>\n<table cellpadding=\"0\" cellspacing=\"0\" class=\"tr-caption-container\" style=\"float: left;margin-right: 1em;text-align: left\">\n<tbody>\n<tr>\n<td style=\"text-align: center\"><a href=\"https:\/\/www.bfv.cloud\/ajedrezeuropa\/wp-content\/uploads\/2014\/12\/SAM_1247.jpg\" style=\"clear: left;margin-bottom: 1em;margin-left: auto;margin-right: auto\"><img loading=\"lazy\" decoding=\"async\" border=\"0\" src=\"https:\/\/www.bfv.cloud\/ajedrezeuropa\/wp-content\/uploads\/2014\/12\/SAM_1247.jpg\" height=\"150\" width=\"200\" \/><\/a><\/td>\n<\/tr>\n<tr>\n<td class=\"tr-caption\" style=\"text-align: center\">\u00d3scar Roncero<\/td>\n<\/tr>\n<\/tbody>\n<\/table>\n<p><\/span><\/b><\/div>\n<table cellpadding=\"0\" cellspacing=\"0\" class=\"tr-caption-container\" style=\"float: right;margin-left: 1em;text-align: right\">\n<tbody>\n<tr>\n<td style=\"text-align: center\"><a href=\"https:\/\/www.bfv.cloud\/ajedrezeuropa\/wp-content\/uploads\/2014\/12\/SAM_1265.jpg\" style=\"clear: right;margin-bottom: 1em;margin-left: auto;margin-right: auto\"><img loading=\"lazy\" decoding=\"async\" border=\"0\" src=\"https:\/\/www.bfv.cloud\/ajedrezeuropa\/wp-content\/uploads\/2014\/12\/SAM_1265.jpg\" height=\"150\" width=\"200\" \/><\/a><\/td>\n<\/tr>\n<tr>\n<td class=\"tr-caption\" style=\"text-align: center\">Nuria Lozano en el sub-10<\/td>\n<\/tr>\n<\/tbody>\n<\/table>\n<table align=\"center\" cellpadding=\"0\" cellspacing=\"0\" class=\"tr-caption-container\" style=\"margin-left: auto;margin-right: auto;text-align: center\">\n<tbody>\n<tr>\n<td style=\"text-align: center\"><a href=\"https:\/\/www.bfv.cloud\/ajedrezeuropa\/wp-content\/uploads\/2014\/12\/SAM_1263.jpg\" style=\"margin-left: auto;margin-right: auto\"><img loading=\"lazy\" decoding=\"async\" border=\"0\" src=\"https:\/\/www.bfv.cloud\/ajedrezeuropa\/wp-content\/uploads\/2014\/12\/SAM_1263.jpg\" height=\"150\" width=\"200\" \/><\/a><\/td>\n<\/tr>\n<tr>\n<td class=\"tr-caption\" style=\"text-align: center\">Julia Meza<\/td>\n<\/tr>\n<\/tbody>\n<\/table>\n<table cellpadding=\"0\" cellspacing=\"0\" class=\"tr-caption-container\" style=\"float: right;margin-left: 1em;text-align: right\">\n<tbody>\n<tr>\n<td style=\"text-align: center\"><a href=\"https:\/\/www.bfv.cloud\/ajedrezeuropa\/wp-content\/uploads\/2014\/12\/SAM_1259.jpg\" style=\"clear: right;margin-bottom: 1em;margin-left: auto;margin-right: auto\"><img loading=\"lazy\" decoding=\"async\" border=\"0\" src=\"https:\/\/www.bfv.cloud\/ajedrezeuropa\/wp-content\/uploads\/2014\/12\/SAM_1259.jpg\" height=\"150\" width=\"200\" \/><\/a><\/td>\n<\/tr>\n<tr>\n<td class=\"tr-caption\" style=\"text-align: center\">Juanfran Mar\u00edn<\/td>\n<\/tr>\n<\/tbody>\n<\/table>\n<div align=\"center\" class=\"MsoBodyText2\" style=\"text-align: center\">\n<i><u><b><span style=\"font-family: Georgia, Times New Roman, serif\">Torneo sub-8<\/span><\/b><\/u><\/i><\/div>\n<div align=\"center\" class=\"MsoBodyText2\" style=\"text-align: center\">\n<b><span style=\"font-family: Georgia, Times New Roman, serif\">Alonso L\u00f3pez, 15 \u00ba<br \/>\nclasificado con 3,5 puntos.<\/span><\/b><\/div>\n<div align=\"center\" class=\"MsoBodyText2\" style=\"text-align: center\">\n<b><span style=\"font-family: Georgia, Times New Roman, serif\">Gabriel Amador,<br \/>\n27\u00ba clasificado con 1,5 puntos.<\/span><\/b><\/div>\n<div align=\"center\" class=\"MsoBodyText2\" style=\"text-align: center\">\n<i><u><b><span style=\"font-family: Georgia, Times New Roman, serif\">Torneo<br \/>\nsub-10<\/span><\/b><\/u><\/i><\/div>\n<div align=\"center\" class=\"MsoBodyText2\" style=\"text-align: center\">\n<b><span style=\"font-family: Georgia, Times New Roman, serif\">Nuria Lozano, 36\u00aa<br \/>\nclasificada con 2,5 puntos.<\/span><\/b><\/div>\n<div align=\"center\" class=\"MsoBodyText2\" style=\"text-align: center\">\n<b><span style=\"font-family: Georgia, Times New Roman, serif\">Juan Francisco<br \/>\nMar\u00edn, 41\u00ba clasificado con 2 puntos.<\/span><\/b><\/div>\n<div align=\"center\" class=\"MsoBodyText2\" style=\"text-align: center\">\n<i><u><b><span style=\"font-family: Georgia, Times New Roman, serif\">Torneo<br \/>\nsub-12<\/span><\/b><\/u><\/i><\/div>\n<div align=\"center\" class=\"MsoBodyText2\" style=\"text-align: center\">\n<b><span style=\"font-family: Georgia, Times New Roman, serif\">Julia Meza, 33\u00aa<br \/>\nclasificada con 3 puntos.<\/span><\/b><\/div>\n<div align=\"center\" class=\"MsoBodyText2\" style=\"text-align: center\">\n<b><span style=\"font-family: Georgia, Times New Roman, serif\">Mar\u00eda Oliver, 41\u00aa<br \/>\nclasificada con 2 puntos.<\/span><\/b><\/div>\n<p><\/p>\n<div align=\"center\" class=\"MsoBodyText2\" style=\"text-align: center\">\n<b><span style=\"font-family: Georgia, Times New Roman, serif\">\u00d3scar Roncero, 42\u00ba<br \/>\nclasificado con 2 puntos.<\/span><\/b><\/div>\n","protected":false},"excerpt":{"rendered":"<p>\u201cNUESTRO AJEDREZ EN EUROPA\u201d LOGRA EL 11\u00ba PUESTO Y MEJORA 12 POSICIONES CON RESPECTO AL RANKING INICIAL Los participantes de nuestros clubes a la entrada del hotel Bali \u00abNUESTRO AJEDREZ EN EUROPA\u00bb antes del comienzo de una ronda La participaci\u00f3n de los 2 clubes del proyecto \u201cNUESTRO AJEDREZ EN EUROPA\u201d en la&nbsp; final del CECLUB [&hellip;]<\/p>\n","protected":false},"author":1,"featured_media":2168,"comment_status":"open","ping_status":"closed","sticky":false,"template":"","format":"standard","meta":{"footnotes":""},"categories":[1],"tags":[],"class_list":["post-2167","post","type-post","status-publish","format-standard","has-post-thumbnail","hentry","category-noticias"],"_links":{"self":[{"href":"https:\/\/www.bfv.cloud\/ajedrezeuropa\/wp-json\/wp\/v2\/posts\/2167","targetHints":{"allow":["GET"]}}],"collection":[{"href":"https:\/\/www.bfv.cloud\/ajedrezeuropa\/wp-json\/wp\/v2\/posts"}],"about":[{"href":"https:\/\/www.bfv.cloud\/ajedrezeuropa\/wp-json\/wp\/v2\/types\/post"}],"author":[{"embeddable":true,"href":"https:\/\/www.bfv.cloud\/ajedrezeuropa\/wp-json\/wp\/v2\/users\/1"}],"replies":[{"embeddable":true,"href":"https:\/\/www.bfv.cloud\/ajedrezeuropa\/wp-json\/wp\/v2\/comments?post=2167"}],"version-history":[{"count":1,"href":"https:\/\/www.bfv.cloud\/ajedrezeuropa\/wp-json\/wp\/v2\/posts\/2167\/revisions"}],"predecessor-version":[{"id":2181,"href":"https:\/\/www.bfv.cloud\/ajedrezeuropa\/wp-json\/wp\/v2\/posts\/2167\/revisions\/2181"}],"wp:featuredmedia":[{"embeddable":true,"href":"https:\/\/www.bfv.cloud\/ajedrezeuropa\/wp-json\/wp\/v2\/media\/2168"}],"wp:attachment":[{"href":"https:\/\/www.bfv.cloud\/ajedrezeuropa\/wp-json\/wp\/v2\/media?parent=2167"}],"wp:term":[{"taxonomy":"category","embeddable":true,"href":"https:\/\/www.bfv.cloud\/ajedrezeuropa\/wp-json\/wp\/v2\/categories?post=2167"},{"taxonomy":"post_tag","embeddable":true,"href":"https:\/\/www.bfv.cloud\/ajedrezeuropa\/wp-json\/wp\/v2\/tags?post=2167"}],"curies":[{"name":"wp","href":"https:\/\/api.w.org\/{rel}","templated":true}]}}