{"id":2182,"date":"2018-09-05T17:50:00","date_gmt":"2018-09-05T17:50:00","guid":{"rendered":"https:\/\/www.bfv.cloud\/ajedrezeuropa\/index.php\/2018\/09\/05\/illescas-celebrara-su-torneo-de-feria-el-sabado-15-de-septiembre\/"},"modified":"2025-11-20T10:43:31","modified_gmt":"2025-11-20T10:43:31","slug":"illescas-celebrara-su-torneo-de-feria-el-sabado-15-de-septiembre","status":"publish","type":"post","link":"https:\/\/www.bfv.cloud\/ajedrezeuropa\/illescas-celebrara-su-torneo-de-feria-el-sabado-15-de-septiembre\/","title":{"rendered":"ILLESCAS CELEBRAR\u00c1 SU TORNEO DE FERIA EL S\u00c1BADO 15 DE SEPTIEMBRE"},"content":{"rendered":"<div class=\"separator\" style=\"clear: both;text-align: center\">\n<a href=\"https:\/\/www.bfv.cloud\/ajedrezeuropa\/wp-content\/uploads\/2018\/09\/torneodeILLESCAS2018.jpg\" style=\"clear: left;float: left;margin-bottom: 1em;margin-right: 1em\"><img fetchpriority=\"high\" decoding=\"async\" border=\"0\" data-original-height=\"1600\" data-original-width=\"1140\" height=\"640\" src=\"https:\/\/blogger.googleusercontent.com\/img\/b\/R29vZ2xl\/AVvXsEgwr9-vMgXJfFjn7YBPd0_oy6qZFDyl37LBdlBZhZikYxdiluRcrG8XKvJN1gbIUTirBpyTIDz89VI0wdnh1RWvhxl9U24_onToXa49ytwfm3uwVfYQN_XBC6AzKvHMXUAekVtyzbJJbjU\/s640\/torneo+de+ILLESCAS++2018.jpg\" width=\"452\" \/><\/a><\/div>\n<p><span style=\"font-family: Arial, Helvetica, sans-serif;font-size: large\"><b>El <u><i><span style=\"color: #660000\">complejo polideportivo del parque<\/span><\/i><\/u> acoger\u00e1 este a\u00f1o el torneo de feria de Illescas<\/b>. La fecha elegida es el 15 de septiembre, s\u00e1bado, en horario de tarde. Toda la informaci\u00f3n relativa al torneo figura en el cartel y en las bases que aqu\u00ed publicamos. Las inscripciones pueden realizarse por correo electr\u00f3nico o en el tel\u00e9fono que se indica. Los premios se entregar\u00e1n a los 2 primeros clasificados, la campeona femenina y el campe\u00f3n local de las categor\u00edas absoluta, sub-16, sub-12 y sub-10.&nbsp;&nbsp;<\/span><\/p>\n<div style=\"text-align: center\">\n<span style=\"font-family: Arial, Helvetica, sans-serif;font-size: large\">\u00a1\u00a1\u00c1nimo y a participar!!<\/span><\/div>\n<div class=\"separator\" style=\"clear: both;text-align: center\">\n<a href=\"https:\/\/www.bfv.cloud\/ajedrezeuropa\/wp-content\/uploads\/2018\/09\/BASESDELIIITORNEODEFERIADEILLESCAS2018_001.jpg\" style=\"margin-left: 1em;margin-right: 1em\"><img decoding=\"async\" border=\"0\" data-original-height=\"842\" data-original-width=\"595\" height=\"640\" src=\"https:\/\/blogger.googleusercontent.com\/img\/b\/R29vZ2xl\/AVvXsEhbUpOHmQOiSHXv2ErpbyZk-v1I52vf-6uWSCBSBQHSdmPGnWN5vkRFlKylgrW0jlY3LE8GLfAdOYsxH7-9CzMYpWRBo8yZedoC48z2JPthveYxleznBPP-NoVI7zjArGGQ5RjV0qKNbFs\/s640\/BASES+DEL+III+TORNEO+DE+FERIA+DE+ILLESCAS+2018_001.jpg\" width=\"450\" \/><\/a><\/div>\n<p><span style=\"font-family: Arial, Helvetica, sans-serif;font-size: large\"><br \/><\/span><\/p>\n","protected":false},"excerpt":{"rendered":"<p>El complejo polideportivo del parque acoger\u00e1 este a\u00f1o el torneo de feria de Illescas. La fecha elegida es el 15 de septiembre, s\u00e1bado, en horario de tarde. Toda la informaci\u00f3n relativa al torneo figura en el cartel y en las bases que aqu\u00ed publicamos. Las inscripciones pueden realizarse por correo electr\u00f3nico o en el tel\u00e9fono [&hellip;]<\/p>\n","protected":false},"author":1,"featured_media":2183,"comment_status":"open","ping_status":"closed","sticky":false,"template":"","format":"standard","meta":{"footnotes":""},"categories":[1],"tags":[],"class_list":["post-2182","post","type-post","status-publish","format-standard","has-post-thumbnail","hentry","category-noticias"],"_links":{"self":[{"href":"https:\/\/www.bfv.cloud\/ajedrezeuropa\/wp-json\/wp\/v2\/posts\/2182","targetHints":{"allow":["GET"]}}],"collection":[{"href":"https:\/\/www.bfv.cloud\/ajedrezeuropa\/wp-json\/wp\/v2\/posts"}],"about":[{"href":"https:\/\/www.bfv.cloud\/ajedrezeuropa\/wp-json\/wp\/v2\/types\/post"}],"author":[{"embeddable":true,"href":"https:\/\/www.bfv.cloud\/ajedrezeuropa\/wp-json\/wp\/v2\/users\/1"}],"replies":[{"embeddable":true,"href":"https:\/\/www.bfv.cloud\/ajedrezeuropa\/wp-json\/wp\/v2\/comments?post=2182"}],"version-history":[{"count":1,"href":"https:\/\/www.bfv.cloud\/ajedrezeuropa\/wp-json\/wp\/v2\/posts\/2182\/revisions"}],"predecessor-version":[{"id":2185,"href":"https:\/\/www.bfv.cloud\/ajedrezeuropa\/wp-json\/wp\/v2\/posts\/2182\/revisions\/2185"}],"wp:featuredmedia":[{"embeddable":true,"href":"https:\/\/www.bfv.cloud\/ajedrezeuropa\/wp-json\/wp\/v2\/media\/2183"}],"wp:attachment":[{"href":"https:\/\/www.bfv.cloud\/ajedrezeuropa\/wp-json\/wp\/v2\/media?parent=2182"}],"wp:term":[{"taxonomy":"category","embeddable":true,"href":"https:\/\/www.bfv.cloud\/ajedrezeuropa\/wp-json\/wp\/v2\/categories?post=2182"},{"taxonomy":"post_tag","embeddable":true,"href":"https:\/\/www.bfv.cloud\/ajedrezeuropa\/wp-json\/wp\/v2\/tags?post=2182"}],"curies":[{"name":"wp","href":"https:\/\/api.w.org\/{rel}","templated":true}]}}