{"id":2186,"date":"2017-08-25T13:42:00","date_gmt":"2017-08-25T13:42:00","guid":{"rendered":"https:\/\/www.bfv.cloud\/ajedrezeuropa\/index.php\/2017\/08\/25\/otro-regional-con-mas-equipos-de-nuestro-ajedrez\/"},"modified":"2025-11-20T10:43:34","modified_gmt":"2025-11-20T10:43:34","slug":"otro-regional-con-mas-equipos-de-nuestro-ajedrez","status":"publish","type":"post","link":"https:\/\/www.bfv.cloud\/ajedrezeuropa\/otro-regional-con-mas-equipos-de-nuestro-ajedrez\/","title":{"rendered":"\u00a1\u00a1OTRO REGIONAL CON M\u00c1S EQUIPOS DE NUESTRO AJEDREZ!!"},"content":{"rendered":"<p><a href=\"https:\/\/www.bfv.cloud\/ajedrezeuropa\/wp-content\/uploads\/2017\/08\/LOGOEUROPAXANIVERSARIO2017.jpg\" style=\"clear: right;float: right;margin-bottom: 1em;margin-left: 1em\"><img fetchpriority=\"high\" decoding=\"async\" border=\"0\" data-original-height=\"1220\" data-original-width=\"1600\" height=\"305\" src=\"https:\/\/blogger.googleusercontent.com\/img\/b\/R29vZ2xl\/AVvXsEh9qKWj8WuWLcdnUQJKP6VM4DFi0JG2IdWhTpVd2i1wCh5mRzbVKg7KnELBoZ9XK7UKvQiTthDdG3eguPLACDkWBZYFM__vywquWHmrchILIpIpZyrlrjfs3o-9Iki1XfPAR5mcv9GffPA\/s400\/LOGO+EUROPA+X+ANIVERSARIO+2017.jpg\" width=\"400\" \/><\/a><span style=\", sans-serif;font-size: large\">A falta de unos d\u00edas para el comienzo del Campeonato Regional por Equipos Sub-18 y Sub-12, ya est\u00e1n preparados los 3 equipos que van a representar al proyecto Nuestro Ajedrez en Europa. Es la primera ocasi\u00f3n en la que contaremos con una presencia tan amplia en esta competici\u00f3n oficial, con 2 formaciones en la categor\u00eda juvenil y una en la infantil, lo que supone una participaci\u00f3n total de 15 j\u00f3venes ajedrecistas acompa\u00f1ados de 2 preparadores. Como es sabido, 2017 es el a\u00f1o en el que el proyecto cumple una d\u00e9cada de existencia y queremos hacer un esfuerzo de inversi\u00f3n en los j\u00f3venes que componen las escuelas de ajedrez de Alc\u00e1zar de San Juan y Villafranca de los Caballeros, dotando de m\u00e1s oportunidades todav\u00eda a aquellos que quieren seguir trabajando y mejorando su ajedrez. Recordemos que, dentro de este tipo de campeonatos de Castilla-La Mancha, los equipos de Nuestro Ajedrez en Europa han conseguido 2 t\u00edtulos regionales en 2010 y 2011, una plata en 2012, cuando a\u00fan se disputaban dentro de la categor\u00eda sub-16, y un bronce en 2016, ya como juvenil sub-18. Esta trayectoria y la fuerza de juego de los ajedrecistas que actualmente forman nuestros equipos nos vuelve a situar entre los candidatos al oro en ambos torneos.&nbsp;<\/span><br \/>\n<span style=\", sans-serif;font-size: large\"><\/span><\/p>\n<div class=\"separator\" style=\"clear: both;text-align: center\">\n<span style=\", sans-serif;font-size: large\"><\/span><\/div>\n<p>\n<span style=\", sans-serif;font-size: large\">El orden de fuerza de las formaciones pertenecientes a las escuelas de ajedrez de Alc\u00e1zar y Villafranca es el siguiente:<\/span><br \/>\n<span style=\", sans-serif;font-size: large\"><br \/><\/span><br \/>\n<\/p>\n<div style=\"text-align: center\">\n<span style=\", sans-serif;font-size: large\"><i><u>NUESTRO AJEDREZ EN EUROPA S-18<\/u><\/i><\/span><\/div>\n<div style=\"text-align: center\">\n<span style=\", sans-serif;font-size: large\"><b>Javier Valdepe\u00f1as Octavio<\/b><\/span><\/div>\n<div style=\"text-align: center\">\n<span style=\", sans-serif;font-size: large\"><b>Roberto L\u00f3pez N\u00fa\u00f1ez<\/b><\/span><\/div>\n<div style=\"text-align: center\">\n<span style=\", sans-serif;font-size: large\"><b>Alfredo Amador And\u00fajar<\/b><\/span><\/div>\n<div style=\"text-align: center\">\n<span style=\", sans-serif;font-size: large\"><b>Irene Sim\u00f3n Escalona<\/b><\/span><\/div>\n<div style=\"text-align: center\">\n<span style=\", sans-serif;font-size: large\"><b>Arturo Mate Mart\u00edn<\/b><\/span><\/div>\n<div style=\"text-align: center\">\n<span style=\", sans-serif;font-size: large\"><b><br \/><\/b><\/span><\/div>\n<div style=\"text-align: center\">\n<span style=\", sans-serif;font-size: large\"><i><u>NUESTRO AJEDREZ POR LA IGUALDAD S-18<\/u><\/i><\/span><\/div>\n<div style=\"text-align: center\">\n<span style=\", sans-serif;font-size: large\"><b>Enrique Velasco Aragon\u00e9s<\/b><\/span><\/div>\n<div style=\"text-align: center\">\n<span style=\", sans-serif;font-size: large\"><b>Roberto Yeghiazaryan Petrosyan<\/b><\/span><\/div>\n<div style=\"text-align: center\">\n<span style=\", sans-serif;font-size: large\"><b>Daniel Climent Castillo<\/b><\/span><\/div>\n<div style=\"text-align: center\">\n<span style=\", sans-serif;font-size: large\"><b>Isabel Marcos-Alberca Lizcano<\/b><\/span><\/div>\n<div style=\"text-align: center\">\n<span style=\", sans-serif;font-size: large\"><b>Mar\u00eda Oliver Ropero<\/b><\/span><\/div>\n<div style=\"text-align: center\">\n<span style=\", sans-serif;font-size: large\"><b>Clara Vela Adri\u00e1n<\/b><\/span><\/div>\n<div style=\"text-align: center\">\n<span style=\", sans-serif;font-size: large\"><b><br \/><\/b><\/span><\/div>\n<div style=\"text-align: center\">\n<span style=\", sans-serif;font-size: large\"><i><u>NUESTRO AJEDREZ POR LA IGUALDAD S-12<\/u><\/i><\/span><\/div>\n<div style=\"text-align: center\">\n<span style=\", sans-serif;font-size: large\"><b>Alonso L\u00f3pez Nu\u00f1ez<\/b><\/span><\/div>\n<div style=\"text-align: center\">\n<span style=\", sans-serif;font-size: large\"><b>Carlos P\u00e9rez Manzanedo<\/b><\/span><\/div>\n<div style=\"text-align: center\">\n<span style=\", sans-serif;font-size: large\"><b>Gabriel Amador And\u00fajar<\/b><\/span><\/div>\n<div style=\"text-align: center\">\n<span style=\", sans-serif;font-size: large\"><b>Adri\u00e1n Alhambra Rubio<\/b><\/span><\/div>\n<div style=\"text-align: center\">\n<span style=\", sans-serif;font-size: large\"><b><br \/><\/b><\/span><\/div>\n<p><span style=\", sans-serif;font-size: large\">La Residencia Universitaria Benjam\u00edn Palencia de Albacete acoger\u00e1 por tercera vez consecutiva este campeonato auton\u00f3mico donde se espera la participaci\u00f3n de unos 20 equipos entre los dos torneos.&nbsp;<\/span><span style=\", sans-serif;font-size: large\">A diferencia con las recientes ediciones de este regional, donde se disminuyeron los tiempos para las partidas, devaluando el car\u00e1cter del propio campeonato, el ritmo de juego ser\u00e1 el de 90 minutos por jugador&nbsp;<\/span><span style=\", sans-serif;font-size: large\">+ 30 segundos de incremento por movimiento. Se disputar\u00e1n 6 rondas, comenzando el 31 de agosto por la tarde y finalizando el 3 de septiembre al mediod\u00eda.<\/span><br \/>\n<span style=\", sans-serif;font-size: large\">\u00a1\u00a1Deseamos un buen torneo a todos y mucho \u00e9xito!!<\/span><br \/>\n<span style=\", sans-serif;font-size: large\"><br \/><\/span><br \/>\n<a href=\"https:\/\/www.bfv.cloud\/ajedrezeuropa\/wp-content\/uploads\/2017\/08\/cartelbaliconelsubcampeonatodeCM.jpg\" style=\"clear: right;float: right;margin-bottom: 1em;margin-left: 1em\"><img decoding=\"async\" border=\"0\" data-original-height=\"400\" data-original-width=\"566\" height=\"449\" src=\"https:\/\/blogger.googleusercontent.com\/img\/b\/R29vZ2xl\/AVvXsEjw0mmT2TritfTotxoPoral9noLPhAsGC7V_mMKhBoZ8N1th-_LL3-0W0qyPqG_jlfJaU3FdJSlCIoXCTXQPHApa5dSCDEkWjYwsh3kFAFVkfWj0f3OvbABQf94OYba8AAyugUTxVZ05go\/s640\/cartel+bali+con+el+subcampeonato+de+CM.JPG\" width=\"640\" \/><\/a><\/p>\n","protected":false},"excerpt":{"rendered":"<p>A falta de unos d\u00edas para el comienzo del Campeonato Regional por Equipos Sub-18 y Sub-12, ya est\u00e1n preparados los 3 equipos que van a representar al proyecto Nuestro Ajedrez en Europa. Es la primera ocasi\u00f3n en la que contaremos con una presencia tan amplia en esta competici\u00f3n oficial, con 2 formaciones en la categor\u00eda [&hellip;]<\/p>\n","protected":false},"author":1,"featured_media":2187,"comment_status":"open","ping_status":"closed","sticky":false,"template":"","format":"standard","meta":{"footnotes":""},"categories":[1],"tags":[],"class_list":["post-2186","post","type-post","status-publish","format-standard","has-post-thumbnail","hentry","category-noticias"],"_links":{"self":[{"href":"https:\/\/www.bfv.cloud\/ajedrezeuropa\/wp-json\/wp\/v2\/posts\/2186","targetHints":{"allow":["GET"]}}],"collection":[{"href":"https:\/\/www.bfv.cloud\/ajedrezeuropa\/wp-json\/wp\/v2\/posts"}],"about":[{"href":"https:\/\/www.bfv.cloud\/ajedrezeuropa\/wp-json\/wp\/v2\/types\/post"}],"author":[{"embeddable":true,"href":"https:\/\/www.bfv.cloud\/ajedrezeuropa\/wp-json\/wp\/v2\/users\/1"}],"replies":[{"embeddable":true,"href":"https:\/\/www.bfv.cloud\/ajedrezeuropa\/wp-json\/wp\/v2\/comments?post=2186"}],"version-history":[{"count":1,"href":"https:\/\/www.bfv.cloud\/ajedrezeuropa\/wp-json\/wp\/v2\/posts\/2186\/revisions"}],"predecessor-version":[{"id":2189,"href":"https:\/\/www.bfv.cloud\/ajedrezeuropa\/wp-json\/wp\/v2\/posts\/2186\/revisions\/2189"}],"wp:featuredmedia":[{"embeddable":true,"href":"https:\/\/www.bfv.cloud\/ajedrezeuropa\/wp-json\/wp\/v2\/media\/2187"}],"wp:attachment":[{"href":"https:\/\/www.bfv.cloud\/ajedrezeuropa\/wp-json\/wp\/v2\/media?parent=2186"}],"wp:term":[{"taxonomy":"category","embeddable":true,"href":"https:\/\/www.bfv.cloud\/ajedrezeuropa\/wp-json\/wp\/v2\/categories?post=2186"},{"taxonomy":"post_tag","embeddable":true,"href":"https:\/\/www.bfv.cloud\/ajedrezeuropa\/wp-json\/wp\/v2\/tags?post=2186"}],"curies":[{"name":"wp","href":"https:\/\/api.w.org\/{rel}","templated":true}]}}