{"id":219,"date":"2012-08-02T17:50:00","date_gmt":"2012-08-02T17:50:00","guid":{"rendered":"https:\/\/www.bfv.cloud\/ajedrezeuropa\/index.php\/2012\/08\/02\/reportaje-fotografico-de-el-tio-cazuela\/"},"modified":"2025-11-20T10:14:51","modified_gmt":"2025-11-20T10:14:51","slug":"reportaje-fotografico-de-el-tio-cazuela","status":"publish","type":"post","link":"https:\/\/www.bfv.cloud\/ajedrezeuropa\/reportaje-fotografico-de-el-tio-cazuela\/","title":{"rendered":"REPORTAJE FOTOGR\u00c1FICO DE \u00abEL TIO CAZUELA\u00bb"},"content":{"rendered":"<p><span style=\"color: #274e13;font-family: Verdana, sans-serif\">Vamos a mostraros algunas de las im\u00e1genes obtenidas por Domingo para la web de \u00abEl T\u00edo Cazuela\u00bb esta misma ma\u00f1ana durante las clases en Villafranca. Queremos agradecer a Domingo su colaboraci\u00f3n y a todos vosotros el especial seguimiento que est\u00e1is realizando estos d\u00edas del campus.<\/span><\/p>\n<p>\ufeff \ufeff <\/p>\n<table cellpadding=\"0\" cellspacing=\"0\" class=\"tr-caption-container\" style=\"margin-left: auto;margin-right: auto;text-align: center\">\n<tbody>\n<tr>\n<td style=\"text-align: center\"><a href=\"https:\/\/www.bfv.cloud\/ajedrezeuropa\/wp-content\/uploads\/2012\/08\/0001.jpg\" style=\"clear: left;margin-bottom: 1em;margin-left: auto;margin-right: auto\"><img fetchpriority=\"high\" decoding=\"async\" border=\"0\" height=\"300\" src=\"https:\/\/blogger.googleusercontent.com\/img\/b\/R29vZ2xl\/AVvXsEh3V1NRpcTf55N5QE4bHTW0vdMOSc4CnSb4uZo8GQXsL8NCWmGbHYPHNh-ppUloUZ6-mFVr0MCo9nwVYsGURB4_rrI07dzEK6a7NZ67nNifr8X_NqYe-fVHL3pBrVY7NSXX0L-KU1drZsY\/s400\/0001.jpg\" width=\"400\" \/><\/a><\/td>\n<\/tr>\n<tr>\n<td class=\"tr-caption\" style=\"text-align: center\">Ana Isabel con su grupo mixto de perfeccionamiento<\/td>\n<\/tr>\n<\/tbody>\n<\/table>\n<p>\ufeff\ufeff <\/p>\n<p>\ufeff <\/p>\n<table cellpadding=\"0\" cellspacing=\"0\" class=\"tr-caption-container\" style=\"float: left;margin-right: 1em;text-align: left\">\n<tbody>\n<tr>\n<td style=\"text-align: center\"><a href=\"https:\/\/www.bfv.cloud\/ajedrezeuropa\/wp-content\/uploads\/2012\/08\/0009.jpg\" style=\"clear: left;margin-bottom: 1em;margin-left: auto;margin-right: auto\"><img decoding=\"async\" border=\"0\" height=\"240\" src=\"https:\/\/blogger.googleusercontent.com\/img\/b\/R29vZ2xl\/AVvXsEjJfiCeAVU4t924KSHooEH5GTo4DXP14cv7WMov4JqeW3ml2ncqo0KlTa4gSzSEAHfxBdJZBmAU6ml3ysW8BnvoWUZptQRMkkXxv5jgeHlfH3duCdBjWO176VSjicnZ4XTfdY4gU2fX828\/s320\/0009.jpg\" width=\"320\" \/><\/a><\/td>\n<\/tr>\n<tr>\n<td class=\"tr-caption\" style=\"text-align: center\">La colaboraci\u00f3n del gm georgiano Elizbar Ubilava<br \/>\nes un honor para nuestro proyecto<\/td>\n<\/tr>\n<\/tbody>\n<\/table>\n<p>\ufeff \ufeff <\/p>\n<table cellpadding=\"0\" cellspacing=\"0\" class=\"tr-caption-container\" style=\"clear: right;float: right;margin-bottom: 1em;text-align: right\">\n<tbody>\n<tr>\n<td style=\"text-align: center\"><a href=\"https:\/\/www.bfv.cloud\/ajedrezeuropa\/wp-content\/uploads\/2012\/08\/0008.jpg\" style=\"clear: right;margin-bottom: 1em;margin-left: auto;margin-right: auto\"><img decoding=\"async\" border=\"0\" height=\"240\" src=\"https:\/\/blogger.googleusercontent.com\/img\/b\/R29vZ2xl\/AVvXsEgvP-pzRWXZ3cSXkYzJmVDe2EjFbdCRD8andgyIX5YnGfGycI_WKTNuoGKtIuBo9ByX2Xvi04ldVy3fBoc5z3hOLWuMqzLjIYpF_M2HBgJ7B_yHnddYo4qSDBM04zpR2Dnj2YSBjpCumIA\/s320\/0008.jpg\" width=\"320\" \/><\/a><\/td>\n<\/tr>\n<tr>\n<td class=\"tr-caption\" style=\"text-align: center\">El grupo de tecnificaci\u00f3n de Ubilava<\/td>\n<\/tr>\n<\/tbody>\n<\/table>\n<p>\ufeff <\/p>\n<div style=\"border-bottom: medium none;border-left: medium none;border-right: medium none;border-top: medium none\">\n<\/div>\n<p>\ufeff <\/p>\n<table cellpadding=\"0\" cellspacing=\"0\" class=\"tr-caption-container\" style=\"float: right;margin-left: 1em;text-align: right\">\n<tbody>\n<tr>\n<td style=\"text-align: center\"><a href=\"https:\/\/www.bfv.cloud\/ajedrezeuropa\/wp-content\/uploads\/2012\/08\/0014.jpg\" style=\"clear: right;margin-bottom: 1em;margin-left: auto;margin-right: auto\"><img loading=\"lazy\" decoding=\"async\" border=\"0\" height=\"240\" src=\"https:\/\/blogger.googleusercontent.com\/img\/b\/R29vZ2xl\/AVvXsEhAmC3rbsw3HjaoYBJONLPHKUOVJkYHh5RQOEoOPgXinQwy_Cho6hrWQ8m1YyWX1CY0cCcrvNWwXHdNAnOpvLowVzLKFE4hz-14Ieebe9HYAszD81br7XfsXUmg-L48mIi7jwZRYoVwUdc\/s320\/0014.jpg\" width=\"320\" \/><\/a><\/td>\n<\/tr>\n<tr>\n<td class=\"tr-caption\" style=\"text-align: center\">Un componente esencial para nosotros es el gm<br \/>\nconquense Herminio Herr\u00e1iz<\/td>\n<\/tr>\n<\/tbody>\n<\/table>\n<p>\ufeff <br \/>\n\ufeff \ufeff <br \/>\n\ufeff <\/p>\n<table align=\"center\" cellpadding=\"0\" cellspacing=\"0\" class=\"tr-caption-container\" style=\"margin-left: auto;margin-right: auto;text-align: center\">\n<tbody>\n<tr>\n<td style=\"text-align: center\"><a href=\"https:\/\/www.bfv.cloud\/ajedrezeuropa\/wp-content\/uploads\/2012\/08\/0018.jpg\" style=\"margin-left: auto;margin-right: auto\"><img loading=\"lazy\" decoding=\"async\" border=\"0\" height=\"300\" src=\"https:\/\/blogger.googleusercontent.com\/img\/b\/R29vZ2xl\/AVvXsEhMoaYK3dH3XVqHZx1BJrWX7f3EvePlVVqTOeZVhBLqd_CTwrigJTxcwTeQKklqQowRvn-uPYIY0WsrruJeIoXnNnFBBDEJnDBrA6GuOYdJ7pqM_-7J9II_1dFMqZyD0rkXLVn_6YnB358\/s400\/0018.jpg\" width=\"400\" \/><\/a><\/td>\n<\/tr>\n<tr>\n<td class=\"tr-caption\" style=\"text-align: center\">Este cuadro que refleja el eco que obtuvo en la prensa escrita<br \/>\nlos \u00e9xitos cosechados por nuestro equipo<br \/>\nsub-16 durante 2011 fue un regalo de la madre de uno<br \/>\nde los jugadores<\/td>\n<\/tr>\n<\/tbody>\n<\/table>\n<p>\ufeff <\/p>\n<table cellpadding=\"0\" cellspacing=\"0\" class=\"tr-caption-container\" style=\"float: left;margin-right: 1em;text-align: left\">\n<tbody>\n<tr>\n<td style=\"text-align: center\"><a href=\"https:\/\/www.bfv.cloud\/ajedrezeuropa\/wp-content\/uploads\/2012\/08\/0019.jpg\" style=\"clear: left;margin-bottom: 1em;margin-left: auto;margin-right: auto\"><img loading=\"lazy\" decoding=\"async\" border=\"0\" height=\"240\" src=\"https:\/\/blogger.googleusercontent.com\/img\/b\/R29vZ2xl\/AVvXsEhY5XQ_5zWs8rP3RYTUo5D3ddw4xJ3k3EDUXg70J1a16I5eyt9TrfYSz5qQIw0EiFcv3zsr7bEtrCWDIaLuzASavYiJQ-C68C_jQ96VOt9HKFrzC0MhnlZujSS4uOP6ndfUEDxhquJyJAI\/s320\/0019.jpg\" width=\"320\" \/><\/a><\/td>\n<\/tr>\n<tr>\n<td class=\"tr-caption\" style=\"text-align: center\">La exposici\u00f3n de los trofeos m\u00e1s importantes<br \/>\nlogrados por nuestras escuelas y los clubes<\/td>\n<\/tr>\n<\/tbody>\n<\/table>\n<p>\n\ufeff\ufeff <br \/>\n<img loading=\"lazy\" decoding=\"async\" height=\"72\" src=\"https:\/\/blogger.googleusercontent.com\/img\/b\/R29vZ2xl\/AVvXsEhMD2cwKTFM82l9KZvnesiWH3CYGl4vBvJiFedbgXpX1Ch34yFYOC6JQnlSTaY1QxkgYBsLHvpwleCkq-enev66saEr6SsIlvoofMZIXrRK0pgVrXXGBg29HrW43v_ATKso9KQRIN5QkLY\/s320\/0028.jpg\" style=\"left: 513px;opacity: 0.3;position: absolute;top: 2271px\" width=\"96\" \/> <\/p>\n<div class=\"separator\" style=\"border-bottom: medium none;border-left: medium none;border-right: medium none;border-top: medium none;clear: both;text-align: center\"><\/div>\n<table cellpadding=\"0\" cellspacing=\"0\" class=\"tr-caption-container\" style=\"clear: right;float: right;margin-bottom: 1em;margin-left: 1em;text-align: right\">\n<tbody>\n<tr>\n<td style=\"text-align: center\"><a href=\"https:\/\/www.bfv.cloud\/ajedrezeuropa\/wp-content\/uploads\/2012\/08\/0028.jpg\" style=\"clear: right;margin-bottom: 1em;margin-left: auto;margin-right: auto\"><img loading=\"lazy\" decoding=\"async\" border=\"0\" height=\"240\" src=\"https:\/\/blogger.googleusercontent.com\/img\/b\/R29vZ2xl\/AVvXsEhMD2cwKTFM82l9KZvnesiWH3CYGl4vBvJiFedbgXpX1Ch34yFYOC6JQnlSTaY1QxkgYBsLHvpwleCkq-enev66saEr6SsIlvoofMZIXrRK0pgVrXXGBg29HrW43v_ATKso9KQRIN5QkLY\/s320\/0028.jpg\" style=\"cursor: move\" width=\"320\" \/><\/a><\/td>\n<\/tr>\n<tr>\n<td class=\"tr-caption\" style=\"text-align: center\">Juan Carlos, coordinador de deportes del ayto de <br \/>\nVillafranca, ha asistido a las clases de uno de los grupos <br \/>\nde iniciaci\u00f3n en el centro de internet<\/td>\n<\/tr>\n<\/tbody>\n<\/table>\n<div class=\"separator\" style=\"border-bottom: medium none;border-left: medium none;border-right: medium none;border-top: medium none;clear: both;text-align: center\"><\/div>\n<div class=\"separator\" style=\"border-bottom: medium none;border-left: medium none;border-right: medium none;border-top: medium none;clear: both;text-align: center\"><\/div>\n<table cellpadding=\"0\" cellspacing=\"0\" class=\"tr-caption-container\" style=\"clear: left;float: left;margin-bottom: 1em;margin-right: 1em;text-align: left\">\n<tbody>\n<tr>\n<td style=\"text-align: center\"><a href=\"https:\/\/www.bfv.cloud\/ajedrezeuropa\/wp-content\/uploads\/2012\/08\/0017.jpg\" style=\"clear: left;margin-bottom: 1em;margin-left: auto;margin-right: auto\"><img loading=\"lazy\" decoding=\"async\" border=\"0\" height=\"240\" src=\"https:\/\/blogger.googleusercontent.com\/img\/b\/R29vZ2xl\/AVvXsEjj2LIZ4rafxtdeJO8CwADLt0uznfMZvszjZS-RXy08EuhkskDskMR26sBCfmXNGtv74m2XYi_qQAAwkV6DkuX9wX8YiUNJfNZJjIhEnkkI2n5jv-FWzDNqeqbJJBS3MWaLgMafkb2SfS4\/s320\/0017.jpg\" width=\"320\" \/><\/a><\/td>\n<\/tr>\n<tr>\n<td class=\"tr-caption\" style=\"text-align: center\">Antonio Albo con su grupo de iniciaci\u00f3n<br \/>\nfemenino<\/td>\n<\/tr>\n<\/tbody>\n<\/table>\n","protected":false},"excerpt":{"rendered":"<p>Vamos a mostraros algunas de las im\u00e1genes obtenidas por Domingo para la web de \u00abEl T\u00edo Cazuela\u00bb esta misma ma\u00f1ana durante las clases en Villafranca. Queremos agradecer a Domingo su colaboraci\u00f3n y a todos vosotros el especial seguimiento que est\u00e1is realizando estos d\u00edas del campus. \ufeff \ufeff Ana Isabel con su grupo mixto de perfeccionamiento [&hellip;]<\/p>\n","protected":false},"author":1,"featured_media":220,"comment_status":"open","ping_status":"closed","sticky":false,"template":"","format":"standard","meta":{"footnotes":""},"categories":[1],"tags":[],"class_list":["post-219","post","type-post","status-publish","format-standard","has-post-thumbnail","hentry","category-noticias"],"_links":{"self":[{"href":"https:\/\/www.bfv.cloud\/ajedrezeuropa\/wp-json\/wp\/v2\/posts\/219","targetHints":{"allow":["GET"]}}],"collection":[{"href":"https:\/\/www.bfv.cloud\/ajedrezeuropa\/wp-json\/wp\/v2\/posts"}],"about":[{"href":"https:\/\/www.bfv.cloud\/ajedrezeuropa\/wp-json\/wp\/v2\/types\/post"}],"author":[{"embeddable":true,"href":"https:\/\/www.bfv.cloud\/ajedrezeuropa\/wp-json\/wp\/v2\/users\/1"}],"replies":[{"embeddable":true,"href":"https:\/\/www.bfv.cloud\/ajedrezeuropa\/wp-json\/wp\/v2\/comments?post=219"}],"version-history":[{"count":1,"href":"https:\/\/www.bfv.cloud\/ajedrezeuropa\/wp-json\/wp\/v2\/posts\/219\/revisions"}],"predecessor-version":[{"id":228,"href":"https:\/\/www.bfv.cloud\/ajedrezeuropa\/wp-json\/wp\/v2\/posts\/219\/revisions\/228"}],"wp:featuredmedia":[{"embeddable":true,"href":"https:\/\/www.bfv.cloud\/ajedrezeuropa\/wp-json\/wp\/v2\/media\/220"}],"wp:attachment":[{"href":"https:\/\/www.bfv.cloud\/ajedrezeuropa\/wp-json\/wp\/v2\/media?parent=219"}],"wp:term":[{"taxonomy":"category","embeddable":true,"href":"https:\/\/www.bfv.cloud\/ajedrezeuropa\/wp-json\/wp\/v2\/categories?post=219"},{"taxonomy":"post_tag","embeddable":true,"href":"https:\/\/www.bfv.cloud\/ajedrezeuropa\/wp-json\/wp\/v2\/tags?post=219"}],"curies":[{"name":"wp","href":"https:\/\/api.w.org\/{rel}","templated":true}]}}