{"id":2190,"date":"2017-05-28T13:16:00","date_gmt":"2017-05-28T13:16:00","guid":{"rendered":"https:\/\/www.bfv.cloud\/ajedrezeuropa\/index.php\/2017\/05\/28\/nuestrs-alumns-por-europa\/"},"modified":"2025-11-20T10:43:36","modified_gmt":"2025-11-20T10:43:36","slug":"nuestrs-alumns-por-europa","status":"publish","type":"post","link":"https:\/\/www.bfv.cloud\/ajedrezeuropa\/nuestrs-alumns-por-europa\/","title":{"rendered":"NUESTR@S ALUMN@S POR EUROPA"},"content":{"rendered":"<table cellpadding=\"0\" cellspacing=\"0\" class=\"tr-caption-container\" style=\"float: left;margin-right: 1em;text-align: left\">\n<tbody>\n<tr>\n<td style=\"text-align: center\"><a href=\"https:\/\/www.bfv.cloud\/ajedrezeuropa\/wp-content\/uploads\/2017\/05\/FOTOSJULIAMEZAENIRLANDA.jpg\" style=\"clear: left;margin-bottom: 1em;margin-left: auto;margin-right: auto\"><img fetchpriority=\"high\" decoding=\"async\" border=\"0\" data-original-height=\"948\" data-original-width=\"1121\" height=\"337\" src=\"https:\/\/blogger.googleusercontent.com\/img\/b\/R29vZ2xl\/AVvXsEj-OZRAf7TFVJLg7gR9psHlekxzy1jPj105TUnaIlfGClQWHeRKxz71oBKfzN_TqMvq-Okf8mBfuD5qDTxj2jzCSR20qu8FxRvrWiH4MQqYvA_bNltllqoBjwsa7S_7y8-zgx8UkwNyvus\/s400\/FOTOS+JULIA+MEZA+EN+IRLANDA.jpg\" width=\"400\" \/><\/a><\/td>\n<\/tr>\n<tr>\n<td class=\"tr-caption\" style=\"text-align: center\">Im\u00e1genes de Julia compitiendo y recibiendo los trofeos<\/td>\n<\/tr>\n<\/tbody>\n<\/table>\n<p>&nbsp;<span style=\"font-family: Georgia, Times New Roman, serif;font-size: large\">Recientemente nos han llegado dos buenas noticias que tienen que ver con chic@s que tienen o han tenido una vinculaci\u00f3n muy especial con nuestras escuelas. Por un lado, los \u00e9xitos cosechados por Julia Meza Osorio en los campeonatos de ajedrez de Irlanda en representaci\u00f3n de su instituto. Julia y su familia estuvieron muy ligados a nuestro proyecto y colaboraron incasablemente en todo momento. Es un orgullo ver como su formaci\u00f3n en Espa\u00f1a le sirve para continuar con su afici\u00f3n all\u00ed donde vaya.<\/span><br \/>\n<span style=\"font-family: Georgia, Times New Roman, serif;font-size: large\"><br \/><\/span><\/p>\n<table cellpadding=\"0\" cellspacing=\"0\" class=\"tr-caption-container\" style=\"float: right;margin-left: 1em;text-align: right\">\n<tbody>\n<tr>\n<td style=\"text-align: center\"><a href=\"https:\/\/www.bfv.cloud\/ajedrezeuropa\/wp-content\/uploads\/2017\/05\/LAURENYMARCOTORNEOAJEDREZMADRID.jpg\" style=\"clear: right;margin-bottom: 1em;margin-left: auto;margin-right: auto\"><img decoding=\"async\" border=\"0\" data-original-height=\"1600\" data-original-width=\"712\" height=\"640\" src=\"https:\/\/blogger.googleusercontent.com\/img\/b\/R29vZ2xl\/AVvXsEgs0uOt2IvKNOHHFLZE7ZylkixzhdsZ-MSHyCreKsIObBjfof8SvCgJFH2X9vrNJpioPWezFjkSTFRvCYP9rogclPtKgkmw-kvFDeuuqsoYtzGuOdJN185kJjfUrVVP_NmrGWSf_RjqkSE\/s640\/LAUREN+Y+MARCO+TORNEO+AJEDREZ+MADRID.jpg\" width=\"283\" \/><\/a><\/td>\n<\/tr>\n<tr>\n<td class=\"tr-caption\" style=\"text-align: center\">Marco y Lauren con sus trofeos<\/td>\n<\/tr>\n<\/tbody>\n<\/table>\n<p><span style=\"font-family: Georgia, Times New Roman, serif;font-size: large\">Tambi\u00e9n recibimos la grata noticia de los trofeos logrados por Lauren y Marco Gallego Ropero en los campeonatos de ajedrez celebrados en la comunidad de Madrid. A pesar de mantener su residencia en Madrid, Marco y Lauren, acuden anualmente a la cita con nuestra Concentraci\u00f3n de Navidad y el Campus de Verano. Este a\u00f1o ya han confirmado que nos acompa\u00f1ar\u00e1n en la<\/span><span style=\", serif;font-size: large\">&nbsp;d\u00e9cima edici\u00f3n del campus.<\/span><br \/>\n<span style=\", serif;font-size: large\"><br \/><\/span><br \/>\n<span style=\", serif;font-size: large\">\u00a1\u00a1Enhorabuena a Julia, Lauren y Marco!!<\/span><br \/>\n<span style=\", serif;font-size: large\"><br \/><\/span><br \/>\n<span style=\", serif;font-size: large\">\u00a1\u00a1Un abrazo para Paco, Julia y Carmen!!<\/span><\/p>\n","protected":false},"excerpt":{"rendered":"<p>Im\u00e1genes de Julia compitiendo y recibiendo los trofeos &nbsp;Recientemente nos han llegado dos buenas noticias que tienen que ver con chic@s que tienen o han tenido una vinculaci\u00f3n muy especial con nuestras escuelas. Por un lado, los \u00e9xitos cosechados por Julia Meza Osorio en los campeonatos de ajedrez de Irlanda en representaci\u00f3n de su instituto. [&hellip;]<\/p>\n","protected":false},"author":1,"featured_media":2191,"comment_status":"open","ping_status":"closed","sticky":false,"template":"","format":"standard","meta":{"footnotes":""},"categories":[1],"tags":[],"class_list":["post-2190","post","type-post","status-publish","format-standard","has-post-thumbnail","hentry","category-noticias"],"_links":{"self":[{"href":"https:\/\/www.bfv.cloud\/ajedrezeuropa\/wp-json\/wp\/v2\/posts\/2190","targetHints":{"allow":["GET"]}}],"collection":[{"href":"https:\/\/www.bfv.cloud\/ajedrezeuropa\/wp-json\/wp\/v2\/posts"}],"about":[{"href":"https:\/\/www.bfv.cloud\/ajedrezeuropa\/wp-json\/wp\/v2\/types\/post"}],"author":[{"embeddable":true,"href":"https:\/\/www.bfv.cloud\/ajedrezeuropa\/wp-json\/wp\/v2\/users\/1"}],"replies":[{"embeddable":true,"href":"https:\/\/www.bfv.cloud\/ajedrezeuropa\/wp-json\/wp\/v2\/comments?post=2190"}],"version-history":[{"count":1,"href":"https:\/\/www.bfv.cloud\/ajedrezeuropa\/wp-json\/wp\/v2\/posts\/2190\/revisions"}],"predecessor-version":[{"id":2193,"href":"https:\/\/www.bfv.cloud\/ajedrezeuropa\/wp-json\/wp\/v2\/posts\/2190\/revisions\/2193"}],"wp:featuredmedia":[{"embeddable":true,"href":"https:\/\/www.bfv.cloud\/ajedrezeuropa\/wp-json\/wp\/v2\/media\/2191"}],"wp:attachment":[{"href":"https:\/\/www.bfv.cloud\/ajedrezeuropa\/wp-json\/wp\/v2\/media?parent=2190"}],"wp:term":[{"taxonomy":"category","embeddable":true,"href":"https:\/\/www.bfv.cloud\/ajedrezeuropa\/wp-json\/wp\/v2\/categories?post=2190"},{"taxonomy":"post_tag","embeddable":true,"href":"https:\/\/www.bfv.cloud\/ajedrezeuropa\/wp-json\/wp\/v2\/tags?post=2190"}],"curies":[{"name":"wp","href":"https:\/\/api.w.org\/{rel}","templated":true}]}}