{"id":2194,"date":"2011-04-28T13:46:00","date_gmt":"2011-04-28T13:46:00","guid":{"rendered":"https:\/\/www.bfv.cloud\/ajedrezeuropa\/index.php\/2011\/04\/28\/confirmacion-del-calendario-de-campeonatos-y-torneos\/"},"modified":"2025-11-20T10:43:38","modified_gmt":"2025-11-20T10:43:38","slug":"confirmacion-del-calendario-de-campeonatos-y-torneos","status":"publish","type":"post","link":"https:\/\/www.bfv.cloud\/ajedrezeuropa\/confirmacion-del-calendario-de-campeonatos-y-torneos\/","title":{"rendered":"CONFIRMACI\u00d3N DEL CALENDARIO DE CAMPEONATOS Y TORNEOS"},"content":{"rendered":"<div class=\"separator\" style=\"clear: both;text-align: center\"><a href=\"https:\/\/www.bfv.cloud\/ajedrezeuropa\/wp-content\/uploads\/2011\/04\/ttl4.jpg\" style=\"clear: right;float: right;margin-bottom: 1em;margin-left: 1em\"><img decoding=\"async\" border=\"0\" height=\"250px\" src=\"https:\/\/blogger.googleusercontent.com\/img\/b\/R29vZ2xl\/AVvXsEhqbIQ2T5-VIs-nytRUhvGfnGLjkh2Cf6hw7ZXM0szXmtENnRa6EsEnqOcJ4sF6G71Lp0MbeGeoOaxNzN_25DBc7qUxfkq-rstFcrdHS1EL-F3BSOlBccG8c9X6-Cz9C6SSqdBdXHb8r7A\/s400\/ttl4.jpg\" width=\"400px\" \/><\/a><\/div>\n<p>Como recordatorio para todos los alumnos y alumnas de las escuelas de ajedrez de Alc\u00e1zar y Villafranca, estos son los pr\u00f3ximos d\u00edas en los que participaremos en competiciones oficiales individuales o por equipos, en este \u00faltimo caso se a\u00f1ade&nbsp;la IV Liga de Escuelas que se celebra organizada&nbsp;por los clubes de Ciudad Real con car\u00e1cter privado:<br \/>\n&#8211; S\u00e1bado 30 de abril en el CEI: CAMPEONATO POR EQUIPOS DE ESCUELAS DE TOLEDO (jornada de ma\u00f1ana y tarde). Aqu\u00ed estaremos representados por un total de 4 equipos,&nbsp;dos en 1\u00aa categor\u00eda y otros dos en 2\u00aa.<br \/>\n&#8211;&nbsp;S\u00e1bado 7 de mayo en Ciudad Real: LIGA DE ESCUELAS DE CIUDAD REAL (jornada de tarde). Contamos con la participaci\u00f3n de un equipo integrado por 6 jugadores de Alc\u00e1zar.<br \/>\n&#8211; Desde el s\u00e1bado 28 de mayo hasta el martes 31 de mayo en Daimiel:<br \/>\nCAMPEONATO REGIONAL DEL DEPORTE EN EDAD ESCOLAR (categor\u00edas cadete&nbsp;e infantil), tendremos 3 chicos en el cadete y una chica y un chico en el infantil.&nbsp;Los 3 primeros clasificados masculinos y las 3 primeras clasificadas femeninas de cada categor\u00eda&nbsp;disputar\u00e1n el Campeonato de&nbsp;Espa\u00f1a&nbsp;Escolar por Selecciones Auton\u00f3micas.<\/p>\n<p>En cuanto a torneos de un d\u00eda a ritmo de semirr\u00e1pidas, han quedado confirmadas las siguientes fechas y lugares:<br \/>\n&#8211; LOS NAVALMORALES, 7 de mayo en jornada de ma\u00f1ana y tarde.<br \/>\n&#8211; MORA (Casa de la Cultura), 4 de junio, 4 rondas por la&nbsp;ma\u00f1ana&nbsp;y 2 por la tarde. Sobre este torneo ampliaremos pr\u00f3ximamente algunos detalles.<\/p>\n","protected":false},"excerpt":{"rendered":"<p>Como recordatorio para todos los alumnos y alumnas de las escuelas de ajedrez de Alc\u00e1zar y Villafranca, estos son los pr\u00f3ximos d\u00edas en los que participaremos en competiciones oficiales individuales o por equipos, en este \u00faltimo caso se a\u00f1ade&nbsp;la IV Liga de Escuelas que se celebra organizada&nbsp;por los clubes de Ciudad Real con car\u00e1cter privado: [&hellip;]<\/p>\n","protected":false},"author":1,"featured_media":2195,"comment_status":"open","ping_status":"closed","sticky":false,"template":"","format":"standard","meta":{"footnotes":""},"categories":[1],"tags":[],"class_list":["post-2194","post","type-post","status-publish","format-standard","has-post-thumbnail","hentry","category-noticias"],"_links":{"self":[{"href":"https:\/\/www.bfv.cloud\/ajedrezeuropa\/wp-json\/wp\/v2\/posts\/2194","targetHints":{"allow":["GET"]}}],"collection":[{"href":"https:\/\/www.bfv.cloud\/ajedrezeuropa\/wp-json\/wp\/v2\/posts"}],"about":[{"href":"https:\/\/www.bfv.cloud\/ajedrezeuropa\/wp-json\/wp\/v2\/types\/post"}],"author":[{"embeddable":true,"href":"https:\/\/www.bfv.cloud\/ajedrezeuropa\/wp-json\/wp\/v2\/users\/1"}],"replies":[{"embeddable":true,"href":"https:\/\/www.bfv.cloud\/ajedrezeuropa\/wp-json\/wp\/v2\/comments?post=2194"}],"version-history":[{"count":1,"href":"https:\/\/www.bfv.cloud\/ajedrezeuropa\/wp-json\/wp\/v2\/posts\/2194\/revisions"}],"predecessor-version":[{"id":2196,"href":"https:\/\/www.bfv.cloud\/ajedrezeuropa\/wp-json\/wp\/v2\/posts\/2194\/revisions\/2196"}],"wp:featuredmedia":[{"embeddable":true,"href":"https:\/\/www.bfv.cloud\/ajedrezeuropa\/wp-json\/wp\/v2\/media\/2195"}],"wp:attachment":[{"href":"https:\/\/www.bfv.cloud\/ajedrezeuropa\/wp-json\/wp\/v2\/media?parent=2194"}],"wp:term":[{"taxonomy":"category","embeddable":true,"href":"https:\/\/www.bfv.cloud\/ajedrezeuropa\/wp-json\/wp\/v2\/categories?post=2194"},{"taxonomy":"post_tag","embeddable":true,"href":"https:\/\/www.bfv.cloud\/ajedrezeuropa\/wp-json\/wp\/v2\/tags?post=2194"}],"curies":[{"name":"wp","href":"https:\/\/api.w.org\/{rel}","templated":true}]}}