{"id":2197,"date":"2023-03-23T19:50:00","date_gmt":"2023-03-23T19:50:00","guid":{"rendered":"https:\/\/www.bfv.cloud\/ajedrezeuropa\/index.php\/2023\/03\/23\/cartel-del-i-torneo-de-ajedrez-castillo-de-consuegra-en-beneficio-de-la-fundacion-luzon\/"},"modified":"2025-11-20T10:43:43","modified_gmt":"2025-11-20T10:43:43","slug":"cartel-del-i-torneo-de-ajedrez-castillo-de-consuegra-en-beneficio-de-la-fundacion-luzon","status":"publish","type":"post","link":"https:\/\/www.bfv.cloud\/ajedrezeuropa\/cartel-del-i-torneo-de-ajedrez-castillo-de-consuegra-en-beneficio-de-la-fundacion-luzon\/","title":{"rendered":"CARTEL DEL I TORNEO DE AJEDREZ CASTILLO DE CONSUEGRA EN BENEFICIO DE LA FUNDACI\u00d3N LUZ\u00d3N"},"content":{"rendered":"<p>&nbsp;<\/p>\n<div class=\"separator\" style=\"clear: both;text-align: center\"><a href=\"https:\/\/www.bfv.cloud\/ajedrezeuropa\/wp-content\/uploads\/2023\/03\/202320AJEDREZ20a320bis-scaled.jpg\" style=\"margin-left: 1em;margin-right: 1em\"><img fetchpriority=\"high\" decoding=\"async\" border=\"0\" data-original-height=\"5008\" data-original-width=\"3555\" height=\"640\" src=\"https:\/\/blogger.googleusercontent.com\/img\/b\/R29vZ2xl\/AVvXsEgJ3HGrFo7yQa9xZjCNpPX6IApFiWbJ1_SR4u4IRTbJ-J4NcIpHlqJwQVtp4or1VQTDguZ6sAMqjySlZXfstQP4IkTqukNl8ahdZayago0G0C2smdTIeTKDFlE6uPLWg797tpTAuvDX_Nlf8D98qvh_7SjH7OSA1sJmFonMUNnf6BPfHk-rSVitY68S\/w454-h640\/2023%20AJEDREZ%20a3%20bis.jpg\" width=\"454\" \/><\/a><\/div>\n<p><span style=\"font-family: verdana;font-size: x-large\">Conforme al convenio de colaboraci\u00f3n que vamos a suscribir pr\u00f3ximamente&nbsp;la Fundaci\u00f3n Luz\u00f3n y Nuestro Ajedrez en Europa, hemos querido destacar el car\u00e1cter ben\u00e9fico del I Torneo de Ajedrez del Castillo de Consuegra. Para ello, hemos elaborado un cartel espec\u00edfico que destaca esta colaboraci\u00f3n.<\/span><\/p><\/p>\n","protected":false},"excerpt":{"rendered":"<p>&nbsp; Conforme al convenio de colaboraci\u00f3n que vamos a suscribir pr\u00f3ximamente&nbsp;la Fundaci\u00f3n Luz\u00f3n y Nuestro Ajedrez en Europa, hemos querido destacar el car\u00e1cter ben\u00e9fico del I Torneo de Ajedrez del Castillo de Consuegra. Para ello, hemos elaborado un cartel espec\u00edfico que destaca esta colaboraci\u00f3n.<\/p>\n","protected":false},"author":1,"featured_media":2198,"comment_status":"open","ping_status":"closed","sticky":false,"template":"","format":"standard","meta":{"footnotes":""},"categories":[1],"tags":[],"class_list":["post-2197","post","type-post","status-publish","format-standard","has-post-thumbnail","hentry","category-noticias"],"_links":{"self":[{"href":"https:\/\/www.bfv.cloud\/ajedrezeuropa\/wp-json\/wp\/v2\/posts\/2197","targetHints":{"allow":["GET"]}}],"collection":[{"href":"https:\/\/www.bfv.cloud\/ajedrezeuropa\/wp-json\/wp\/v2\/posts"}],"about":[{"href":"https:\/\/www.bfv.cloud\/ajedrezeuropa\/wp-json\/wp\/v2\/types\/post"}],"author":[{"embeddable":true,"href":"https:\/\/www.bfv.cloud\/ajedrezeuropa\/wp-json\/wp\/v2\/users\/1"}],"replies":[{"embeddable":true,"href":"https:\/\/www.bfv.cloud\/ajedrezeuropa\/wp-json\/wp\/v2\/comments?post=2197"}],"version-history":[{"count":1,"href":"https:\/\/www.bfv.cloud\/ajedrezeuropa\/wp-json\/wp\/v2\/posts\/2197\/revisions"}],"predecessor-version":[{"id":2199,"href":"https:\/\/www.bfv.cloud\/ajedrezeuropa\/wp-json\/wp\/v2\/posts\/2197\/revisions\/2199"}],"wp:featuredmedia":[{"embeddable":true,"href":"https:\/\/www.bfv.cloud\/ajedrezeuropa\/wp-json\/wp\/v2\/media\/2198"}],"wp:attachment":[{"href":"https:\/\/www.bfv.cloud\/ajedrezeuropa\/wp-json\/wp\/v2\/media?parent=2197"}],"wp:term":[{"taxonomy":"category","embeddable":true,"href":"https:\/\/www.bfv.cloud\/ajedrezeuropa\/wp-json\/wp\/v2\/categories?post=2197"},{"taxonomy":"post_tag","embeddable":true,"href":"https:\/\/www.bfv.cloud\/ajedrezeuropa\/wp-json\/wp\/v2\/tags?post=2197"}],"curies":[{"name":"wp","href":"https:\/\/api.w.org\/{rel}","templated":true}]}}