{"id":2200,"date":"2014-02-19T22:12:00","date_gmt":"2014-02-19T22:12:00","guid":{"rendered":"https:\/\/www.bfv.cloud\/ajedrezeuropa\/index.php\/2014\/02\/19\/la-colaboracion-de-nuestro-proyecto-con-la-uned-continua-en-valdepenas\/"},"modified":"2025-11-20T10:43:47","modified_gmt":"2025-11-20T10:43:47","slug":"la-colaboracion-de-nuestro-proyecto-con-la-uned-continua-en-valdepenas","status":"publish","type":"post","link":"https:\/\/www.bfv.cloud\/ajedrezeuropa\/la-colaboracion-de-nuestro-proyecto-con-la-uned-continua-en-valdepenas\/","title":{"rendered":"LA COLABORACI\u00d3N DE NUESTRO PROYECTO CON LA UNED CONTIN\u00daA EN VALDEPE\u00d1AS"},"content":{"rendered":"<table cellpadding=\"0\" cellspacing=\"0\" class=\"tr-caption-container\" style=\"float: left;margin-right: 1em;text-align: left\">\n<tbody>\n<tr>\n<td style=\"text-align: center\"><a href=\"https:\/\/www.bfv.cloud\/ajedrezeuropa\/wp-content\/uploads\/2014\/02\/FOTOSUNEDVALDEPEC391AS2014006.jpg\" style=\"clear: left;margin-bottom: 1em;margin-left: auto;margin-right: auto\"><img fetchpriority=\"high\" decoding=\"async\" border=\"0\" src=\"https:\/\/www.bfv.cloud\/ajedrezeuropa\/wp-content\/uploads\/2014\/02\/FOTOSUNEDVALDEPEC391AS2014006.jpg\" height=\"320\" width=\"400\" \/><\/a><\/td>\n<\/tr>\n<tr>\n<td class=\"tr-caption\" style=\"text-align: center\">La mesa de ponentes del curso<\/td>\n<\/tr>\n<\/tbody>\n<\/table>\n<div class=\"MsoBodyText\">\n<span style=\"font-family: Verdana, sans-serif\"><b>La Universidad Nacional de Educaci\u00f3n&nbsp; a Distancia (UNED) est\u00e1 desarrollando en su<br \/>\ncentro de Valdepe\u00f1as una nueva edici\u00f3n del curso \u201cEducaci\u00f3n y Trabajo Social en<br \/>\nel \u00e1mbito penitenciario\u201d. Hoy mi\u00e9rcoles 19 de febrero ha tenido lugar su<br \/>\ninauguraci\u00f3n oficial y el s\u00e1bado 22 est\u00e1 prevista su clausura. Al igual que el<br \/>\ncelebrado el a\u00f1o pasado en Alc\u00e1zar de San Juan, este curso forma parte de la<br \/>\nprogramaci\u00f3n oficial de la UNED y, por lo tanto, concede los correspondientes<br \/>\ncertificados y cr\u00e9ditos a todos sus participantes.<\/b><\/span><\/div>\n<div class=\"MsoBodyText\">\n<span style=\"font-family: Verdana, sans-serif\"><b><\/p>\n<table align=\"center\" cellpadding=\"0\" cellspacing=\"0\" class=\"tr-caption-container\" style=\"margin-left: auto;margin-right: auto;text-align: center\">\n<tbody>\n<tr>\n<td style=\"text-align: center\"><a href=\"https:\/\/www.bfv.cloud\/ajedrezeuropa\/wp-content\/uploads\/2014\/02\/FOTOSUNEDVALDEPEC391AS2014008.jpg\" style=\"margin-left: auto;margin-right: auto\"><img decoding=\"async\" border=\"0\" src=\"https:\/\/www.bfv.cloud\/ajedrezeuropa\/wp-content\/uploads\/2014\/02\/FOTOSUNEDVALDEPEC391AS2014008.jpg\" height=\"248\" width=\"640\" \/><\/a><\/td>\n<\/tr>\n<tr>\n<td class=\"tr-caption\" style=\"text-align: center\">El alumnado del curso est\u00e1 compuesto en su mayor\u00eda por trabajadores sociales y pedagogos<\/td>\n<\/tr>\n<\/tbody>\n<\/table>\n<p><\/b><\/span><\/div>\n<div class=\"MsoNormal\" style=\"text-align: justify\">\n<b><span style=\"font-size: 16.0pt\">&nbsp;<\/span><\/b><b><span style=\"background-color: #ffe599;font-family: Verdana, sans-serif\">La ponencia del<br \/>\ndirector del proyecto \u201cNuestro Ajedrez en Europa\u201d, F\u00e9lix Toribio, se ha centrado<br \/>\nen ofrecer una visi\u00f3n global de las funcionalidades del ajedrez y su aplicaci\u00f3n<br \/>\nen campos tan variados como el educativo, el terap\u00e9utico o el social. En la<br \/>\nexposici\u00f3n y posterior debate, se ha prestado especial atenci\u00f3n al trabajo<br \/>\ndesarrollado el a\u00f1o pasado en el Centro Penitenciario de Alc\u00e1zar de San Juan<br \/>\ndurante las jornadas sobre \u201cEl ajedrez en el pensamiento estrat\u00e9gico\u201d. Tambi\u00e9n<br \/>\nse han puesto de manifiesto los problemas de financiaci\u00f3n que sufren estos<br \/>\nprogramas sociales, lo que generalmente impide una continuidad suficiente para<br \/>\nasentarlos en el tiempo.<\/span><\/b><\/div>\n<table cellpadding=\"0\" cellspacing=\"0\" class=\"tr-caption-container\" style=\"float: right;margin-left: 1em;text-align: right\">\n<tbody>\n<tr>\n<td style=\"text-align: center\"><a href=\"https:\/\/www.bfv.cloud\/ajedrezeuropa\/wp-content\/uploads\/2014\/02\/FOTOSUNEDVALDEPEC391AS2014009.jpg\" style=\"background-color: white;clear: right;margin-bottom: 1em;margin-left: auto;margin-right: auto\"><img decoding=\"async\" border=\"0\" src=\"https:\/\/www.bfv.cloud\/ajedrezeuropa\/wp-content\/uploads\/2014\/02\/FOTOSUNEDVALDEPEC391AS2014009.jpg\" height=\"300\" width=\"400\" \/><\/a><\/td>\n<\/tr>\n<tr>\n<td class=\"tr-caption\" style=\"text-align: center\"><span style=\"background-color: white\">Un momento de la presentaci\u00f3n de la ponencia de F\u00e9lix Toribio<\/span><\/td>\n<\/tr>\n<\/tbody>\n<\/table>\n<div class=\"MsoNormal\" style=\"text-align: justify\">\n<span style=\"font-size: 16pt\"><span style=\"font-family: Verdana, sans-serif\"><br \/><\/span><\/span><\/div>\n<div class=\"MsoNormal\" style=\"text-align: justify\">\n<\/div>\n<div class=\"MsoNormal\" style=\"text-align: justify\">\n<\/div>\n<div class=\"MsoNormal\" style=\"text-align: justify\">\n<span style=\"font-family: Verdana, sans-serif\"><b style=\"background-color: #f1c232\">Hoy por hoy, la<br \/>\nUNED es uno de los mejores exponentes de atenci\u00f3n a los planes de desarrollo<br \/>\ndel ajedrez en distintos \u00e1mbitos de actuaci\u00f3n. En el \u00faltimo a\u00f1o, esta<br \/>\nuniversidad, ha realizado cursos espec\u00edficos sobre la relaci\u00f3n del \u201cdeporte de<br \/>\nla mente\u201d con el mundo de la ense\u00f1anza y otros que lo vinculan a su funci\u00f3n<br \/>\npreventiva de algunas patolog\u00edas cerebrales.&nbsp;<\/b><\/span><b style=\"font-family: Arial, sans-serif;font-size: 16pt\"><\/b><\/div>\n","protected":false},"excerpt":{"rendered":"<p>La mesa de ponentes del curso La Universidad Nacional de Educaci\u00f3n&nbsp; a Distancia (UNED) est\u00e1 desarrollando en su centro de Valdepe\u00f1as una nueva edici\u00f3n del curso \u201cEducaci\u00f3n y Trabajo Social en el \u00e1mbito penitenciario\u201d. Hoy mi\u00e9rcoles 19 de febrero ha tenido lugar su inauguraci\u00f3n oficial y el s\u00e1bado 22 est\u00e1 prevista su clausura. Al igual [&hellip;]<\/p>\n","protected":false},"author":1,"featured_media":2201,"comment_status":"open","ping_status":"closed","sticky":false,"template":"","format":"standard","meta":{"footnotes":""},"categories":[1],"tags":[],"class_list":["post-2200","post","type-post","status-publish","format-standard","has-post-thumbnail","hentry","category-noticias"],"_links":{"self":[{"href":"https:\/\/www.bfv.cloud\/ajedrezeuropa\/wp-json\/wp\/v2\/posts\/2200","targetHints":{"allow":["GET"]}}],"collection":[{"href":"https:\/\/www.bfv.cloud\/ajedrezeuropa\/wp-json\/wp\/v2\/posts"}],"about":[{"href":"https:\/\/www.bfv.cloud\/ajedrezeuropa\/wp-json\/wp\/v2\/types\/post"}],"author":[{"embeddable":true,"href":"https:\/\/www.bfv.cloud\/ajedrezeuropa\/wp-json\/wp\/v2\/users\/1"}],"replies":[{"embeddable":true,"href":"https:\/\/www.bfv.cloud\/ajedrezeuropa\/wp-json\/wp\/v2\/comments?post=2200"}],"version-history":[{"count":1,"href":"https:\/\/www.bfv.cloud\/ajedrezeuropa\/wp-json\/wp\/v2\/posts\/2200\/revisions"}],"predecessor-version":[{"id":2204,"href":"https:\/\/www.bfv.cloud\/ajedrezeuropa\/wp-json\/wp\/v2\/posts\/2200\/revisions\/2204"}],"wp:featuredmedia":[{"embeddable":true,"href":"https:\/\/www.bfv.cloud\/ajedrezeuropa\/wp-json\/wp\/v2\/media\/2201"}],"wp:attachment":[{"href":"https:\/\/www.bfv.cloud\/ajedrezeuropa\/wp-json\/wp\/v2\/media?parent=2200"}],"wp:term":[{"taxonomy":"category","embeddable":true,"href":"https:\/\/www.bfv.cloud\/ajedrezeuropa\/wp-json\/wp\/v2\/categories?post=2200"},{"taxonomy":"post_tag","embeddable":true,"href":"https:\/\/www.bfv.cloud\/ajedrezeuropa\/wp-json\/wp\/v2\/tags?post=2200"}],"curies":[{"name":"wp","href":"https:\/\/api.w.org\/{rel}","templated":true}]}}