{"id":2205,"date":"2014-03-18T14:37:00","date_gmt":"2014-03-18T14:37:00","guid":{"rendered":"https:\/\/www.bfv.cloud\/ajedrezeuropa\/index.php\/2014\/03\/18\/primera-jornada-del-provincial-por-edades-de-ciudad-real-2014\/"},"modified":"2025-11-20T10:43:57","modified_gmt":"2025-11-20T10:43:57","slug":"primera-jornada-del-provincial-por-edades-de-ciudad-real-2014","status":"publish","type":"post","link":"https:\/\/www.bfv.cloud\/ajedrezeuropa\/primera-jornada-del-provincial-por-edades-de-ciudad-real-2014\/","title":{"rendered":"PRIMERA JORNADA DEL PROVINCIAL POR EDADES DE CIUDAD REAL 2014"},"content":{"rendered":"<table cellpadding=\"0\" cellspacing=\"0\" class=\"tr-caption-container\" style=\"float: right;margin-left: 1em;text-align: right\">\n<tbody>\n<tr>\n<td style=\"text-align: center\"><a href=\"https:\/\/www.bfv.cloud\/ajedrezeuropa\/wp-content\/uploads\/2014\/03\/fotosfederadociudadreal005.jpg\" style=\"clear: right;margin-bottom: 1em;margin-left: auto;margin-right: auto\"><img fetchpriority=\"high\" decoding=\"async\" border=\"0\" src=\"https:\/\/www.bfv.cloud\/ajedrezeuropa\/wp-content\/uploads\/2014\/03\/fotosfederadociudadreal005.jpg\" height=\"302\" width=\"400\" \/><\/a><\/td>\n<\/tr>\n<tr>\n<td class=\"tr-caption\" style=\"text-align: center\">Todos nuestros jugadores de la categor\u00eda sub-12: los 5 primeros<br \/>de la izquierda y Enrique, frente a Julia, en el centro de la imagen<\/td>\n<\/tr>\n<\/tbody>\n<\/table>\n<p><\/p>\n<table cellpadding=\"0\" cellspacing=\"0\" class=\"tr-caption-container\" style=\"float: left;text-align: left\">\n<tbody>\n<tr>\n<td style=\"text-align: center\"><a href=\"https:\/\/www.bfv.cloud\/ajedrezeuropa\/wp-content\/uploads\/2014\/03\/fotosfederadociudadreal002.jpg\" style=\"clear: left;margin-bottom: 1em;margin-left: auto;margin-right: auto\"><img decoding=\"async\" border=\"0\" src=\"https:\/\/www.bfv.cloud\/ajedrezeuropa\/wp-content\/uploads\/2014\/03\/fotosfederadociudadreal002.jpg\" height=\"383\" width=\"400\" \/><\/a><\/td>\n<\/tr>\n<tr>\n<td class=\"tr-caption\" style=\"text-align: center\">Nuria en su primer a\u00f1o en la categor\u00eda sub-10<\/p>\n<\/td>\n<\/tr>\n<\/tbody>\n<\/table>\n<div class=\"MsoTitle\" style=\"text-align: justify\">\n<span style=\"font-size: 12pt\"><span style=\"color: #38761d;font-family: Helvetica Neue, Arial, Helvetica, sans-serif\"><b>El pabell\u00f3n del CP Ferroviario del<br \/>\nParque Gasset en Ciudad Real acoge, desde el pasado domingo, el Campeonato por<br \/>\nEdades 2014 de esta provincia. Un total de 102 ajedrecistas participan entre las<br \/>\n6 categor\u00edas de edades en las que se divide el torneo. En esta primera jornada<br \/>\nla categor\u00eda sub-10 disputaba las 3 primeras rondas, destacando la ni\u00f1a Nuria<br \/>\nLozano de la escuela de ajedrez alcazare\u00f1a, tras elaborar un juego preciso y<br \/>\ncombinativo en sus partidas y sumar los 3 puntos posibles. Lo 6 jugadores de<br \/>\nAlc\u00e1zar participantes en el sub-12 jugaron las 2 rondas iniciales de su<br \/>\ncompetici\u00f3n, al igual que en el resto de las categor\u00edas superiores, obteniendo<br \/>\ntambi\u00e9n unos buenos resultados: con 2 puntos, Enrique Velasco; con 1 \u00bd , Arturo<br \/>\nMate; con 1 punto, Isabel Marcos-Alberca, Julia Meza y Pablo Vela; sin puntuar<br \/>\na\u00fan se encuentra \u00c1lvaro S\u00e1nchez-Mateos. Mientras tanto, en sub-14, Julio M\u00e9rida<br \/>\ncon 1 punto, va por delante de sus compa\u00f1eros Marta Espinosa y Samuel Ortiz que<br \/>\nno han puntuado. Finalmente, en las 2 categor\u00edas de mayor edad, los jugadores<br \/>\nde Nuestro Ajedrez en Europa se mantienen en cabeza de la clasificaci\u00f3n<br \/>\nprovisional. As\u00ed, Javier Valdepe\u00f1as, lidera el sub-16 con 2 puntos y Carlos<br \/>\n\u00c1lvarez encabeza el sub-18 con las 2 victorias logradas el domingo. Dentro de<br \/>\neste sub-18 est\u00e1 Cosimo Leonardo de Giorgi con 1 punto, aunque mereciendo algo<br \/>\nm\u00e1s tras la partida que le enfrent\u00f3 al n\u00ba 1 del ranking, Iv\u00e1n Moreno.<\/b><\/span><\/span><\/div>\n<p><\/p>\n<table cellpadding=\"0\" cellspacing=\"0\" class=\"tr-caption-container\" style=\"float: right;margin-left: 1em;text-align: right\">\n<tbody>\n<tr>\n<td style=\"text-align: center\"><a href=\"https:\/\/www.bfv.cloud\/ajedrezeuropa\/wp-content\/uploads\/2014\/03\/fotosfederadociudadreal008.jpg\" style=\"clear: right;margin-bottom: 1em;margin-left: auto;margin-right: auto\"><img decoding=\"async\" border=\"0\" src=\"https:\/\/www.bfv.cloud\/ajedrezeuropa\/wp-content\/uploads\/2014\/03\/fotosfederadociudadreal008.jpg\" height=\"150\" width=\"200\" \/><\/a><\/td>\n<\/tr>\n<tr>\n<td class=\"tr-caption\" style=\"text-align: center\">Julio M\u00e9rida en el tablero 2<\/td>\n<\/tr>\n<\/tbody>\n<\/table>\n<table cellpadding=\"0\" cellspacing=\"0\" class=\"tr-caption-container\" style=\"float: left;margin-right: 1em;text-align: left\">\n<tbody>\n<tr>\n<td style=\"text-align: center\"><a href=\"https:\/\/www.bfv.cloud\/ajedrezeuropa\/wp-content\/uploads\/2014\/03\/fotosfederadociudadreal003.jpg\" style=\"clear: right;margin-bottom: 1em;margin-left: auto;margin-right: auto\"><img loading=\"lazy\" decoding=\"async\" border=\"0\" src=\"https:\/\/www.bfv.cloud\/ajedrezeuropa\/wp-content\/uploads\/2014\/03\/fotosfederadociudadreal003.jpg\" height=\"150\" width=\"200\" \/><\/a><\/td>\n<\/tr>\n<tr>\n<td class=\"tr-caption\" style=\"text-align: center\">Javier lidera el ranking del sub-16<\/td>\n<\/tr>\n<\/tbody>\n<\/table>\n<table cellpadding=\"0\" cellspacing=\"0\" class=\"tr-caption-container\" style=\"clear: left;float: left;margin-bottom: 1em;text-align: left\">\n<tbody>\n<tr>\n<td style=\"text-align: center\"><a href=\"https:\/\/www.bfv.cloud\/ajedrezeuropa\/wp-content\/uploads\/2014\/03\/fotosfederadociudadreal006.jpg\" style=\"clear: left;margin-bottom: 1em;margin-left: auto;margin-right: auto\"><img loading=\"lazy\" decoding=\"async\" border=\"0\" src=\"https:\/\/www.bfv.cloud\/ajedrezeuropa\/wp-content\/uploads\/2014\/03\/fotosfederadociudadreal006.jpg\" height=\"160\" width=\"200\" \/><\/a><\/td>\n<\/tr>\n<tr>\n<td class=\"tr-caption\" style=\"text-align: center\">Marta en su 2\u00aa partida del sub-14<\/td>\n<\/tr>\n<\/tbody>\n<\/table>\n<table cellpadding=\"0\" cellspacing=\"0\" class=\"tr-caption-container\" style=\"float: right;text-align: right\">\n<tbody>\n<tr>\n<td style=\"text-align: center\"><a href=\"https:\/\/www.bfv.cloud\/ajedrezeuropa\/wp-content\/uploads\/2014\/03\/fotosfederadociudadreal007.jpg\" style=\"margin-left: auto;margin-right: auto\"><img loading=\"lazy\" decoding=\"async\" border=\"0\" src=\"https:\/\/www.bfv.cloud\/ajedrezeuropa\/wp-content\/uploads\/2014\/03\/fotosfederadociudadreal007.jpg\" height=\"148\" width=\"200\" \/><\/a><\/td>\n<\/tr>\n<tr>\n<td class=\"tr-caption\" style=\"text-align: center\">Carlos y Leo en el sub-18<\/td>\n<\/tr>\n<\/tbody>\n<\/table>\n<div class=\"MsoTitle\" style=\"text-align: justify\">\n<span style=\"font-size: 12pt\"><span style=\"color: #38761d;font-family: Helvetica Neue, Arial, Helvetica, sans-serif\"><b>El pr\u00f3ximo fin de semana se<br \/>\ncompletar\u00e1 el campeonato con una doble jornada, en horario de tarde el s\u00e1bado y<br \/>\nde ma\u00f1ana el domingo. Muchos de los 13 chicos y chicas de Nuestro Ajedrez en<br \/>\nEuropa que intervienen en este campeonato provincial de Ciudad Real, se<br \/>\nencontrar\u00e1n luchando por la victoria en sus respectivos torneos durante las<br \/>\nrondas finales del domingo, y ser\u00e1 su profundidad creativa, sus conocimientos<br \/>\nte\u00f3ricos de ajedrez y su capacidad de concentraci\u00f3n los que decidir\u00e1n los<br \/>\nt\u00edtulos de campeones.&nbsp;&nbsp;<\/b><\/span><\/span><\/div>\n<div class=\"MsoTitle\" style=\"text-align: left\">\n<span style=\"font-size: 12pt\"><span style=\"color: #38761d;font-family: Helvetica Neue, Arial, Helvetica, sans-serif\"><b><\/b><\/span><\/span><br \/><span style=\"font-size: 12pt\"><span style=\"color: #38761d;font-family: Helvetica Neue, Arial, Helvetica, sans-serif\"><b><\/b><\/span><\/span><\/div>\n<div class=\"MsoTitle\" style=\"text-align: left\">\n<span style=\"font-size: 12pt\"><span style=\"color: #38761d;font-family: Helvetica Neue, Arial, Helvetica, sans-serif\"><b><\/b><\/span><\/span><br \/><span style=\"font-size: 12pt\"><span style=\"color: #38761d;font-family: Helvetica Neue, Arial, Helvetica, sans-serif\"><b><\/b><\/span><\/span><\/div>\n<div class=\"separator\" style=\"clear: both;text-align: center\">\n<\/div>\n<p><!-- Blogger automated replacement: \"https:\/\/images-blogger-opensocial.googleusercontent.com\/gadgets\/proxy?url=http%3A%2F%2F3.bp.blogspot.com%2F-2iJGI81IHk4%2FUyhYCpyumuI%2FAAAAAAAAClI%2FAJos9Is6_n4%2Fs1600%2Ffotos%2Bfederado%2Bciudad%2Breal%2B007.jpg&amp;container=blogger&amp;gadget=a&amp;rewriteMime=image%2F*\" with \"https:\/\/www.bfv.cloud\/ajedrezeuropa\/wp-content\/uploads\/2014\/03\/fotosfederadociudadreal007.jpg\" --><\/p>\n","protected":false},"excerpt":{"rendered":"<p>Todos nuestros jugadores de la categor\u00eda sub-12: los 5 primerosde la izquierda y Enrique, frente a Julia, en el centro de la imagen Nuria en su primer a\u00f1o en la categor\u00eda sub-10 El pabell\u00f3n del CP Ferroviario del Parque Gasset en Ciudad Real acoge, desde el pasado domingo, el Campeonato por Edades 2014 de esta [&hellip;]<\/p>\n","protected":false},"author":1,"featured_media":2206,"comment_status":"open","ping_status":"closed","sticky":false,"template":"","format":"standard","meta":{"footnotes":""},"categories":[1],"tags":[],"class_list":["post-2205","post","type-post","status-publish","format-standard","has-post-thumbnail","hentry","category-noticias"],"_links":{"self":[{"href":"https:\/\/www.bfv.cloud\/ajedrezeuropa\/wp-json\/wp\/v2\/posts\/2205","targetHints":{"allow":["GET"]}}],"collection":[{"href":"https:\/\/www.bfv.cloud\/ajedrezeuropa\/wp-json\/wp\/v2\/posts"}],"about":[{"href":"https:\/\/www.bfv.cloud\/ajedrezeuropa\/wp-json\/wp\/v2\/types\/post"}],"author":[{"embeddable":true,"href":"https:\/\/www.bfv.cloud\/ajedrezeuropa\/wp-json\/wp\/v2\/users\/1"}],"replies":[{"embeddable":true,"href":"https:\/\/www.bfv.cloud\/ajedrezeuropa\/wp-json\/wp\/v2\/comments?post=2205"}],"version-history":[{"count":1,"href":"https:\/\/www.bfv.cloud\/ajedrezeuropa\/wp-json\/wp\/v2\/posts\/2205\/revisions"}],"predecessor-version":[{"id":2212,"href":"https:\/\/www.bfv.cloud\/ajedrezeuropa\/wp-json\/wp\/v2\/posts\/2205\/revisions\/2212"}],"wp:featuredmedia":[{"embeddable":true,"href":"https:\/\/www.bfv.cloud\/ajedrezeuropa\/wp-json\/wp\/v2\/media\/2206"}],"wp:attachment":[{"href":"https:\/\/www.bfv.cloud\/ajedrezeuropa\/wp-json\/wp\/v2\/media?parent=2205"}],"wp:term":[{"taxonomy":"category","embeddable":true,"href":"https:\/\/www.bfv.cloud\/ajedrezeuropa\/wp-json\/wp\/v2\/categories?post=2205"},{"taxonomy":"post_tag","embeddable":true,"href":"https:\/\/www.bfv.cloud\/ajedrezeuropa\/wp-json\/wp\/v2\/tags?post=2205"}],"curies":[{"name":"wp","href":"https:\/\/api.w.org\/{rel}","templated":true}]}}