{"id":2215,"date":"2020-02-25T10:59:00","date_gmt":"2020-02-25T10:59:00","guid":{"rendered":"https:\/\/www.bfv.cloud\/ajedrezeuropa\/index.php\/2020\/02\/25\/calendario-competiciones-provinciales-y-regionales-abril-junio-2020\/"},"modified":"2025-11-20T10:43:59","modified_gmt":"2025-11-20T10:43:59","slug":"calendario-competiciones-provinciales-y-regionales-abril-junio-2020","status":"publish","type":"post","link":"https:\/\/www.bfv.cloud\/ajedrezeuropa\/calendario-competiciones-provinciales-y-regionales-abril-junio-2020\/","title":{"rendered":"CALENDARIO COMPETICIONES PROVINCIALES Y REGIONALES ABRIL\/JUNIO 2020"},"content":{"rendered":"<div class=\"separator\" style=\"clear: both;text-align: center\">\n<\/div>\n<div class=\"separator\" style=\"clear: both;text-align: left\">\n<span style=\"color: red;font-size: x-large\"><b><u>EL CALENDARIO DE CAMPEONATOS EST\u00c1 SUSPENDIDO QUEDANDO PENDIENTE UNA NUEVA PROGRAMACI\u00d3N UNA VEZ SUPERADO EL ESTADO DE ALARMA<\/u><\/b><\/span><\/div>\n<div class=\"separator\" style=\"clear: both;text-align: left\">\n<span style=\"color: red;font-size: x-large\"><b><u><br \/><\/u><\/b><\/span><\/div>\n<div class=\"separator\" style=\"clear: both;text-align: center\">\n<a href=\"https:\/\/www.bfv.cloud\/ajedrezeuropa\/wp-content\/uploads\/2020\/02\/CALENDARIO2T2020_001.jpg\" style=\"margin-left: 1em;margin-right: 1em\"><img fetchpriority=\"high\" decoding=\"async\" border=\"0\" data-original-height=\"833\" data-original-width=\"1600\" height=\"206\" src=\"https:\/\/blogger.googleusercontent.com\/img\/b\/R29vZ2xl\/AVvXsEjv0HMfs2J5f1CQDC39uau3v0NQB5hoK1Sg-s5mWoXdlq1eNlJKLL1R6JAh2IbyVrfZaqI3jTnVT_uL-1nzUVLCmdIM888hrK25TTFe4atfj2X0Gmy7BtJERBcat38Iab4AoBGu4hM6Zz0\/s400\/CALENDARIO+2T+2020_001.jpg\" width=\"400\" \/><\/a><\/div>\n<p><span style=\", monospace;font-size: large\"><b><br \/><\/b><\/span><br \/>\n<span style=\", monospace;font-size: large\"><b>Publicamos el calendario oficial de competiciones previstas en la provincia de Toledo y en la comunidad de Castilla-La Mancha para los pr\u00f3ximos meses de abril, mayo y junio.<\/b><\/span><br \/>\n<span style=\", monospace;font-size: large\"><b>En el detalle de cada campeonato figura si es OPEN, es decir: abierto a la participaci\u00f3n de cualquier jugador o jugadora federado; o no es as\u00ed. La fase regional del Deporte en Edad Escolar est\u00e1 reservada exclusivamente a los clasificados de las distintas provincias.<\/b><\/span><br \/>\n<span style=\", monospace;font-size: large\"><b>Para el Campeonato por Equipos de Toledo S-12 y S-18, se formar\u00e1n varios equipos en cada categor\u00eda para dar cabida a los chicos y chicas de las escuelas de ajedrez de Alc\u00e1zar y Villafranca que quieran participar.<\/b><\/span><br \/>\n<span style=\", monospace;font-size: large\"><b>Las sedes de los distintos campeonatos a\u00fan no est\u00e1n designadas, salvo el regional Escolar que se jugar\u00e1 en Ossa de Montiel.<\/b><\/span><br \/>\n<span style=\", monospace;font-size: large\"><b>Los desplazamientos a cada campeonato se har\u00e1n en coches particulares, excepto el regional Escolar para el que la Junta de Castilla-La Mancha pone autobuses.&nbsp;<\/b><\/span><\/p>\n","protected":false},"excerpt":{"rendered":"<p>EL CALENDARIO DE CAMPEONATOS EST\u00c1 SUSPENDIDO QUEDANDO PENDIENTE UNA NUEVA PROGRAMACI\u00d3N UNA VEZ SUPERADO EL ESTADO DE ALARMA Publicamos el calendario oficial de competiciones previstas en la provincia de Toledo y en la comunidad de Castilla-La Mancha para los pr\u00f3ximos meses de abril, mayo y junio. En el detalle de cada campeonato figura si es [&hellip;]<\/p>\n","protected":false},"author":1,"featured_media":2216,"comment_status":"open","ping_status":"closed","sticky":false,"template":"","format":"standard","meta":{"footnotes":""},"categories":[1],"tags":[],"class_list":["post-2215","post","type-post","status-publish","format-standard","has-post-thumbnail","hentry","category-noticias"],"_links":{"self":[{"href":"https:\/\/www.bfv.cloud\/ajedrezeuropa\/wp-json\/wp\/v2\/posts\/2215","targetHints":{"allow":["GET"]}}],"collection":[{"href":"https:\/\/www.bfv.cloud\/ajedrezeuropa\/wp-json\/wp\/v2\/posts"}],"about":[{"href":"https:\/\/www.bfv.cloud\/ajedrezeuropa\/wp-json\/wp\/v2\/types\/post"}],"author":[{"embeddable":true,"href":"https:\/\/www.bfv.cloud\/ajedrezeuropa\/wp-json\/wp\/v2\/users\/1"}],"replies":[{"embeddable":true,"href":"https:\/\/www.bfv.cloud\/ajedrezeuropa\/wp-json\/wp\/v2\/comments?post=2215"}],"version-history":[{"count":1,"href":"https:\/\/www.bfv.cloud\/ajedrezeuropa\/wp-json\/wp\/v2\/posts\/2215\/revisions"}],"predecessor-version":[{"id":2217,"href":"https:\/\/www.bfv.cloud\/ajedrezeuropa\/wp-json\/wp\/v2\/posts\/2215\/revisions\/2217"}],"wp:featuredmedia":[{"embeddable":true,"href":"https:\/\/www.bfv.cloud\/ajedrezeuropa\/wp-json\/wp\/v2\/media\/2216"}],"wp:attachment":[{"href":"https:\/\/www.bfv.cloud\/ajedrezeuropa\/wp-json\/wp\/v2\/media?parent=2215"}],"wp:term":[{"taxonomy":"category","embeddable":true,"href":"https:\/\/www.bfv.cloud\/ajedrezeuropa\/wp-json\/wp\/v2\/categories?post=2215"},{"taxonomy":"post_tag","embeddable":true,"href":"https:\/\/www.bfv.cloud\/ajedrezeuropa\/wp-json\/wp\/v2\/tags?post=2215"}],"curies":[{"name":"wp","href":"https:\/\/api.w.org\/{rel}","templated":true}]}}