{"id":2218,"date":"2021-10-15T19:35:00","date_gmt":"2021-10-15T19:35:00","guid":{"rendered":"https:\/\/www.bfv.cloud\/ajedrezeuropa\/index.php\/2021\/10\/15\/la-escuela-deportiva-de-ajedrez-de-illescas-comenzara-su-andadura-el-proximo-3-de-noviembre\/"},"modified":"2025-11-20T10:44:04","modified_gmt":"2025-11-20T10:44:04","slug":"la-escuela-deportiva-de-ajedrez-de-illescas-comenzara-su-andadura-el-proximo-3-de-noviembre","status":"publish","type":"post","link":"https:\/\/www.bfv.cloud\/ajedrezeuropa\/la-escuela-deportiva-de-ajedrez-de-illescas-comenzara-su-andadura-el-proximo-3-de-noviembre\/","title":{"rendered":"LA ESCUELA DEPORTIVA DE AJEDREZ DE ILLESCAS COMENZAR\u00c1 SU ANDADURA EL PR\u00d3XIMO 3 DE NOVIEMBRE"},"content":{"rendered":"<p>&nbsp;<\/p>\n<div class=\"separator\" style=\"clear: both;text-align: center\"><a href=\"https:\/\/www.bfv.cloud\/ajedrezeuropa\/wp-content\/uploads\/2021\/10\/CARTELCLASESILLESCAS2021-22_001.jpg\" style=\"clear: left;float: left;margin-bottom: 1em;margin-right: 1em\"><img fetchpriority=\"high\" decoding=\"async\" border=\"0\" data-original-height=\"2048\" data-original-width=\"1447\" height=\"640\" src=\"https:\/\/blogger.googleusercontent.com\/img\/b\/R29vZ2xl\/AVvXsEhVPvAb_zh1F_anTuRxcpQXrC1Fh5hnvpDDwJf8Ph4ugZIvrV-82pizflsFwP-I4r8EvU6scdqCjd2mm2uXBqclYG0O7hPHpbnJ6XCsOCNeAGqIE-vXP3tBrzwYUnRnHTyb7XM7OUbcDQw\/w452-h640\/CARTEL+CLASES+ILLESCAS+2021-22_001.jpg\" width=\"452\" \/><\/a><\/div>\n<p><span style=\"font-family: helvetica;font-size: large\"><b>El centro cultural \u00abLa Almazara\u00bb acoger\u00e1, a partir del pr\u00f3ximo mes de noviembre, la nueva escuela deportiva de ajedrez de Illescas, organizada por el C.D. Ajedrez en la Escuela-Illescas. El proyecto para la puesta en marcha de esta escuela se ha retrasado m\u00e1s de un a\u00f1o como consecuencia de la pandemia. Ahora se ofrece la posibilidad de solicitar la inscripci\u00f3n del 15 al 25 de octubre en uno de los 4 grupos que se han formado: 2 de iniciaci\u00f3n y 1 de perfeccionamiento, destinados a la formaci\u00f3n de ni\u00f1os y ni\u00f1as de 6 a 18 a\u00f1os de edad; y un cuarto grupo conjunto para j\u00f3venes y adultos en los niveles de iniciaci\u00f3n y perfeccionamiento. La solicitud debe enviarse al correo:&nbsp;<a href=\"mailto:felixtoribio@nuestroajedrezeneuropa.com\" target=\"_blank\">felixtoribio@nuestroajedrezeneuropa.com<\/a>&nbsp;y entre el 26 y el 30 de octubre se confirmar\u00e1n los alumnos admitidos en cada grupo.<\/b><\/span><\/p>\n<div><span style=\"font-family: helvetica;font-size: large\"><b>La escuela de ajedrez de Illescas nace con vocaci\u00f3n de permanencia en el tiempo y con idea de crear afici\u00f3n para consolidar un proyecto deportivo que llegue a todos los niveles del ajedrez de competici\u00f3n.<br \/><\/b><\/span><\/p>\n<p><span style=\"font-family: helvetica;font-size: large\">Publicamos la hoja informativa y la ficha de inscripci\u00f3n con toda la informaci\u00f3n:<\/span><\/p>\n<\/p>\n<div class=\"separator\" style=\"clear: both;text-align: center\"><a href=\"https:\/\/www.bfv.cloud\/ajedrezeuropa\/wp-content\/uploads\/2021\/10\/HOJAINFORMATIVAESCUELADEAJEDREZILLESCAS_001.jpg\" style=\"margin-left: 1em;margin-right: 1em\"><img decoding=\"async\" border=\"0\" data-original-height=\"2048\" data-original-width=\"1447\" height=\"640\" src=\"https:\/\/blogger.googleusercontent.com\/img\/b\/R29vZ2xl\/AVvXsEhhyphenhyphenbsD-xcarxCnoTCmem7dnWs63JZdCrVjdq9L_2XwEBCY1LMho3bdUvoizhwxkrgdzBtwvOHY0wx4emkDEQolipL6x9kUyIVNYlH2injs3JRl8L6Xg43GHqLoeA9divuaaCeXwtFYtVA\/w452-h640\/HOJA+INFORMATIVA+ESCUELA+DE+AJEDREZ+ILLESCAS_001.jpg\" width=\"452\" \/><\/a><\/div>\n<p><\/p>\n<div class=\"separator\" style=\"clear: both;text-align: center\"><a href=\"https:\/\/www.bfv.cloud\/ajedrezeuropa\/wp-content\/uploads\/2021\/10\/FICHADEINSCRIPCIONESCUELAAJEDREZTEMP2021-22_001.jpg\" style=\"margin-left: 1em;margin-right: 1em\"><img decoding=\"async\" border=\"0\" data-original-height=\"2048\" data-original-width=\"1447\" height=\"640\" src=\"https:\/\/blogger.googleusercontent.com\/img\/b\/R29vZ2xl\/AVvXsEjMj9_WhPhpCoSAtP26CXsSfnNesb7Ts7cvKeq8WZ9Y3KVcO0bbLzTJxxDqCI20YVKVdLG9NDjFG6U9XKlY3Xvqn_ihiCoFoU_PnJioss1BYRNYLuAC6xzxkKQqxsESGFXD-O2y3lGenuI\/w452-h640\/FICHA+DE+INSCRIPCION+ESCUELA+AJEDREZ+TEMP+2021-22_001.jpg\" width=\"452\" \/><\/a><\/div>\n<p><span style=\"font-family: helvetica;font-size: large\"><br \/><\/span><\/p>\n<\/div>\n","protected":false},"excerpt":{"rendered":"<p>&nbsp; El centro cultural \u00abLa Almazara\u00bb acoger\u00e1, a partir del pr\u00f3ximo mes de noviembre, la nueva escuela deportiva de ajedrez de Illescas, organizada por el C.D. Ajedrez en la Escuela-Illescas. El proyecto para la puesta en marcha de esta escuela se ha retrasado m\u00e1s de un a\u00f1o como consecuencia de la pandemia. Ahora se ofrece [&hellip;]<\/p>\n","protected":false},"author":1,"featured_media":2219,"comment_status":"open","ping_status":"closed","sticky":false,"template":"","format":"standard","meta":{"footnotes":""},"categories":[1],"tags":[],"class_list":["post-2218","post","type-post","status-publish","format-standard","has-post-thumbnail","hentry","category-noticias"],"_links":{"self":[{"href":"https:\/\/www.bfv.cloud\/ajedrezeuropa\/wp-json\/wp\/v2\/posts\/2218","targetHints":{"allow":["GET"]}}],"collection":[{"href":"https:\/\/www.bfv.cloud\/ajedrezeuropa\/wp-json\/wp\/v2\/posts"}],"about":[{"href":"https:\/\/www.bfv.cloud\/ajedrezeuropa\/wp-json\/wp\/v2\/types\/post"}],"author":[{"embeddable":true,"href":"https:\/\/www.bfv.cloud\/ajedrezeuropa\/wp-json\/wp\/v2\/users\/1"}],"replies":[{"embeddable":true,"href":"https:\/\/www.bfv.cloud\/ajedrezeuropa\/wp-json\/wp\/v2\/comments?post=2218"}],"version-history":[{"count":1,"href":"https:\/\/www.bfv.cloud\/ajedrezeuropa\/wp-json\/wp\/v2\/posts\/2218\/revisions"}],"predecessor-version":[{"id":2222,"href":"https:\/\/www.bfv.cloud\/ajedrezeuropa\/wp-json\/wp\/v2\/posts\/2218\/revisions\/2222"}],"wp:featuredmedia":[{"embeddable":true,"href":"https:\/\/www.bfv.cloud\/ajedrezeuropa\/wp-json\/wp\/v2\/media\/2219"}],"wp:attachment":[{"href":"https:\/\/www.bfv.cloud\/ajedrezeuropa\/wp-json\/wp\/v2\/media?parent=2218"}],"wp:term":[{"taxonomy":"category","embeddable":true,"href":"https:\/\/www.bfv.cloud\/ajedrezeuropa\/wp-json\/wp\/v2\/categories?post=2218"},{"taxonomy":"post_tag","embeddable":true,"href":"https:\/\/www.bfv.cloud\/ajedrezeuropa\/wp-json\/wp\/v2\/tags?post=2218"}],"curies":[{"name":"wp","href":"https:\/\/api.w.org\/{rel}","templated":true}]}}