{"id":2223,"date":"2016-01-31T17:45:00","date_gmt":"2016-01-31T17:45:00","guid":{"rendered":"https:\/\/www.bfv.cloud\/ajedrezeuropa\/index.php\/2016\/01\/31\/licencias-federativas-2016\/"},"modified":"2025-11-20T10:44:06","modified_gmt":"2025-11-20T10:44:06","slug":"licencias-federativas-2016","status":"publish","type":"post","link":"https:\/\/www.bfv.cloud\/ajedrezeuropa\/licencias-federativas-2016\/","title":{"rendered":"LICENCIAS FEDERATIVAS 2016"},"content":{"rendered":"<div class=\"separator\" style=\"clear: both;text-align: center\">\n<a href=\"https:\/\/www.bfv.cloud\/ajedrezeuropa\/wp-content\/uploads\/2016\/01\/CIRCULARLICENCIAS2016PARAENVIAR.jpg\" style=\"margin-left: 1em;margin-right: 1em\"><img fetchpriority=\"high\" decoding=\"async\" border=\"0\" height=\"392\" src=\"https:\/\/blogger.googleusercontent.com\/img\/b\/R29vZ2xl\/AVvXsEgvJeaKg3jA7whZ_U2CpW48YSNt3I3FfaxSki4GVFYwiLmO1BjO_OedomvshU_LuNQmFGKVQLHeYcQmffhFSYPReTvJBz3JyMl6nQ8H7Kb_VIqtWu6EZ5zQKBExpgBIioPZcQd5wbHiWX0\/s640\/CIRCULAR+LICENCIAS+2016+PARA+ENVIAR.jpg\" width=\"640\" \/><\/a><\/div>\n<p>\n<span style=\"font-family: Arial, Helvetica, sans-serif\">Recientemente se han publicado las circulares de la FEDA y la FACLM relativas a las licencias federativas de 2016. Siguiendo con la l\u00ednea habitual para el pago de las licencias de los jugadores de nuestros dos clubes, publicamos una circular interna donde facilitamos la informaci\u00f3n para realizar este abono. Recordad que todos aquellos que disput\u00e1is torneos federados, individuales o por equipos, valederos para la temporada 2016, ten\u00e9is que tramitar vuestras licencias de acuerdo a lo que se\u00f1ala esta circular.<\/span><\/p>\n","protected":false},"excerpt":{"rendered":"<p>Recientemente se han publicado las circulares de la FEDA y la FACLM relativas a las licencias federativas de 2016. Siguiendo con la l\u00ednea habitual para el pago de las licencias de los jugadores de nuestros dos clubes, publicamos una circular interna donde facilitamos la informaci\u00f3n para realizar este abono. Recordad que todos aquellos que disput\u00e1is [&hellip;]<\/p>\n","protected":false},"author":1,"featured_media":2224,"comment_status":"open","ping_status":"closed","sticky":false,"template":"","format":"standard","meta":{"footnotes":""},"categories":[1],"tags":[],"class_list":["post-2223","post","type-post","status-publish","format-standard","has-post-thumbnail","hentry","category-noticias"],"_links":{"self":[{"href":"https:\/\/www.bfv.cloud\/ajedrezeuropa\/wp-json\/wp\/v2\/posts\/2223","targetHints":{"allow":["GET"]}}],"collection":[{"href":"https:\/\/www.bfv.cloud\/ajedrezeuropa\/wp-json\/wp\/v2\/posts"}],"about":[{"href":"https:\/\/www.bfv.cloud\/ajedrezeuropa\/wp-json\/wp\/v2\/types\/post"}],"author":[{"embeddable":true,"href":"https:\/\/www.bfv.cloud\/ajedrezeuropa\/wp-json\/wp\/v2\/users\/1"}],"replies":[{"embeddable":true,"href":"https:\/\/www.bfv.cloud\/ajedrezeuropa\/wp-json\/wp\/v2\/comments?post=2223"}],"version-history":[{"count":1,"href":"https:\/\/www.bfv.cloud\/ajedrezeuropa\/wp-json\/wp\/v2\/posts\/2223\/revisions"}],"predecessor-version":[{"id":2225,"href":"https:\/\/www.bfv.cloud\/ajedrezeuropa\/wp-json\/wp\/v2\/posts\/2223\/revisions\/2225"}],"wp:featuredmedia":[{"embeddable":true,"href":"https:\/\/www.bfv.cloud\/ajedrezeuropa\/wp-json\/wp\/v2\/media\/2224"}],"wp:attachment":[{"href":"https:\/\/www.bfv.cloud\/ajedrezeuropa\/wp-json\/wp\/v2\/media?parent=2223"}],"wp:term":[{"taxonomy":"category","embeddable":true,"href":"https:\/\/www.bfv.cloud\/ajedrezeuropa\/wp-json\/wp\/v2\/categories?post=2223"},{"taxonomy":"post_tag","embeddable":true,"href":"https:\/\/www.bfv.cloud\/ajedrezeuropa\/wp-json\/wp\/v2\/tags?post=2223"}],"curies":[{"name":"wp","href":"https:\/\/api.w.org\/{rel}","templated":true}]}}