{"id":2226,"date":"2013-05-27T22:59:00","date_gmt":"2013-05-27T22:59:00","guid":{"rendered":"https:\/\/www.bfv.cloud\/ajedrezeuropa\/index.php\/2013\/05\/27\/el-jueves-comienza-el-escolar-de-castilla-la-mancha\/"},"modified":"2025-11-20T10:44:07","modified_gmt":"2025-11-20T10:44:07","slug":"el-jueves-comienza-el-escolar-de-castilla-la-mancha","status":"publish","type":"post","link":"https:\/\/www.bfv.cloud\/ajedrezeuropa\/el-jueves-comienza-el-escolar-de-castilla-la-mancha\/","title":{"rendered":"EL JUEVES COMIENZA EL ESCOLAR DE CASTILLA-LA MANCHA"},"content":{"rendered":"<div class=\"separator\" style=\"clear: both;text-align: center\">\n<a href=\"https:\/\/www.bfv.cloud\/ajedrezeuropa\/wp-content\/uploads\/2013\/05\/000-BANNER.jpg\" style=\"margin-left: 1em;margin-right: 1em\"><img decoding=\"async\" border=\"0\" height=\"96\" src=\"https:\/\/blogger.googleusercontent.com\/img\/b\/R29vZ2xl\/AVvXsEiNhQKz8IhyphenhyphenM2jBU7Dwc9R1tNo107mTbLk-FyoX_BmOp2CAj89SCE3etU8mj7bIDRGRi-CAkarLLXlnNRG-c1e6Z9mvn7P9apNDjQptsumsT3ASI-QXqP_WxDxbkF9odSmTtcjWsMngE_Q\/s400\/000-BANNER.jpg\" width=\"400\" \/><\/a><\/div>\n<div class=\"MsoNormal\">\n<span><br \/><\/span><\/div>\n<div class=\"MsoNormal\">\n<span style=\"font-family: Verdana, sans-serif\">Como os hemos anunciado, a partir del<br \/>\njueves por la tarde se juega en Ossa de Montiel (Albacete) la fase regional del<br \/>\nCampeonato del Deporte en Edad Escolar con la participaci\u00f3n de 8 ajedrecistas<br \/>\nde las escuelas municipales de Alc\u00e1zar y Villafranca. Hoy mismo, la Consejer\u00eda<br \/>\nde Educaci\u00f3n nos ha facilitado la siguiente informaci\u00f3n:<\/span><\/div>\n<div class=\"MsoNormal\">\n<\/div>\n<div class=\"MsoNormal\">\n<b><span style=\"font-family: Verdana, sans-serif\">FASE: REGIONAL<\/span><\/b><\/div>\n<div class=\"MsoNormal\">\n<b><span style=\"font-family: Verdana, sans-serif\">FECHA: Del 30 de mayo al 2 de junio de<br \/>\n2013<\/span><\/b><\/div>\n<div class=\"MsoNormal\">\n<b><span style=\"font-family: Verdana, sans-serif\">LOCALIDAD: OSA DE MONTIEL (Albacete).<\/span><\/b><\/div>\n<div class=\"MsoNormal\">\n<span style=\"font-size: 11pt\"><span style=\"font-family: Verdana, sans-serif\">Albergue \u201cAlonso<br \/>\nQuijano\u201d, edificio \u201cLa Colgada\u201d <\/span><\/span><br \/>\n<span style=\"font-size: 11pt\"><span style=\"font-family: Verdana, sans-serif\"><u>Condiciones del albergue: Hay que llevarse toallas.<\/u><\/span><\/span><br \/>\n<span style=\"font-size: 11pt\"><span style=\"font-family: Verdana, sans-serif\"><u>Es necesario presentar el DNI y la autorizaci\u00f3n paterna.<\/u><\/span><\/span><\/div>\n<div class=\"MsoNormal\">\n<b><span style=\"font-family: Verdana, sans-serif\"><br \/><\/span><\/b><br \/>\n<b><span style=\"font-family: Verdana, sans-serif\">TRANSPORTE:<\/span><\/b><\/div>\n<div class=\"MsoNormal\">\n<b><span style=\"font-family: Verdana, sans-serif\">Ida: 30 de mayo de 2013<\/span><\/b><\/div>\n<div class=\"MsoNormal\">\n<span style=\"font-family: Verdana, sans-serif\">\u00b7 <b>Empresa: (Empresa: Illes-Car) <\/b><\/span><\/div>\n<div class=\"MsoNormal\">\n<span style=\"font-family: Verdana, sans-serif\">10:30 h.: Esquivias. Parada del<br \/>\nconvento<\/span><span style=\"font-family: Verdana, sans-serif\">&nbsp;<\/span><\/div>\n<div class=\"MsoNormal\">\n<span style=\"font-family: Verdana, sans-serif\">12:15 h Alcazar de San Juan. Parque<br \/>\nAlces (Maquina del tren, frente plaza toros)<\/span><\/div>\n<div class=\"MsoNormal\">\n<span style=\"font-family: Verdana, sans-serif\">12:45 h Tomelloso : Explanada Centro<br \/>\nComercial Eroski<\/span><\/div>\n<div class=\"MsoNormal\">\n<span style=\"font-family: Verdana, sans-serif\">13:30 h Osa de Montiel.<\/span><\/div>\n<div class=\"MsoNormal\">\n<b><span style=\"font-family: Verdana, sans-serif\">Regreso: 2 de junio de 2013<\/span><\/b><\/div>\n<div class=\"MsoNormal\">\n<span style=\"font-family: Verdana, sans-serif\">Recorrido inverso.<\/span><\/div>\n<div class=\"MsoNormal\">\n<span style=\"font-family: Verdana, sans-serif\">Debe pasarse por Quintanar de la Orden<\/span><span style=\"font-family: Arial, sans-serif\"><\/span><\/div>\n<div class=\"MsoNormal\">\n<span>Salida: 14:30 \u2013 15:00 horas<\/span><\/div>\n<div class=\"MsoNormal\" style=\"text-align: justify\">\n<\/div>\n<p><span style=\"font-size: 12pt\"><span style=\"font-family: Verdana, sans-serif\">A continuaci\u00f3n detallamos la relaci\u00f3n de chicos y chicas en las 4 categor\u00edas<br \/>\nde competici\u00f3n, incluyendo los enlaces con las respectivas p\u00e1ginas de<br \/>\nChess-Results para poder seguir los resultados y las clasificaciones:<\/span><\/span><br \/>\n<span style=\"font-size: 12pt\"><span style=\"font-family: Verdana, sans-serif\"><br \/><\/span><\/span><br \/>\n<\/p>\n<div style=\"text-align: center\">\n<u style=\"color: blue;font-family: Verdana, sans-serif\"><b><a href=\"http:\/\/chess-results.com\/tnr102210.aspx?art=0&amp;lan=2&amp;wi=821\">Escolar Cadete Masculino Castilla-La Mancha 2013<\/a><\/b><\/u><\/div>\n<div style=\"text-align: center\">\n<span style=\"color: blue;font-family: Verdana, sans-serif\"><u><i>Ranking inicial<\/i><\/u><\/span><\/div>\n<p>\n<span style=\"color: blue;font-family: Verdana, sans-serif\">1 Nunez Miranda Adrian &nbsp;GUADALAJARA &nbsp;Club Caro-Kann<\/span><br \/>\n<span style=\"color: blue;font-family: Verdana, sans-serif\">2 Fernandez Cano Victor &nbsp;CUENCA &nbsp;Club Bargas<\/span><br \/>\n<span style=\"color: blue;font-family: Verdana, sans-serif\">3 Rubio Garrido David &nbsp;ALBACETE &nbsp;Club Ateneo<\/span><br \/>\n<span style=\"color: blue;font-family: Verdana, sans-serif\">4 Bustos Bernardo Samuel &nbsp;TOLEDO &nbsp;Club Bargas<\/span><br \/>\n<span style=\"color: #38761d;font-family: Verdana, sans-serif\"><b>5 Lozano Osorio Isaac TOLEDO &nbsp;Club Nuestro Ajedrez en Europa<\/b><\/span><br \/>\n<span style=\"color: blue;font-family: Verdana, sans-serif\">6 Gonzalez Saez Jose Miguel ALBACETE &nbsp;Club Parque Sur<\/span><br \/>\n<span style=\"color: blue;font-family: Verdana, sans-serif\">7 Sanchez Ruiz Carlos ALBACETE &nbsp;Club Ateneo<\/span><br \/>\n<span style=\"color: #38761d;font-family: Verdana, sans-serif\"><b>8 De Giorgi Benavent Cosimo Leonardo &nbsp; CIUDAD REAL &nbsp;Club Nuestro Ajedrez en Europa<\/b><\/span><br \/>\n<span style=\"color: blue;font-family: Verdana, sans-serif\">9 Perez Gonzalez Daniel &nbsp; TOLEDO &nbsp; Club Bargas<\/span><br \/>\n<span style=\"color: blue;font-family: Verdana, sans-serif\">10 Donadio Falcon Pablo &nbsp;CUENCA &nbsp; Club Cuenca 2016<\/span><br \/>\n<span style=\"color: blue;font-family: Verdana, sans-serif\">11 Del Rio Nunez Alvaro CIUDAD REAL &nbsp;Club Los Molinos<\/span><br \/>\n<span style=\"color: blue;font-family: Verdana, sans-serif\">12 Martinez Sanchez Pablo ALBACETE &nbsp;Club Almansa<\/span><br \/>\n<span style=\"color: blue;font-family: Verdana, sans-serif\">13 Romero Moreno Vicente GUADALAJARA &nbsp;Club Azuqueca<\/span><br \/>\n<span style=\"color: blue;font-family: Verdana, sans-serif\">14 Moya Rozas Carlos CIUDAD REAL &nbsp; &nbsp;Club Ciudad Real<\/span><br \/>\n<span style=\"color: blue;font-family: Verdana, sans-serif\">15 Alonso Rodriguez de Segovia Ramiro &nbsp; TOLEDO &nbsp;Club Yebel<\/span><br \/>\n<span style=\"color: blue;font-family: Verdana, sans-serif\">16 Lopez Jimenez Jesus &nbsp;CUENCA &nbsp;Independiente<\/span><br \/>\n<span style=\"color: blue;font-family: Verdana, sans-serif\">17 Martinez Sanz Alejandro GUADALAJARA &nbsp;Club UNED<\/span><br \/>\n<span style=\"font-family: Verdana, sans-serif\"><b><u><br \/><\/u><\/b><\/span><br \/>\n<\/p>\n<div style=\"text-align: center\">\n<b style=\"color: #38761d;font-family: Verdana, sans-serif\"><u><a href=\"http:\/\/chess-results.com\/tnr102211.aspx?art=0&amp;lan=2&amp;wi=821\">Escolar Cadete Femenino Castilla-La Mancha 2013<\/a><\/u><\/b><\/div>\n<div style=\"text-align: center\">\n<u style=\"color: #38761d;font-family: Verdana, sans-serif\">Ranking inicial<\/u><\/div>\n<div style=\"text-align: center\">\n<span style=\"color: #38761d;font-family: Verdana, sans-serif\"><u><br \/><\/u><\/span><\/div>\n<p><span style=\"color: #38761d;font-family: Verdana, sans-serif\">1 Alonso Vara Laura &nbsp;TOLEDO &nbsp;Club Bargas<\/span><br \/>\n<span style=\"color: #38761d;font-family: Verdana, sans-serif\">2 Infante Gonzalo Nerea CIUDAD REAL &nbsp;Club Ciudad Real<\/span><br \/>\n<span style=\"color: #38761d;font-family: Verdana, sans-serif\">3 Millan Beltran Celia &nbsp;ALBACETE &nbsp;Club Almansa<\/span><br \/>\n<span style=\"color: #0b5394;font-family: Verdana, sans-serif\"><b>4 Toribio Camunas Silvia TOLEDO &nbsp;Club Nuestro Ajedrez en Europa<\/b><\/span><br \/>\n<span style=\"color: #38761d;font-family: Verdana, sans-serif\">5 Serrano Gallen Guiomar CUENCA &nbsp; Club Cuenca 2016<\/span><br \/>\n<span style=\"color: #38761d;font-family: Verdana, sans-serif\">6 Boyero Parra Mercedes &nbsp;ALBACETE &nbsp;Club La Roda<\/span><br \/>\n<span style=\"color: #38761d;font-family: Verdana, sans-serif\">7 Collado Sanchez Esther &nbsp;ALBACETE &nbsp;Club Ateneo<\/span><br \/>\n<span style=\"color: #38761d;font-family: Verdana, sans-serif\">8 Losa Ordonez Teresa &nbsp;CIUDAD REAL &nbsp;Club Tomelloso<\/span><br \/>\n<span style=\"color: #38761d;font-family: Verdana, sans-serif\">9 Moreno Lara Lucia &nbsp;CIUDAD REAL &nbsp;Club Tomelloso<\/span><br \/>\n<span style=\"color: #38761d;font-family: Verdana, sans-serif\">10 Ordonez Lopez Ana &nbsp; ALBACETE &nbsp;Club La Roda<\/span><br \/>\n<span style=\"color: #38761d;font-family: Verdana, sans-serif\">11 Rivera Rodriguez Natalia &nbsp;TOLEDO &nbsp;Club Bargas<\/span><br \/>\n<span style=\"color: #38761d;font-family: Verdana, sans-serif\">12 Tordesillas Sanchez Silvia &nbsp;TOLEDO &nbsp;Independiente<\/span><br \/>\n<span style=\"color: #38761d;font-family: Verdana, sans-serif\"><br \/><\/span><br \/>\n<\/p>\n<div style=\"text-align: center\">\n<u style=\"color: #660000;font-family: Verdana, sans-serif\"><b><a href=\"http:\/\/chess-results.com\/tnr102212.aspx?art=0&amp;lan=2&amp;wi=821\">Escolar Infantil Masculino Castilla-La Mancha 2013<\/a><\/b><\/u><\/div>\n<p><span style=\"color: #660000;font-family: Verdana, sans-serif\"><u><\/u><\/span><\/p>\n<div style=\"text-align: center\">\n<span style=\"color: #660000;font-family: Verdana, sans-serif\"><u>Ranking inicial<\/u><\/span><\/div>\n<div style=\"text-align: center\">\n<span style=\"color: #660000;font-family: Verdana, sans-serif\"><u><br \/><\/u><\/span><\/div>\n<p><span style=\"color: #660000;font-family: Verdana, sans-serif\">1 Hernandez Mateo Borja &nbsp;TOLEDO &nbsp;Club Bargas<\/span><br \/>\n<span style=\"color: #660000;font-family: Verdana, sans-serif\">2 Jarque Megias Juan Jose &nbsp;ALBACETE &nbsp;Club Almansa<\/span><br \/>\n<span style=\"color: #660000;font-family: Verdana, sans-serif\">3 Sanchez Serrano Emilio &nbsp;ALBACETE &nbsp;Club Almansa<\/span><br \/>\n<span style=\"color: #38761d;font-family: Verdana, sans-serif\"><b>4 Valdepe\u00f1as Octavio Javier &nbsp;CIUDAD REAL &nbsp;Club Nuestro Ajedrez en Europ<\/b><\/span><span style=\"color: #660000;font-family: Verdana, sans-serif\">a<\/span><br \/>\n<span style=\"color: #660000;font-family: Verdana, sans-serif\">5 Alonso Lazaro Adrian &nbsp;GUADALAJARA &nbsp;Club UNED<\/span><br \/>\n<span style=\"color: #660000;font-family: Verdana, sans-serif\">6 Bueno Del Amo Valentin &nbsp;ALBACETE &nbsp;Club Villarrobledo<\/span><br \/>\n<span style=\"color: #660000;font-family: Verdana, sans-serif\">7 Losa Ordonez Juan Jose &nbsp;CIUDAD REAL &nbsp;Club Tomelloso<\/span><br \/>\n<span style=\"color: #660000;font-family: Verdana, sans-serif\">8 Moreno Valero Raul &nbsp;CIUDAD REAL &nbsp;Club Tomelloso<\/span><br \/>\n<span style=\"color: #660000;font-family: Verdana, sans-serif\">9 Molina Gavilan Mario &nbsp;ALBACETE &nbsp;Club Ateneo<\/span><br \/>\n<span style=\"color: #660000;font-family: Verdana, sans-serif\">10 Martin Claudio Andres &nbsp;TOLEDO &nbsp;Club Yebel<\/span><br \/>\n<span style=\"color: #660000;font-family: Verdana, sans-serif\">11 Angheloaia Mario &nbsp;TOLEDO &nbsp;Independiente<\/span><br \/>\n<span style=\"color: #660000;font-family: Verdana, sans-serif\">12 Clavel Rico Ricardo &nbsp;CUENCA &nbsp;Club Pe\u00f1a Ajedrec\u00edstica Conquense<\/span><br \/>\n<span style=\"color: #660000;font-family: Verdana, sans-serif\">13 De Andres Martinez Jorge &nbsp;GUADALAJARA &nbsp;Club Caro-Kann<\/span><br \/>\n<span style=\"color: #660000;font-family: Verdana, sans-serif\">14 Dominguez Mayordomo Emilio &nbsp;CUENCA &nbsp;Club Pe\u00f1a Ajedrec\u00edstica Conquense<\/span><br \/>\n<span style=\"color: #660000;font-family: Verdana, sans-serif\">15 Fresneda Quintana Alberto &nbsp;TOLEDO &nbsp;Club Yebel<\/span><br \/>\n<span style=\"color: #660000;font-family: Verdana, sans-serif\">16 Gonzalez Jorge Saul &nbsp;CUENCA &nbsp;Club Pe\u00f1a Ajedrec\u00edstica Conquense<\/span><br \/>\n<span style=\"color: #660000;font-family: Verdana, sans-serif\">17 Martinez Sanz Ignacio &nbsp;GUADALAJARA &nbsp; Club UNED<\/span><br \/>\n<span style=\"color: #0b5394;font-family: Verdana, sans-serif\"><br \/><\/span><br \/>\n<\/p>\n<div style=\"text-align: center\">\n<u style=\"font-family: Verdana, sans-serif\"><b><span style=\"color: #0b5394\"><a href=\"http:\/\/chess-results.com\/tnr102213.aspx?art=0&amp;lan=2&amp;wi=821\">Escolar Infantil Femenino Castilla-La Mancha 2013<\/a><\/span><\/b><\/u><\/div>\n<div style=\"text-align: center\">\n<span style=\"color: #0b5394;font-family: Verdana, sans-serif\"><u>Ranking inicial<\/u><\/span><\/div>\n<div style=\"text-align: center\">\n<span style=\"color: #0b5394;font-family: Verdana, sans-serif\"><u><br \/><\/u><\/span><\/div>\n<p><span style=\"color: #38761d;font-family: Verdana, sans-serif\"><b>1 Simon Escalona Irene &nbsp;TOLEDO &nbsp;Club Nuestro Ajedrez en Europa<\/b><\/span><br \/>\n<span style=\"color: #0b5394;font-family: Verdana, sans-serif\">2 Ruiz De Leon Merlo Esther &nbsp;CIUDAD REAL &nbsp;Club Los Molinos<\/span><br \/>\n<span style=\"color: #0b5394;font-family: Verdana, sans-serif\">3 Valls Navarro Sara &nbsp;ALBACETE &nbsp;Club La Roda<\/span><br \/>\n<span style=\"color: #0b5394;font-family: Verdana, sans-serif\">4 Benito Olmedo Carmen Maria &nbsp;CIUDAD REAL &nbsp;Club Tomelloso<\/span><br \/>\n<span style=\"color: #0b5394;font-family: Verdana, sans-serif\">5 Lopez Escribano Andrea &nbsp;ALBACETE &nbsp;Club La Roda<\/span><br \/>\n<span style=\"color: #0b5394;font-family: Verdana, sans-serif\">6 Asenjo Malaga Raquel &nbsp;TOLEDO &nbsp;Club Coordinadora<\/span><br \/>\n<span style=\"color: #38761d;font-family: Verdana, sans-serif\"><b>7 Espinosa Gil Marta &nbsp; CIUDAD REAL &nbsp;Club Nuestro Ajedrez por la Igualdad<\/b><\/span><br \/>\n<span style=\"color: #0b5394;font-family: Verdana, sans-serif\">8 Fernandez Cano Marta &nbsp;CUENCA &nbsp;Club Cuenca 2016<\/span><br \/>\n<span style=\"color: #0b5394;font-family: Verdana, sans-serif\">9 Fernandez-Cabrera Borox Soledad &nbsp;TOLEDO &nbsp;Club Yebel<\/span><br \/>\n<span style=\"color: #0b5394;font-family: Verdana, sans-serif\">10 Hernandez Megias Belen &nbsp;ALBACETE &nbsp;Club Almansa<\/span><br \/>\n<span style=\"color: #0b5394;font-family: Verdana, sans-serif\">11 Lopez Lopez Monica &nbsp;ALBACETE &nbsp;Club Tarazona<\/span><br \/>\n<span style=\"color: #38761d;font-family: Verdana, sans-serif\"><b>12 Marcos-Alberca Lizcano M Isabel &nbsp;CIUDAD REAL Club Nuestro Ajedrez por la &nbsp;Igualdad<\/b><\/span><br \/>\n<span style=\"color: #38761d;font-family: Verdana, sans-serif\"><b>13 Piriz Fernandez Alba &nbsp;TOLEDO &nbsp;Club Nuestro Ajedrez por la Igualdad<\/b><\/span><br \/>\n<span style=\"color: #0b5394;font-family: Verdana, sans-serif\">14 Roldan Hernandez Lucia &nbsp;GUADALAJARA &nbsp;Club Caro-Kann<\/span><\/p>\n<div style=\"text-align: center\">\n<span style=\"color: #e69138;font-family: Verdana, sans-serif\"><u><br \/><\/u><\/span><br \/>\n<\/p>\n<div style=\"text-align: left\">\n<span style=\"font-family: Verdana, sans-serif\">\u00a1\u00a1 Mucha suerte y buena estancia !!<\/span><\/div>\n<\/div>\n<div style=\"text-align: left\">\n<span style=\"color: #660000;font-family: Verdana, sans-serif\"><u><br \/><\/u><\/span><\/div>\n","protected":false},"excerpt":{"rendered":"<p>Como os hemos anunciado, a partir del jueves por la tarde se juega en Ossa de Montiel (Albacete) la fase regional del Campeonato del Deporte en Edad Escolar con la participaci\u00f3n de 8 ajedrecistas de las escuelas municipales de Alc\u00e1zar y Villafranca. Hoy mismo, la Consejer\u00eda de Educaci\u00f3n nos ha facilitado la siguiente informaci\u00f3n: FASE: [&hellip;]<\/p>\n","protected":false},"author":1,"featured_media":2227,"comment_status":"open","ping_status":"closed","sticky":false,"template":"","format":"standard","meta":{"footnotes":""},"categories":[1],"tags":[],"class_list":["post-2226","post","type-post","status-publish","format-standard","has-post-thumbnail","hentry","category-noticias"],"_links":{"self":[{"href":"https:\/\/www.bfv.cloud\/ajedrezeuropa\/wp-json\/wp\/v2\/posts\/2226","targetHints":{"allow":["GET"]}}],"collection":[{"href":"https:\/\/www.bfv.cloud\/ajedrezeuropa\/wp-json\/wp\/v2\/posts"}],"about":[{"href":"https:\/\/www.bfv.cloud\/ajedrezeuropa\/wp-json\/wp\/v2\/types\/post"}],"author":[{"embeddable":true,"href":"https:\/\/www.bfv.cloud\/ajedrezeuropa\/wp-json\/wp\/v2\/users\/1"}],"replies":[{"embeddable":true,"href":"https:\/\/www.bfv.cloud\/ajedrezeuropa\/wp-json\/wp\/v2\/comments?post=2226"}],"version-history":[{"count":1,"href":"https:\/\/www.bfv.cloud\/ajedrezeuropa\/wp-json\/wp\/v2\/posts\/2226\/revisions"}],"predecessor-version":[{"id":2228,"href":"https:\/\/www.bfv.cloud\/ajedrezeuropa\/wp-json\/wp\/v2\/posts\/2226\/revisions\/2228"}],"wp:featuredmedia":[{"embeddable":true,"href":"https:\/\/www.bfv.cloud\/ajedrezeuropa\/wp-json\/wp\/v2\/media\/2227"}],"wp:attachment":[{"href":"https:\/\/www.bfv.cloud\/ajedrezeuropa\/wp-json\/wp\/v2\/media?parent=2226"}],"wp:term":[{"taxonomy":"category","embeddable":true,"href":"https:\/\/www.bfv.cloud\/ajedrezeuropa\/wp-json\/wp\/v2\/categories?post=2226"},{"taxonomy":"post_tag","embeddable":true,"href":"https:\/\/www.bfv.cloud\/ajedrezeuropa\/wp-json\/wp\/v2\/tags?post=2226"}],"curies":[{"name":"wp","href":"https:\/\/api.w.org\/{rel}","templated":true}]}}