{"id":2229,"date":"2011-01-16T13:31:00","date_gmt":"2011-01-16T13:31:00","guid":{"rendered":"https:\/\/www.bfv.cloud\/ajedrezeuropa\/index.php\/2011\/01\/16\/en-juego-el-escolar-de-toledo-y-la-liga-de-equipos-s-16-de-ciudad-real\/"},"modified":"2025-11-20T10:44:13","modified_gmt":"2025-11-20T10:44:13","slug":"en-juego-el-escolar-de-toledo-y-la-liga-de-equipos-s-16-de-ciudad-real","status":"publish","type":"post","link":"https:\/\/www.bfv.cloud\/ajedrezeuropa\/en-juego-el-escolar-de-toledo-y-la-liga-de-equipos-s-16-de-ciudad-real\/","title":{"rendered":"EN JUEGO EL ESCOLAR DE TOLEDO Y LA LIGA DE EQUIPOS S-16 DE CIUDAD REAL"},"content":{"rendered":"<p>\ufeff <\/p>\n<table align=\"center\" cellpadding=\"0\" cellspacing=\"0\" class=\"tr-caption-container\" style=\"float: left;margin-right: 1em;text-align: left\">\n<tbody>\n<tr>\n<td style=\"text-align: center\"><a href=\"https:\/\/www.bfv.cloud\/ajedrezeuropa\/wp-content\/uploads\/2011\/01\/TOLEDO2011006.jpg\" style=\"margin-left: auto;margin-right: auto\"><img fetchpriority=\"high\" decoding=\"async\" border=\"0\" height=\"300\" src=\"https:\/\/blogger.googleusercontent.com\/img\/b\/R29vZ2xl\/AVvXsEju7r78xeBBb-4rbHOVUfMth2djHMBguHNKfsj3vXJlBlla21ELjdeE92TLU6qC0j5FNuuKB79VU4iRibs14c65CKR-Ulf9ZHKteNpJtbJQ7MVDQXlHKaDgB-VKX4ybqr22WmEeRIkY3Y4\/s400\/TOLEDO+2011+006.jpg\" width=\"400\" \/><\/a><\/td>\n<\/tr>\n<tr>\n<td class=\"tr-caption\" style=\"text-align: center\">Irene y Mar\u00eda durante la 1\u00aa ronda<\/td>\n<\/tr>\n<\/tbody>\n<\/table>\n<p>\ufeff <span style=\"font-family: Verdana, sans-serif\">Ayer s\u00e1bado comenzaba el Campeonato del Deporte en Edad Escolar de Toledo, primera prueba oficial de la temporada 2011, con la participaci\u00f3n de 18 chicos y chicas de la escuela de Villafranca. Para algunos de los m\u00e1s&nbsp;peque\u00f1os es su primer contacto con esta competici\u00f3n y una buena oportunidad&nbsp;para seguir aprendiendo y aficion\u00e1ndose al juego de reyes.&nbsp;<\/span><br \/>\n\ufeff <\/p>\n<table align=\"center\" cellpadding=\"0\" cellspacing=\"0\" class=\"tr-caption-container\" style=\"float: right;margin-left: 1em;text-align: right\">\n<tbody>\n<tr>\n<td style=\"text-align: center\"><a href=\"https:\/\/www.bfv.cloud\/ajedrezeuropa\/wp-content\/uploads\/2011\/01\/TOLEDO2011001.jpg\" style=\"margin-left: auto;margin-right: auto\"><img decoding=\"async\" border=\"0\" height=\"300\" src=\"https:\/\/blogger.googleusercontent.com\/img\/b\/R29vZ2xl\/AVvXsEg-VGzmjgjvz71Q7U4TOF-BmxIZQ_CxlzD4pju9bLp4BFuQ-HDMsu4HW9PRLPn39gda8BT-6K9i125CPA8y0Sizaoi6JunyKSrG0wGEYxEg3rjmrCmKsBD2gfqDLGBZdo3IdZ9rrJr3P9o\/s400\/TOLEDO+2011+001.jpg\" width=\"400\" \/><\/a><\/td>\n<\/tr>\n<tr>\n<td class=\"tr-caption\" style=\"text-align: center\">Paula coloca sus piezas antes de la partida<\/td>\n<\/tr>\n<\/tbody>\n<\/table>\n<p>\ufeff &nbsp;<span style=\"font-family: Verdana, sans-serif\">En el terreno de los resultados, esta 1\u00aa ronda, ha servido para obtener 11 victorias y 7 derrotas entre la categor\u00eda cadete y la infantil. El pr\u00f3ximo s\u00e1bado, 22 de enero, tendr\u00e1n lugar la 2\u00aa y 3\u00aa ronda en ambas categor\u00edas y se iniciar\u00e1 el Campeonato Provincial de Toledo&nbsp;sub-18, donde estaremos representados por Blanca.<\/span><br \/>\n\ufeff <\/p>\n<table align=\"center\" cellpadding=\"0\" cellspacing=\"0\" class=\"tr-caption-container\" style=\"float: right;margin-left: 1em;text-align: right\">\n<tbody>\n<tr>\n<td style=\"text-align: center\"><a href=\"https:\/\/www.bfv.cloud\/ajedrezeuropa\/wp-content\/uploads\/2011\/01\/TOLEDO2011005.jpg\" style=\"margin-left: auto;margin-right: auto\"><img decoding=\"async\" border=\"0\" height=\"300\" src=\"https:\/\/blogger.googleusercontent.com\/img\/b\/R29vZ2xl\/AVvXsEhhRWwJkGBgXiWzjdF-5eRmNMsU_p7VL-BjKYhMGvc1a8KXydvhur7QlDACjsvUWPOSTjl6G_qJmGSP1umX_sNc6JhKpcIX2ZxIx0l3tHfCPfQT2t2MFAWC438oXBSXZbM-OWJcGhh0ZNw\/s400\/TOLEDO+2011+005.jpg\" width=\"400\" \/><\/a><\/td>\n<\/tr>\n<tr>\n<td class=\"tr-caption\" style=\"text-align: center\">Alex en su primer campeonato oficial<\/td>\n<\/tr>\n<\/tbody>\n<\/table>\n<p>\ufeff &nbsp;<em><span style=\", sans-serif\">Otra competici\u00f3n que ayer disput\u00f3 un nueva jornada, en este caso la 2\u00aa, fue la IV LIGA PROVINCIAL DE ESCUELAS DE CIUDAD REAL. La escuela de Alc\u00e1zar ha logrado sendas victorias contra los clubes de Moral de Calatrava y Ciudad Real por 3-1 y 2,5-1,5, respectivamente, lo que hace posible que encabece&nbsp;su clasificaci\u00f3n provisional. Los 2 equipos mejor clasificados de este campeonato obtienen su puesto para la disputa del Campeonato de Castilla-La Mancha por Equipos de Club sub-16, aunque nuestra escuela de Alc\u00e1zar se excluy\u00f3 voluntariamente de este premio al ser representada oficialmente por nuestro club en Toledo. <\/span><\/em><br \/>\n<em><span style=\", sans-serif\">En pr\u00f3ximas semanas seguiremos informando de la evoluci\u00f3n y resultados en estas competiciones en las que estamos representados por los chicos y chicas de nuestras escuelas de Alc\u00e1zar y Villafranca.<\/span><\/em><br \/>\n\ufeff <\/p>\n<table align=\"center\" cellpadding=\"0\" cellspacing=\"0\" class=\"tr-caption-container\" style=\"margin-left: auto;margin-right: auto;text-align: center\">\n<tbody>\n<tr>\n<td style=\"text-align: center\"><a href=\"https:\/\/www.bfv.cloud\/ajedrezeuropa\/wp-content\/uploads\/2011\/01\/TOLEDO2011004.jpg\" style=\"margin-left: auto;margin-right: auto\"><img loading=\"lazy\" decoding=\"async\" border=\"0\" height=\"300\" src=\"https:\/\/blogger.googleusercontent.com\/img\/b\/R29vZ2xl\/AVvXsEjRq26-L0ZTy7NO6gHCDBD93ymPXRwWnGxrUDL9nvkLC0-BXoNxFeOLFUln0VTJKGRDbXAIt4Xqdsxz3RjLqwvwPas1rQUoYOksBd4uj8JVlHWyW-uDRiZJ3lfqUUQQQngrDpERoHBGC74\/s400\/TOLEDO+2011+004.jpg\" width=\"400\" \/><\/a><\/td>\n<\/tr>\n<tr>\n<td class=\"tr-caption\" style=\"text-align: center\">Alba P\u00edriz se estrena con la escuela de Villafranca<\/td>\n<\/tr>\n<\/tbody>\n<\/table>\n<p>\ufeff<\/p>\n","protected":false},"excerpt":{"rendered":"<p>\ufeff Irene y Mar\u00eda durante la 1\u00aa ronda \ufeff Ayer s\u00e1bado comenzaba el Campeonato del Deporte en Edad Escolar de Toledo, primera prueba oficial de la temporada 2011, con la participaci\u00f3n de 18 chicos y chicas de la escuela de Villafranca. Para algunos de los m\u00e1s&nbsp;peque\u00f1os es su primer contacto con esta competici\u00f3n y una [&hellip;]<\/p>\n","protected":false},"author":1,"featured_media":2230,"comment_status":"open","ping_status":"closed","sticky":false,"template":"","format":"standard","meta":{"footnotes":""},"categories":[1],"tags":[],"class_list":["post-2229","post","type-post","status-publish","format-standard","has-post-thumbnail","hentry","category-noticias"],"_links":{"self":[{"href":"https:\/\/www.bfv.cloud\/ajedrezeuropa\/wp-json\/wp\/v2\/posts\/2229","targetHints":{"allow":["GET"]}}],"collection":[{"href":"https:\/\/www.bfv.cloud\/ajedrezeuropa\/wp-json\/wp\/v2\/posts"}],"about":[{"href":"https:\/\/www.bfv.cloud\/ajedrezeuropa\/wp-json\/wp\/v2\/types\/post"}],"author":[{"embeddable":true,"href":"https:\/\/www.bfv.cloud\/ajedrezeuropa\/wp-json\/wp\/v2\/users\/1"}],"replies":[{"embeddable":true,"href":"https:\/\/www.bfv.cloud\/ajedrezeuropa\/wp-json\/wp\/v2\/comments?post=2229"}],"version-history":[{"count":1,"href":"https:\/\/www.bfv.cloud\/ajedrezeuropa\/wp-json\/wp\/v2\/posts\/2229\/revisions"}],"predecessor-version":[{"id":2234,"href":"https:\/\/www.bfv.cloud\/ajedrezeuropa\/wp-json\/wp\/v2\/posts\/2229\/revisions\/2234"}],"wp:featuredmedia":[{"embeddable":true,"href":"https:\/\/www.bfv.cloud\/ajedrezeuropa\/wp-json\/wp\/v2\/media\/2230"}],"wp:attachment":[{"href":"https:\/\/www.bfv.cloud\/ajedrezeuropa\/wp-json\/wp\/v2\/media?parent=2229"}],"wp:term":[{"taxonomy":"category","embeddable":true,"href":"https:\/\/www.bfv.cloud\/ajedrezeuropa\/wp-json\/wp\/v2\/categories?post=2229"},{"taxonomy":"post_tag","embeddable":true,"href":"https:\/\/www.bfv.cloud\/ajedrezeuropa\/wp-json\/wp\/v2\/tags?post=2229"}],"curies":[{"name":"wp","href":"https:\/\/api.w.org\/{rel}","templated":true}]}}