{"id":2235,"date":"2016-12-12T21:53:00","date_gmt":"2016-12-12T21:53:00","guid":{"rendered":"https:\/\/www.bfv.cloud\/ajedrezeuropa\/index.php\/2016\/12\/12\/ix-concentracion-de-navidad\/"},"modified":"2025-11-20T10:44:18","modified_gmt":"2025-11-20T10:44:18","slug":"ix-concentracion-de-navidad","status":"publish","type":"post","link":"https:\/\/www.bfv.cloud\/ajedrezeuropa\/ix-concentracion-de-navidad\/","title":{"rendered":"IX CONCENTRACI\u00d3N DE NAVIDAD"},"content":{"rendered":"<div class=\"separator\" style=\"clear: both;text-align: center\">\n<a href=\"https:\/\/www.bfv.cloud\/ajedrezeuropa\/wp-content\/uploads\/2016\/12\/cARTELCONCENTRACI25C32593N2016.jpg\" style=\"clear: left;float: left;margin-bottom: 1em;margin-right: 1em\"><img fetchpriority=\"high\" decoding=\"async\" border=\"0\" height=\"640\" src=\"https:\/\/blogger.googleusercontent.com\/img\/b\/R29vZ2xl\/AVvXsEiVSm_58XyYPXaEQJFJGhCi0Q6lxcggJDthrZavmLTh454YhSZcpywznSQkL8daG1fZfy4PfgUPrLf7Qbrm8zL5aZ1aQ2Iyg6hduIqusGriZdnCwrAzzk9Ctv6WL-fh1E84Hc7XEsB-5T0\/s640\/cARTEL+CONCENTRACI%25C3%2593N+2016.jpg\" width=\"452\" \/><\/a><\/div>\n<p><span style=\", serif;font-size: large\">Dentro de poco m\u00e1s de &nbsp;dos semanas se celebrar\u00e1 la <b><i>9\u00aa Concentraci\u00f3n de Navidad \u00abNuestro Ajedrez en Europa\u00bb<\/i><\/b> en la Casa de la Cultura de Villafranca de los Caballeros. <i><b>Del 26 al 28 de diciembre<\/b><\/i> esta actividad enfocada a la tecnificaci\u00f3n de los alumn@s de las escuelas de ajedrez de Alc\u00e1zar de San Juan y Villafranca de los Caballeros comenzar\u00e1 con su programa de formaci\u00f3n avanzada. Los entrenadores y monitores que participar\u00e1n en esta ocasi\u00f3n mantendr\u00e1n la calidad de siempre con algunas nuevas f\u00f3rmulas de preparaci\u00f3n. <span style=\"color: #cc0000\"><b>El periodo oficial de inscripci\u00f3n finaliza el 21 de diciembre.<\/b> <\/span>Las condiciones para las inscripciones y los horarios figuran detallados en el tr\u00edptico que publicamos. Como hicimos en el campus del pasado verano, tenemos prevista la creaci\u00f3n de un grupo especial para ni\u00f1@s de entre 5 y 6 a\u00f1os de edad, conforme al desarrrollo que tenemos establecido para el proyecto de \u00abEL AJEDREZ EN LA ESCUELA\u00bb.&nbsp;<\/span><br \/>\n<span style=\"color: blue;, serif;font-size: large\"><b>\u00a1\u00a1Animamos a todos nuestros alumn@s a seguir mejorando y creciendo con el ajedrez como referente en principios y valores!!<\/b><\/span><\/p>\n<div class=\"separator\" style=\"clear: both;text-align: center\">\n<a href=\"https:\/\/www.bfv.cloud\/ajedrezeuropa\/wp-content\/uploads\/2016\/12\/TRIPTICONAVIDAD2016.jpg\" style=\"margin-left: 1em;margin-right: 1em\"><img decoding=\"async\" border=\"0\" height=\"456\" src=\"https:\/\/blogger.googleusercontent.com\/img\/b\/R29vZ2xl\/AVvXsEjeufPuXmd4GUTges2ZXNEhizBdcmMIHKOGOWtUFAEVuEmyX9jWDlUgDginy9x6GUtPULcj65hKqYNk3X6wLYhrp5u1b7zaspj6unm7Si4R7JeGUfpC_ZWqrJK86iinGXGsIhChBzU2tIo\/s640\/TRIPTICO+NAVIDAD+2016.jpg\" width=\"640\" \/><\/a><\/div>\n<p><\/p>\n<div class=\"separator\" style=\"clear: both;text-align: center\">\n<a href=\"https:\/\/www.bfv.cloud\/ajedrezeuropa\/wp-content\/uploads\/2016\/12\/TRIPTICONAVIDAD2016INTERIOR.jpg\" style=\"margin-left: 1em;margin-right: 1em\"><img decoding=\"async\" border=\"0\" height=\"460\" src=\"https:\/\/blogger.googleusercontent.com\/img\/b\/R29vZ2xl\/AVvXsEjAjKPw_t-FkKO9ytnFrhUHv-7Z433qP9zAW14xyKNEW42R2R_hBWvWWWPCQ5fcpHnrEPPBx5UC0B4mQNT66fWyPNwH7M_b3ZMTHRoM8Bbv_Tsb5KaTrGnABJk7ijMkfZw2zZCiSzG2mi8\/s640\/TRIPTICO+NAVIDAD+2016+INTERIOR.jpg\" width=\"640\" \/><\/a><\/div>\n<p><\/p>\n","protected":false},"excerpt":{"rendered":"<p>Dentro de poco m\u00e1s de &nbsp;dos semanas se celebrar\u00e1 la 9\u00aa Concentraci\u00f3n de Navidad \u00abNuestro Ajedrez en Europa\u00bb en la Casa de la Cultura de Villafranca de los Caballeros. Del 26 al 28 de diciembre esta actividad enfocada a la tecnificaci\u00f3n de los alumn@s de las escuelas de ajedrez de Alc\u00e1zar de San Juan y [&hellip;]<\/p>\n","protected":false},"author":1,"featured_media":2236,"comment_status":"open","ping_status":"closed","sticky":false,"template":"","format":"standard","meta":{"footnotes":""},"categories":[1],"tags":[],"class_list":["post-2235","post","type-post","status-publish","format-standard","has-post-thumbnail","hentry","category-noticias"],"_links":{"self":[{"href":"https:\/\/www.bfv.cloud\/ajedrezeuropa\/wp-json\/wp\/v2\/posts\/2235","targetHints":{"allow":["GET"]}}],"collection":[{"href":"https:\/\/www.bfv.cloud\/ajedrezeuropa\/wp-json\/wp\/v2\/posts"}],"about":[{"href":"https:\/\/www.bfv.cloud\/ajedrezeuropa\/wp-json\/wp\/v2\/types\/post"}],"author":[{"embeddable":true,"href":"https:\/\/www.bfv.cloud\/ajedrezeuropa\/wp-json\/wp\/v2\/users\/1"}],"replies":[{"embeddable":true,"href":"https:\/\/www.bfv.cloud\/ajedrezeuropa\/wp-json\/wp\/v2\/comments?post=2235"}],"version-history":[{"count":1,"href":"https:\/\/www.bfv.cloud\/ajedrezeuropa\/wp-json\/wp\/v2\/posts\/2235\/revisions"}],"predecessor-version":[{"id":2239,"href":"https:\/\/www.bfv.cloud\/ajedrezeuropa\/wp-json\/wp\/v2\/posts\/2235\/revisions\/2239"}],"wp:featuredmedia":[{"embeddable":true,"href":"https:\/\/www.bfv.cloud\/ajedrezeuropa\/wp-json\/wp\/v2\/media\/2236"}],"wp:attachment":[{"href":"https:\/\/www.bfv.cloud\/ajedrezeuropa\/wp-json\/wp\/v2\/media?parent=2235"}],"wp:term":[{"taxonomy":"category","embeddable":true,"href":"https:\/\/www.bfv.cloud\/ajedrezeuropa\/wp-json\/wp\/v2\/categories?post=2235"},{"taxonomy":"post_tag","embeddable":true,"href":"https:\/\/www.bfv.cloud\/ajedrezeuropa\/wp-json\/wp\/v2\/tags?post=2235"}],"curies":[{"name":"wp","href":"https:\/\/api.w.org\/{rel}","templated":true}]}}