{"id":2240,"date":"2015-09-01T23:07:00","date_gmt":"2015-09-01T23:07:00","guid":{"rendered":"https:\/\/www.bfv.cloud\/ajedrezeuropa\/index.php\/2015\/09\/01\/gracias-por-vuestro-interes\/"},"modified":"2025-11-20T10:44:20","modified_gmt":"2025-11-20T10:44:20","slug":"gracias-por-vuestro-interes","status":"publish","type":"post","link":"https:\/\/www.bfv.cloud\/ajedrezeuropa\/gracias-por-vuestro-interes\/","title":{"rendered":"\u00a1\u00a1GRACIAS POR VUESTRO INTER\u00c9S!!"},"content":{"rendered":"<div class=\"MsoBodyText\">\n<span style=\"font-family: Helvetica Neue, Arial, Helvetica, sans-serif\">El<br \/>\ncomienzo de septiembre nos trae otras dos noticias destacadas que, por<br \/>\nsupuesto, deseamos compartir con todos vosotros.<\/span><\/div>\n<div class=\"separator\" style=\"clear: both;text-align: center\">\n<span style=\"font-family: Helvetica Neue, Arial, Helvetica, sans-serif\"><a href=\"https:\/\/www.bfv.cloud\/ajedrezeuropa\/wp-content\/uploads\/2015\/09\/blogger-logo-medium.png\" style=\"clear: right;float: right;margin-bottom: 1em;margin-left: 1em\"><img decoding=\"async\" border=\"0\" height=\"83\" src=\"https:\/\/blogger.googleusercontent.com\/img\/b\/R29vZ2xl\/AVvXsEjVJieSA7FyzuSBXY9V0cS3I3QAo_HlOI0L0ob_FxQwk1WjH26sB-ajpZZrkQF16sLavl8Czd1FIxLW1OHFAqnWLjDqIpz_a7JycLORw3RKl_7KrPoedy92aiNesK5c27M2qRicUkLIs3M\/s320\/blogger-logo-medium.png\" width=\"320\" \/><\/a><\/span><\/div>\n<p>\n<u style=\"font-family: 'Helvetica Neue', Arial, Helvetica, sans-serif\"><b>Este blog llega a las 100.000 visitas<\/b><\/u><\/p>\n<div class=\"MsoBodyText\">\n<span style=\"font-family: Helvetica Neue, Arial, Helvetica, sans-serif\">El<br \/>\nconstante crecimiento en el seguimiento de las noticias que genera el proyecto<br \/>\nNUESTRO AJEDREZ EN EUROPA ha hecho posible que lleguemos a las 100.000 visitas,<br \/>\ndesde que Google nos facilita los datos estad\u00edsticos a trav\u00e9s de Blogger. La<br \/>\nmedia de entradas a esta p\u00e1gina en lo que llevamos de a\u00f1o supera ampliamente las<br \/>\n2.600 mensuales. El inter\u00e9s por las actividades que desarrollamos es muy<br \/>\nespecial aqu\u00ed en Espa\u00f1a, aunque se extiende por todo el mundo, con pa\u00edses como<br \/>\nAlemania o Estados Unidos como principal referente de la atenci\u00f3n que generamos<br \/>\nen el entorno del ajedrez. Somos conscientes que la publicaci\u00f3n de algunas de<br \/>\nnuestras actividades&nbsp; y noticias por<br \/>\nparte de medios informativos internacionales como CHESSBASE.COM han facilitado<br \/>\nnuestro acceso y difusi\u00f3n en todos los rincones del planeta. Por eso, tambi\u00e9n<br \/>\nqueremos agradecer a los medios de comunicaci\u00f3n locales, provinciales,<br \/>\nregionales, nacionales e internacionales, su colaboraci\u00f3n en dar a conocer el<br \/>\ntrabajo que venimos realizando.<\/span><\/div>\n<div class=\"MsoNormal\" style=\"text-align: justify\">\n<span style=\"font-family: Helvetica Neue, Arial, Helvetica, sans-serif\">Buena parte<br \/>\ndel alcance divulgativo de este blog viene por la utilizaci\u00f3n de las redes<br \/>\nsociales. La presencia en Facebook y Twitter nos acerca a un gran n\u00famero de<br \/>\npersonas, asociaciones y clubes que viven por y para el ajedrez, siendo<br \/>\nprecisamente aqu\u00ed donde nos encontramos con la segunda noticia.<\/span><\/div>\n<div class=\"separator\" style=\"clear: both;text-align: center\">\n<span style=\"font-family: Helvetica Neue, Arial, Helvetica, sans-serif\"><\/span><\/div>\n<p><\/p>\n<div class=\"separator\" style=\"clear: both;text-align: center\">\n<a href=\"https:\/\/www.bfv.cloud\/ajedrezeuropa\/wp-content\/uploads\/2015\/09\/LOGOfacebook48.png\" style=\"clear: right;float: right;margin-bottom: 1em;margin-left: 1em\"><img decoding=\"async\" border=\"0\" src=\"https:\/\/www.bfv.cloud\/ajedrezeuropa\/wp-content\/uploads\/2015\/09\/LOGOfacebook48.png\" \/><\/a><\/div>\n<h5>\n<u><span style=\"font-family: Helvetica Neue, Arial, Helvetica, sans-serif\">Superamos los 3.000 amigos en Facebook<\/span><\/u><span style=\"font-family: Helvetica Neue, Arial, Helvetica, sans-serif\"><\/span><\/h5>\n<div class=\"MsoBodyText\">\n<span style=\"font-family: Helvetica Neue, Arial, Helvetica, sans-serif\">La<br \/>\nincesante expansi\u00f3n de las redes sociales nos ha llevado a superar hace unas<br \/>\nhoras la cantidad de 3.000 seguidores en Facebook, aunque en este aspecto hay<br \/>\nque tener en cuenta que algunas de las peticiones que recibimos las descartamos<br \/>\no cancelamos posteriormente por diferentes razones. En cualquier caso, el<br \/>\nvolumen de informaci\u00f3n que estos 3.000 amigos generan en Facebook es enorme, y<br \/>\nno queremos dejar de agradecerles su confianza y dedicaci\u00f3n. <\/span><\/div>\n<div class=\"MsoBodyText\">\n<a href=\"https:\/\/www.bfv.cloud\/ajedrezeuropa\/wp-content\/uploads\/2015\/09\/descarga.jpg\" style=\"clear: right;float: right;margin-bottom: 1em;margin-left: 1em\"><img decoding=\"async\" border=\"0\" src=\"https:\/\/www.bfv.cloud\/ajedrezeuropa\/wp-content\/uploads\/2015\/09\/descarga.jpg\" \/><\/a><span style=\"font-family: Helvetica Neue, Arial, Helvetica, sans-serif\">Tambi\u00e9n<br \/>\nen Twitter contamos con decenas de seguidores, aunque su inmediatez y la<br \/>\nlimitaci\u00f3n de caracteres no hacen de \u00e9l la mejor herramienta para nuestro<br \/>\nmodelo comunicativo. <\/span><\/div>\n<p><\/p>\n<div class=\"MsoNormal\" style=\"text-align: justify\">\n<span style=\"font-family: Helvetica Neue, Arial, Helvetica, sans-serif\">\u00a1\u00a1Muchas<br \/>\ngracias y un abrazo a todos!!<\/span><span style=\"font-family: Arial, sans-serif\"><\/span><\/div>\n","protected":false},"excerpt":{"rendered":"<p>El comienzo de septiembre nos trae otras dos noticias destacadas que, por supuesto, deseamos compartir con todos vosotros. Este blog llega a las 100.000 visitas El constante crecimiento en el seguimiento de las noticias que genera el proyecto NUESTRO AJEDREZ EN EUROPA ha hecho posible que lleguemos a las 100.000 visitas, desde que Google nos [&hellip;]<\/p>\n","protected":false},"author":1,"featured_media":2241,"comment_status":"open","ping_status":"closed","sticky":false,"template":"","format":"standard","meta":{"footnotes":""},"categories":[1],"tags":[],"class_list":["post-2240","post","type-post","status-publish","format-standard","has-post-thumbnail","hentry","category-noticias"],"_links":{"self":[{"href":"https:\/\/www.bfv.cloud\/ajedrezeuropa\/wp-json\/wp\/v2\/posts\/2240","targetHints":{"allow":["GET"]}}],"collection":[{"href":"https:\/\/www.bfv.cloud\/ajedrezeuropa\/wp-json\/wp\/v2\/posts"}],"about":[{"href":"https:\/\/www.bfv.cloud\/ajedrezeuropa\/wp-json\/wp\/v2\/types\/post"}],"author":[{"embeddable":true,"href":"https:\/\/www.bfv.cloud\/ajedrezeuropa\/wp-json\/wp\/v2\/users\/1"}],"replies":[{"embeddable":true,"href":"https:\/\/www.bfv.cloud\/ajedrezeuropa\/wp-json\/wp\/v2\/comments?post=2240"}],"version-history":[{"count":1,"href":"https:\/\/www.bfv.cloud\/ajedrezeuropa\/wp-json\/wp\/v2\/posts\/2240\/revisions"}],"predecessor-version":[{"id":2244,"href":"https:\/\/www.bfv.cloud\/ajedrezeuropa\/wp-json\/wp\/v2\/posts\/2240\/revisions\/2244"}],"wp:featuredmedia":[{"embeddable":true,"href":"https:\/\/www.bfv.cloud\/ajedrezeuropa\/wp-json\/wp\/v2\/media\/2241"}],"wp:attachment":[{"href":"https:\/\/www.bfv.cloud\/ajedrezeuropa\/wp-json\/wp\/v2\/media?parent=2240"}],"wp:term":[{"taxonomy":"category","embeddable":true,"href":"https:\/\/www.bfv.cloud\/ajedrezeuropa\/wp-json\/wp\/v2\/categories?post=2240"},{"taxonomy":"post_tag","embeddable":true,"href":"https:\/\/www.bfv.cloud\/ajedrezeuropa\/wp-json\/wp\/v2\/tags?post=2240"}],"curies":[{"name":"wp","href":"https:\/\/api.w.org\/{rel}","templated":true}]}}