{"id":2245,"date":"2022-08-09T05:54:00","date_gmt":"2022-08-09T05:54:00","guid":{"rendered":"https:\/\/www.bfv.cloud\/ajedrezeuropa\/index.php\/2022\/08\/09\/finaliza-la-15a-edicion-de-nuestro-campus-de-verano\/"},"modified":"2025-11-20T10:44:24","modified_gmt":"2025-11-20T10:44:24","slug":"finaliza-la-15a-edicion-de-nuestro-campus-de-verano","status":"publish","type":"post","link":"https:\/\/www.bfv.cloud\/ajedrezeuropa\/finaliza-la-15a-edicion-de-nuestro-campus-de-verano\/","title":{"rendered":"FINALIZA LA 15\u00aa EDICI\u00d3N DE NUESTRO CAMPUS DE VERANO"},"content":{"rendered":"<\/p>\n<div class=\"separator\" style=\"clear: both;text-align: center\"><iframe allowfullscreen=\"\" class=\"BLOG_video_class\" height=\"354\" src=\"https:\/\/www.youtube.com\/embed\/pmDEfTZNnVw\" width=\"426\" youtube-src-id=\"pmDEfTZNnVw\"><\/iframe><\/div>\n<p>&nbsp;<\/p>\n<p><span style=\"font-size: large\"><b>El s\u00e1bado pasado se clausuraba la 15\u00aa edici\u00f3n del campus de verano de Nuestro Ajedrez en Europa en Villafranca de los Caballeros. Mancha Centro TV ha elaborado un amplio reportaje sobre el campus con opiniones e im\u00e1genes muy interesantes de los propios alumnos y alumnas.<\/b><\/span><\/p>\n<p><span style=\"font-size: large\"><b>Agradecemos al equipo de entrenadores y entrenadoras, monitores y monitoras, su trabajo e implicaci\u00f3n durante esta semana: Elizbar Ubilava, Herminio Herr\u00e1iz, Ana Isabel Gonz\u00e1lez, Roberto L\u00f3pez, Antonio Albo, Silvia Toribio y M\u00aa Luisa Camu\u00f1as.<\/b><\/span><\/p>\n<p><span style=\"font-size: large\"><b>Aqu\u00ed os dejamos algunas fotos de la clausura.<\/b><\/span><\/p>\n<p><span style=\"font-size: large\"><b>\u00a1\u00a1Hasta pronto!!<\/b><\/span><\/p>\n<p><span style=\"font-size: large\"><\/p>\n<table align=\"center\" cellpadding=\"0\" cellspacing=\"0\" class=\"tr-caption-container\" style=\"margin-left: auto;margin-right: auto\">\n<tbody>\n<tr>\n<td style=\"text-align: center\"><a href=\"https:\/\/www.bfv.cloud\/ajedrezeuropa\/wp-content\/uploads\/2022\/08\/1720ENTREGA20DE20DIPLOMAS.jpg\" style=\"margin-left: auto;margin-right: auto\"><img fetchpriority=\"high\" decoding=\"async\" border=\"0\" data-original-height=\"709\" data-original-width=\"1436\" height=\"316\" src=\"https:\/\/blogger.googleusercontent.com\/img\/b\/R29vZ2xl\/AVvXsEiMYTd3L7y0j_wDPvP6HYuHRrzrxkZaCQfSA0KMkbyuOVLoynjubcQLUo4befyhH__wO3EUKOlPzE33hA_vK16F0j84C1h26aukksISDJNajiYYPecUl9D8bwWp8rdM95VLCARsY8EAFuwNsMOlzIMiIolz3xrzu8liBGfZ3AzTyH8rrZ46n67zQsE6\/w640-h316\/17%20ENTREGA%20DE%20DIPLOMAS.jpg\" width=\"640\" \/><\/a><\/td>\n<\/tr>\n<tr>\n<td class=\"tr-caption\" style=\"text-align: center\">Entrega de diplomas<\/td>\n<\/tr>\n<\/tbody>\n<\/table>\n<p><\/span><\/p>\n<table align=\"center\" cellpadding=\"0\" cellspacing=\"0\" class=\"tr-caption-container\" style=\"margin-left: auto;margin-right: auto\">\n<tbody>\n<tr>\n<td style=\"text-align: center\"><a href=\"https:\/\/www.bfv.cloud\/ajedrezeuropa\/wp-content\/uploads\/2022\/08\/1520EN20LA20PISCINA20DE20VILLAFRANCA.jpg\" style=\"margin-left: auto;margin-right: auto\"><img decoding=\"async\" border=\"0\" data-original-height=\"930\" data-original-width=\"2016\" height=\"296\" src=\"https:\/\/blogger.googleusercontent.com\/img\/b\/R29vZ2xl\/AVvXsEgjdjlVkCoL6GiFhASAekchDFsSBSdX8Wrcc8M4V8N_43v_Ig7_rAylukhk00AKNmamesPVvRLMj2fwkLPcsmkvBdNzSH0nA1qOXm_ciUrCx19MmXoFJ22jusryWT9tRpE2XVCuGdOVrgn0st3TS4vfT2e--wpW_mABX1YTZL8gInba6N5Iz6UOT4f3\/w640-h296\/15%20EN%20LA%20PISCINA%20DE%20VILLAFRANCA.jpg\" width=\"640\" \/><\/a><\/td>\n<\/tr>\n<tr>\n<td class=\"tr-caption\" style=\"text-align: center\">Grupo de alumnos en la piscina de Villafranca<\/td>\n<\/tr>\n<\/tbody>\n<\/table>\n<p><\/p>\n<table align=\"center\" cellpadding=\"0\" cellspacing=\"0\" class=\"tr-caption-container\" style=\"margin-left: auto;margin-right: auto\">\n<tbody>\n<tr>\n<td style=\"text-align: center\"><a href=\"https:\/\/www.bfv.cloud\/ajedrezeuropa\/wp-content\/uploads\/2022\/08\/1320VILLAFRANCA20EN20CLASE.jpeg\" style=\"margin-left: auto;margin-right: auto\"><img decoding=\"async\" border=\"0\" data-original-height=\"1107\" data-original-width=\"1599\" height=\"444\" src=\"https:\/\/blogger.googleusercontent.com\/img\/b\/R29vZ2xl\/AVvXsEjXnsmSIEICsf-9Cn3N4AqYzroBRqqG3HIiz_hw_SvQlM3mscSz2RuFeHORoDK1gmAWhe13turEP8jrY6ch2AawauhHhrnlxnDCeLQ8hIJ5RzBbjVeYCXfcUBZC04TAHe4tIXtz37SThhB4oq3E3LBHQFh2SmhfNhVPTHflgVF7Q895bI6u69k_OOdf\/w640-h444\/13%20VILLAFRANCA%20EN%20CLASE.jpeg\" width=\"640\" \/><\/a><\/td>\n<\/tr>\n<tr>\n<td class=\"tr-caption\" style=\"text-align: center\">Al final de las clases<\/td>\n<\/tr>\n<\/tbody>\n<\/table>\n<p><\/p>\n","protected":false},"excerpt":{"rendered":"<p>&nbsp; El s\u00e1bado pasado se clausuraba la 15\u00aa edici\u00f3n del campus de verano de Nuestro Ajedrez en Europa en Villafranca de los Caballeros. Mancha Centro TV ha elaborado un amplio reportaje sobre el campus con opiniones e im\u00e1genes muy interesantes de los propios alumnos y alumnas. Agradecemos al equipo de entrenadores y entrenadoras, monitores y [&hellip;]<\/p>\n","protected":false},"author":1,"featured_media":2246,"comment_status":"open","ping_status":"closed","sticky":false,"template":"","format":"standard","meta":{"footnotes":""},"categories":[1],"tags":[],"class_list":["post-2245","post","type-post","status-publish","format-standard","has-post-thumbnail","hentry","category-noticias"],"_links":{"self":[{"href":"https:\/\/www.bfv.cloud\/ajedrezeuropa\/wp-json\/wp\/v2\/posts\/2245","targetHints":{"allow":["GET"]}}],"collection":[{"href":"https:\/\/www.bfv.cloud\/ajedrezeuropa\/wp-json\/wp\/v2\/posts"}],"about":[{"href":"https:\/\/www.bfv.cloud\/ajedrezeuropa\/wp-json\/wp\/v2\/types\/post"}],"author":[{"embeddable":true,"href":"https:\/\/www.bfv.cloud\/ajedrezeuropa\/wp-json\/wp\/v2\/users\/1"}],"replies":[{"embeddable":true,"href":"https:\/\/www.bfv.cloud\/ajedrezeuropa\/wp-json\/wp\/v2\/comments?post=2245"}],"version-history":[{"count":1,"href":"https:\/\/www.bfv.cloud\/ajedrezeuropa\/wp-json\/wp\/v2\/posts\/2245\/revisions"}],"predecessor-version":[{"id":2249,"href":"https:\/\/www.bfv.cloud\/ajedrezeuropa\/wp-json\/wp\/v2\/posts\/2245\/revisions\/2249"}],"wp:featuredmedia":[{"embeddable":true,"href":"https:\/\/www.bfv.cloud\/ajedrezeuropa\/wp-json\/wp\/v2\/media\/2246"}],"wp:attachment":[{"href":"https:\/\/www.bfv.cloud\/ajedrezeuropa\/wp-json\/wp\/v2\/media?parent=2245"}],"wp:term":[{"taxonomy":"category","embeddable":true,"href":"https:\/\/www.bfv.cloud\/ajedrezeuropa\/wp-json\/wp\/v2\/categories?post=2245"},{"taxonomy":"post_tag","embeddable":true,"href":"https:\/\/www.bfv.cloud\/ajedrezeuropa\/wp-json\/wp\/v2\/tags?post=2245"}],"curies":[{"name":"wp","href":"https:\/\/api.w.org\/{rel}","templated":true}]}}