{"id":2250,"date":"2018-05-22T18:44:00","date_gmt":"2018-05-22T18:44:00","guid":{"rendered":"https:\/\/www.bfv.cloud\/ajedrezeuropa\/index.php\/2018\/05\/22\/xi-campus-de-verano-nuestro-ajedrez-en-europa-del-30-de-julio-al-4-de-agosto\/"},"modified":"2025-11-20T10:44:29","modified_gmt":"2025-11-20T10:44:29","slug":"xi-campus-de-verano-nuestro-ajedrez-en-europa-del-30-de-julio-al-4-de-agosto","status":"publish","type":"post","link":"https:\/\/www.bfv.cloud\/ajedrezeuropa\/xi-campus-de-verano-nuestro-ajedrez-en-europa-del-30-de-julio-al-4-de-agosto\/","title":{"rendered":"XI CAMPUS DE VERANO NUESTRO AJEDREZ EN EUROPA, DEL 30 DE JULIO AL 4 DE AGOSTO"},"content":{"rendered":"<div class=\"separator\" style=\"clear: both;text-align: center\">\n<a href=\"https:\/\/www.bfv.cloud\/ajedrezeuropa\/wp-content\/uploads\/2018\/05\/CARTELXICAMPUS2018.jpg\" style=\"clear: left;float: left;margin-bottom: 1em;margin-right: 1em\"><img fetchpriority=\"high\" decoding=\"async\" border=\"0\" data-original-height=\"1600\" data-original-width=\"1155\" height=\"400\" src=\"https:\/\/blogger.googleusercontent.com\/img\/b\/R29vZ2xl\/AVvXsEjMVnmsZJyhFsPn5xRVUp7GELZuMli8W3cEwbrPt5qdygmdMz0jdgZgEuHkZEZAKReXCK3go4nE8MaSrc5x82TMMh_z5jB7btStRMFrkm7K7_19P9_0yRI8GyzrdR127tPbO0VP9Vb-wnA\/s400\/CARTEL+XI+CAMPUS+2018.jpg\" width=\"288\" \/><\/a><\/div>\n<p><span style=\"font-family: Verdana, sans-serif;font-size: large\"><b><br \/><\/b><\/span><br \/>\n<span style=\"font-family: Verdana, sans-serif;font-size: large\"><b>Los ayuntamientos de Alc\u00e1zar de San Juan y Villafranca de los Caballeros dan continuidad al proyecto de tecnificaci\u00f3n, perfeccionamiento e iniciaci\u00f3n al ajedrez lanzando una nueva edici\u00f3n del campus de verano. Ser\u00e1 del 30 de julio al 4 de agosto y servir\u00e1 de punto de encuentro con los entrenadores y preparadoras de primer nivel que forman el proyecto deportivo de Nuestro Ajedrez en Europa. <\/p>\n<table align=\"center\" cellpadding=\"0\" cellspacing=\"0\" class=\"tr-caption-container\" style=\"margin-left: auto;margin-right: auto;text-align: center\">\n<tbody>\n<tr>\n<td style=\"text-align: center\"><a href=\"https:\/\/www.bfv.cloud\/ajedrezeuropa\/wp-content\/uploads\/2018\/05\/TRIPTICOXICAMPUS2018INTERIOR.jpg\" style=\"margin-left: auto;margin-right: auto\"><img decoding=\"async\" border=\"0\" data-original-height=\"1114\" data-original-width=\"1600\" height=\"444\" src=\"https:\/\/blogger.googleusercontent.com\/img\/b\/R29vZ2xl\/AVvXsEj7I2dYJAmbARUYAeMOwmKMiSPysHWj_cjOP4XYp_iHL6x6yleBZanSVttG60mXUpwPHStIXDYbrtal4E7_B7ryTqhRvBLMIgQbwhsVsuE-XDlc6npTnwP4s79eK30lIqaYi4-TM86zcRk\/s640\/TRIPTICO+XI+CAMPUS+2018+INTERIOR.jpg\" width=\"640\" \/><\/a><\/td>\n<\/tr>\n<tr>\n<td class=\"tr-caption\" style=\"text-align: center\">Imagen del tr\u00edptico con toda la informaci\u00f3n<\/td>\n<\/tr>\n<\/tbody>\n<\/table>\n<p>Esta XI edici\u00f3n mantendr\u00e1 la estructura de a\u00f1os anteriores, con los grandes maestros: Elizbar Ubilava y Herminio Herr\u00e1iz, a cargo de los grupos de tecnificaci\u00f3n, con Ana Isabel Gonz\u00e1lez, al frente de los grupos de perfeccionamiento, acompa\u00f1ada de Antonio Albo, Luismi Monreal y Silvia Toribio, que tambi\u00e9n ser\u00e1n los encargados de los grupos de iniciaci\u00f3n. De nuevo se impartir\u00e1n clases biling\u00fces de ajedrez en ingl\u00e9s y se potenciar\u00e1 la introducci\u00f3n del ajedrez educativo para l@s m\u00e1s peque\u00f1@s.<\/b><\/span><br \/>\n<span style=\"font-family: Verdana, sans-serif;font-size: large\"><b>Este campus es una oportunidad \u00fanica para aprender de la mano de algunos de los mejores entrenadores europeos o para establecer contacto con el mundo del deporte de la mente a trav\u00e9s del proyecto de ajedrez educativo con mayor implantaci\u00f3n en toda Espa\u00f1a.<\/b><\/span><\/p>\n<div class=\"separator\" style=\"clear: both;text-align: center\">\n<a href=\"https:\/\/www.bfv.cloud\/ajedrezeuropa\/wp-content\/uploads\/2018\/05\/TRIPTICOCAMPUS2018EXTERIOR.jpg\" style=\"margin-left: 1em;margin-right: 1em\"><img decoding=\"async\" border=\"0\" data-original-height=\"1156\" data-original-width=\"1600\" height=\"462\" src=\"https:\/\/blogger.googleusercontent.com\/img\/b\/R29vZ2xl\/AVvXsEhSdBq4QZvmHZC0OSao1fkqUtPV3vDF8DiDFLOplqAet8e6VghStcgINj9nbFZ81UmV0f0CP6_LvXT06-vkO0tgUxpblv9q59Fl-4fhDykRt5xtliMmbarIMctE-SXL5uKb3z5LVHLWlk0\/s640\/TRIPTICO+CAMPUS+2018+EXTERIOR.jpg\" width=\"640\" \/><\/a><\/div>\n<p><span style=\"font-family: Verdana, sans-serif;font-size: large\"><b>Adem\u00e1s este XI campus de verano cuenta con la colaboraci\u00f3n de la Consejer\u00eda de Educaci\u00f3n de Castilla-La Mancha, a trav\u00e9s de su Direcci\u00f3n Gral de Deportes, y de las diputaciones provinciales de Toledo y Ciudad Real.&nbsp;<\/b><\/span><br \/>\n<span style=\"font-family: Verdana, sans-serif;font-size: large\"><b>Tambi\u00e9n queremos agradecer el apoyo y ayuda del personal del CIJ Covadonga de Alc\u00e1zar y de la casa de la cultura de Villafranca. De la misma manera, agradecemos su trabajo a las empresas colaboradoras: hotel Intur y hotel \u00cdnsula Barataria de Alc\u00e1zar, autobuses Criferba de Herencia y al restaurante La Jorja de las lagunas de Villafranca.<\/b><\/span><\/p>\n","protected":false},"excerpt":{"rendered":"<p>Los ayuntamientos de Alc\u00e1zar de San Juan y Villafranca de los Caballeros dan continuidad al proyecto de tecnificaci\u00f3n, perfeccionamiento e iniciaci\u00f3n al ajedrez lanzando una nueva edici\u00f3n del campus de verano. Ser\u00e1 del 30 de julio al 4 de agosto y servir\u00e1 de punto de encuentro con los entrenadores y preparadoras de primer nivel que [&hellip;]<\/p>\n","protected":false},"author":1,"featured_media":2251,"comment_status":"open","ping_status":"closed","sticky":false,"template":"","format":"standard","meta":{"footnotes":""},"categories":[1],"tags":[],"class_list":["post-2250","post","type-post","status-publish","format-standard","has-post-thumbnail","hentry","category-noticias"],"_links":{"self":[{"href":"https:\/\/www.bfv.cloud\/ajedrezeuropa\/wp-json\/wp\/v2\/posts\/2250","targetHints":{"allow":["GET"]}}],"collection":[{"href":"https:\/\/www.bfv.cloud\/ajedrezeuropa\/wp-json\/wp\/v2\/posts"}],"about":[{"href":"https:\/\/www.bfv.cloud\/ajedrezeuropa\/wp-json\/wp\/v2\/types\/post"}],"author":[{"embeddable":true,"href":"https:\/\/www.bfv.cloud\/ajedrezeuropa\/wp-json\/wp\/v2\/users\/1"}],"replies":[{"embeddable":true,"href":"https:\/\/www.bfv.cloud\/ajedrezeuropa\/wp-json\/wp\/v2\/comments?post=2250"}],"version-history":[{"count":1,"href":"https:\/\/www.bfv.cloud\/ajedrezeuropa\/wp-json\/wp\/v2\/posts\/2250\/revisions"}],"predecessor-version":[{"id":2254,"href":"https:\/\/www.bfv.cloud\/ajedrezeuropa\/wp-json\/wp\/v2\/posts\/2250\/revisions\/2254"}],"wp:featuredmedia":[{"embeddable":true,"href":"https:\/\/www.bfv.cloud\/ajedrezeuropa\/wp-json\/wp\/v2\/media\/2251"}],"wp:attachment":[{"href":"https:\/\/www.bfv.cloud\/ajedrezeuropa\/wp-json\/wp\/v2\/media?parent=2250"}],"wp:term":[{"taxonomy":"category","embeddable":true,"href":"https:\/\/www.bfv.cloud\/ajedrezeuropa\/wp-json\/wp\/v2\/categories?post=2250"},{"taxonomy":"post_tag","embeddable":true,"href":"https:\/\/www.bfv.cloud\/ajedrezeuropa\/wp-json\/wp\/v2\/tags?post=2250"}],"curies":[{"name":"wp","href":"https:\/\/api.w.org\/{rel}","templated":true}]}}