{"id":2255,"date":"2016-01-19T23:42:00","date_gmt":"2016-01-19T23:42:00","guid":{"rendered":"https:\/\/www.bfv.cloud\/ajedrezeuropa\/index.php\/2016\/01\/19\/comenzamos-en-el-escolar-de-ciudad-real-con-18-participantes\/"},"modified":"2025-11-20T10:44:42","modified_gmt":"2025-11-20T10:44:42","slug":"comenzamos-en-el-escolar-de-ciudad-real-con-18-participantes","status":"publish","type":"post","link":"https:\/\/www.bfv.cloud\/ajedrezeuropa\/comenzamos-en-el-escolar-de-ciudad-real-con-18-participantes\/","title":{"rendered":"COMENZAMOS EN EL ESCOLAR DE CIUDAD REAL CON 18 PARTICIPANTES"},"content":{"rendered":"<table cellpadding=\"0\" cellspacing=\"0\" class=\"tr-caption-container\" style=\"float: left;margin-right: 1em;text-align: left\">\n<tbody>\n<tr>\n<td style=\"text-align: center\"><a href=\"https:\/\/www.bfv.cloud\/ajedrezeuropa\/wp-content\/uploads\/2016\/01\/SAM_2505.jpg\" style=\"clear: left;margin-bottom: 1em;margin-left: auto;margin-right: auto\"><img fetchpriority=\"high\" decoding=\"async\" border=\"0\" height=\"266\" src=\"https:\/\/blogger.googleusercontent.com\/img\/b\/R29vZ2xl\/AVvXsEi9sZ69mCBccW9NstAMLAvj3a2X9YFST8A6QBTBrNg6XT_hteEg8OikqlJkX7Xpo1o8I2udcqIBO_p0U7KBkg2MTSvUMnAGg1YnF9LvfORow1ApcfkNhQ6s4sMPNG3SzOUASbACLuZffhg\/s400\/SAM_2505.JPG\" width=\"400\" \/><\/a><\/td>\n<\/tr>\n<tr>\n<td class=\"tr-caption\" style=\"text-align: center\">Imagen de la sala de juego del CERE de Miguelturra<\/td>\n<\/tr>\n<\/tbody>\n<\/table>\n<p>&nbsp;<span style=\"font-family: Helvetica Neue, Arial, Helvetica, sans-serif\"><b>La primera jornada del Deporte en Edad Escolar de Ciudad Real recibi\u00f3 a un total de 104 ajedrecistas, entre los cu\u00e1les est\u00e1n los 18 pertenecientes a la EDM de Alc\u00e1zar de San Juan.&nbsp;<\/b><\/span><br \/>\n<span style=\"font-family: Helvetica Neue, Arial, Helvetica, sans-serif\"><b><br \/><\/b><\/span><br \/>\n<span style=\"font-family: Helvetica Neue, Arial, Helvetica, sans-serif\"><u>Categor\u00eda Infantil<\/u><\/span><br \/>\n<span style=\"font-family: Helvetica Neue, Arial, Helvetica, sans-serif\"><u><br \/><\/u><\/span><br \/>\n<span style=\"font-family: Helvetica Neue, Arial, Helvetica, sans-serif\"><b>89 jugadores de la categor\u00eda infantil iniciaron la competici\u00f3n disputando las dos primeras rondas. La totalidad de los 16 chicos y chicas inscritos que presentaba la escuela alcazare\u00f1a viajaron a Miguelturra con la ilusi\u00f3n de jugar al ajedrez y seguir mejorando. El resultado de sus partidas dej\u00f3 a: Nuria Lozano, Isabel Marcos-Alberca, Enrique Velasco, Arturo Mate y Pablo Vela con 2 puntos; con 1 punto a: Daniel Climent, Rub\u00e9n Monge, Arsenio L\u00f3pez, Rafael Carrasco, Roc\u00edo Arias, Sergio Arias, Adri\u00e1n Cruz, Clara Vela y Roberto Yeghiazaryan; y sin puntuar a\u00fan a: Mateo Espa\u00f1\u00f3n y Marta Vela.<\/b><\/span><\/p>\n<table cellpadding=\"0\" cellspacing=\"0\" class=\"tr-caption-container\" style=\"float: right;text-align: left\">\n<tbody>\n<tr>\n<td style=\"text-align: center\"><a href=\"https:\/\/www.bfv.cloud\/ajedrezeuropa\/wp-content\/uploads\/2016\/01\/SAM_2499.jpg\" style=\"clear: left;margin-bottom: 1em;margin-left: auto;margin-right: auto\"><img decoding=\"async\" border=\"0\" height=\"150\" src=\"https:\/\/blogger.googleusercontent.com\/img\/b\/R29vZ2xl\/AVvXsEgLb9r5CTe18jhlKbrcYWDkiIweAKi9vWPk79W5w14oeV6BwCZ5XGkwKmvwzyAQl7DRWpKOi4t-JYuWDyCH8lhVuB0v_HEZoKngPwor2DsSXxh6ptoBUU3QQODFMVMyIDiUSdD8kAh_a70\/s200\/SAM_2499.JPG\" width=\"200\" \/><\/a><\/td>\n<\/tr>\n<tr>\n<td class=\"tr-caption\" style=\"text-align: center\">Marta Vela y Daniel Climent<\/td>\n<\/tr>\n<\/tbody>\n<\/table>\n<p><\/p>\n<table cellpadding=\"0\" cellspacing=\"0\" class=\"tr-caption-container\" style=\"float: left;margin-right: 1em;text-align: left\">\n<tbody>\n<tr>\n<td style=\"text-align: center\"><a href=\"https:\/\/www.bfv.cloud\/ajedrezeuropa\/wp-content\/uploads\/2016\/01\/SAM_2510.jpg\" style=\"clear: left;margin-bottom: 1em;margin-left: auto;margin-right: auto\"><img decoding=\"async\" border=\"0\" height=\"320\" src=\"https:\/\/blogger.googleusercontent.com\/img\/b\/R29vZ2xl\/AVvXsEg7et8ajL617VntW5EPsUcPFyG0goWsFqpPrUuvfOjQlHqI3rYmJTOqbqHMo0k5tBn-uHxRjPSxPGj5Qekvvx-44lhWDHfENlvXalT4gAUV3TaMXSz3l9wQhkSA8FmuO8mLYKVkVmS5dzg\/s320\/SAM_2510.JPG\" width=\"240\" \/><\/a><\/td>\n<\/tr>\n<tr>\n<td class=\"tr-caption\" style=\"text-align: center\">Arturo , en primer lugar, con &nbsp;Julio al fondo<\/td>\n<\/tr>\n<\/tbody>\n<\/table>\n<table cellpadding=\"0\" cellspacing=\"0\" class=\"tr-caption-container\" style=\"float: right;margin-left: 1em;text-align: right\">\n<tbody>\n<tr>\n<td style=\"text-align: center\"><a href=\"https:\/\/www.bfv.cloud\/ajedrezeuropa\/wp-content\/uploads\/2016\/01\/SAM_2484.jpg\" style=\"clear: right;margin-bottom: 1em;margin-left: auto;margin-right: auto\"><img loading=\"lazy\" decoding=\"async\" border=\"0\" height=\"240\" src=\"https:\/\/blogger.googleusercontent.com\/img\/b\/R29vZ2xl\/AVvXsEheZQEZ_NgI0kVpoT4z-BQPVG9IaxIwdPc3pDMn3qRUrYV1whzUvDi7MTzEMhEpDpJwA0G5LBr7FC-2TfmKr27GlM2ZA-LmL4UAnq0SCI5ycD8HzKY4hQ93FQHsKpEb64Bs11-7JsCJOXI\/s320\/SAM_2484.JPG\" width=\"320\" \/><\/a><\/td>\n<\/tr>\n<tr>\n<td class=\"tr-caption\" style=\"text-align: center\">Mateo y Enrique en la primera ronda<\/td>\n<\/tr>\n<\/tbody>\n<\/table>\n<table align=\"center\" cellpadding=\"0\" cellspacing=\"0\" class=\"tr-caption-container\" style=\"clear: right;float: left;margin-bottom: 1em;margin-right: 1em;text-align: left\">\n<tbody>\n<tr>\n<td style=\"text-align: center\"><a href=\"https:\/\/www.bfv.cloud\/ajedrezeuropa\/wp-content\/uploads\/2016\/01\/SAM_2514.jpg\" style=\"clear: right;margin-bottom: 1em;margin-left: auto;margin-right: auto\"><img loading=\"lazy\" decoding=\"async\" border=\"0\" height=\"320\" src=\"https:\/\/blogger.googleusercontent.com\/img\/b\/R29vZ2xl\/AVvXsEheyu3XVbS5GVnxZsZ7uToYNHXymY59n-nGUCa9LRcu6Wde20kDLWK5SjwdLOqGIbtkTXvHRBeovCXxBlb1k9MEc5Oze0_xe8yjAEba8AmA9GEtSW_CGicI7jdAvmxd3XQvKdXz7J3dfE4\/s320\/SAM_2514.JPG\" width=\"240\" \/><\/a><\/td>\n<\/tr>\n<tr>\n<td class=\"tr-caption\" style=\"text-align: center\">De frente, Clara, y de espaldas, Rub\u00e9n<\/td>\n<\/tr>\n<\/tbody>\n<\/table>\n<table cellpadding=\"0\" cellspacing=\"0\" class=\"tr-caption-container\" style=\"float: left;text-align: right\">\n<tbody>\n<tr>\n<td style=\"text-align: center\"><a href=\"https:\/\/www.bfv.cloud\/ajedrezeuropa\/wp-content\/uploads\/2016\/01\/SAM_2486.jpg\" style=\"margin-left: auto;margin-right: auto\"><img loading=\"lazy\" decoding=\"async\" border=\"0\" height=\"150\" src=\"https:\/\/blogger.googleusercontent.com\/img\/b\/R29vZ2xl\/AVvXsEjMPG1eVvliBOIGYhWjRdUCXRyP-P3RpOJTgowWoCm1WqRsvPlCSaoTSwNekxtzfRvs29lMUj1Q9rn1uGuVmEqYzn102vGs1PGEB6UF6ssDI9dkrRwjinRDm5Hsj0FgraWnlejPVtaTouc\/s200\/SAM_2486.JPG\" width=\"200\" \/><\/a><\/td>\n<\/tr>\n<tr>\n<td class=\"tr-caption\" style=\"text-align: center\">Nuria Lozano lucha por su clasificaci\u00f3n a la fase<br \/>\nregional del CRDEE<\/td>\n<\/tr>\n<\/tbody>\n<\/table>\n<p><\/p>\n<table cellpadding=\"0\" cellspacing=\"0\" class=\"tr-caption-container\" style=\"float: right;margin-left: 1em;text-align: right\">\n<tbody>\n<tr>\n<td style=\"text-align: center\"><a href=\"https:\/\/www.bfv.cloud\/ajedrezeuropa\/wp-content\/uploads\/2016\/01\/SAM_2494.jpg\" style=\"clear: right;margin-bottom: 1em;margin-left: auto;margin-right: auto\"><img loading=\"lazy\" decoding=\"async\" border=\"0\" height=\"150\" src=\"https:\/\/blogger.googleusercontent.com\/img\/b\/R29vZ2xl\/AVvXsEjsLIMFsxpwE5RuEpkyYR0kwva1K_cqwoc9xa15Y1MGuGFXDr2xzLVotJfOka8N2CXsSCi2uifwZAZLBVafU_IEASfsIKTgNzpJsch3n7k5pX5vrN04sOK5GaTEqVftAGwIuNwmjQOpbrM\/s200\/SAM_2494.JPG\" width=\"200\" \/><\/a><\/td>\n<\/tr>\n<tr>\n<td class=\"tr-caption\" style=\"text-align: center\">Arsenio L\u00f3pez en su segundo a\u00f1o de competici\u00f3n<\/td>\n<\/tr>\n<\/tbody>\n<\/table>\n<p><\/p>\n<div class=\"separator\" style=\"clear: both;text-align: center\">\n<\/div>\n<p>&nbsp;<span style=\", sans-serif\"><u>Problemas de organizaci\u00f3n<\/u><\/span><br \/>\n<span style=\", sans-serif\"><b>Las dos rondas del infantil de esta primera jornada fueron emparejadas a mano debido a un fallo de los organizadores al traspasar los datos al programa VEGA. Adem\u00e1s hubo alguna incidencia con las puertas autom\u00e1ticas de la sala de juego al exterior de la plaza, se empezaron a abrir y cerrar solas, sin que hubiera ning\u00fan operario municipal que entendiera su funcionamiento.<\/b><\/span><br \/>\n<span style=\", sans-serif\"><b>En resumen, hubo algunos momentos que aquello se parec\u00eda m\u00e1s al camarote de los hermanos Marx que a la sala de juego de un campeonato oficial.<\/b><\/span><br \/>\n<span style=\", sans-serif\"><b><br \/><\/b><\/span><\/p>\n<table cellpadding=\"0\" cellspacing=\"0\" class=\"tr-caption-container\" style=\"float: left;margin-right: 1em;text-align: left\">\n<tbody>\n<tr>\n<td style=\"text-align: center\"><a href=\"https:\/\/www.bfv.cloud\/ajedrezeuropa\/wp-content\/uploads\/2016\/01\/SAM_2512.jpg\" style=\"clear: left;margin-bottom: 1em;margin-left: auto;margin-right: auto\"><img loading=\"lazy\" decoding=\"async\" border=\"0\" height=\"240\" src=\"https:\/\/blogger.googleusercontent.com\/img\/b\/R29vZ2xl\/AVvXsEgroo28jFzHNFnzEUG07-NWiGX9zFbWjzb5-ZGY3awxfR1vTerpjCRN_ctU3ZVlUyNnaR74RVVgAumG-czuEa76M1qTprzVlobmbpTszhBKR7GluASxQJTsNj1JIfvrmvcGvjcbRku-VmM\/s320\/SAM_2512.JPG\" width=\"320\" \/><\/a><\/td>\n<\/tr>\n<tr>\n<td class=\"tr-caption\" style=\"text-align: center\">Julio se sit\u00faa 6\u00ba despu\u00e9s de la primera jornada<\/td>\n<\/tr>\n<\/tbody>\n<\/table>\n<p><span style=\"font-family: Helvetica Neue, Arial, Helvetica, sans-serif\">&nbsp;<u>Categor\u00eda Cadete<\/u><\/span><br \/>\n<span style=\"font-family: Helvetica Neue, Arial, Helvetica, sans-serif\"><u><br \/><\/u><\/span><br \/>\n<b><span style=\"font-family: Helvetica Neue, Arial, Helvetica, sans-serif\">Son 15 los jugadores que han iniciado el campeonato del Deporte en Edad Escolar en la categor\u00eda cadete. Por parte de la escuela de ajedrez de Alc\u00e1zar son: Julio M\u00e9rida y Marta Espinosa, los que compiten por clasificarse para la fase regional. En ambas categor\u00edas son 3 chicos y 3 chicas los que se juegan su pase al regional.<\/span><\/b><\/p>\n<table cellpadding=\"0\" cellspacing=\"0\" class=\"tr-caption-container\" style=\"float: right;margin-left: 1em;text-align: right\">\n<tbody>\n<tr>\n<td style=\"text-align: center\"><a href=\"https:\/\/www.bfv.cloud\/ajedrezeuropa\/wp-content\/uploads\/2016\/01\/SAM_2513.jpg\" style=\"clear: right;margin-bottom: 1em;margin-left: auto;margin-right: auto\"><img loading=\"lazy\" decoding=\"async\" border=\"0\" height=\"240\" src=\"https:\/\/blogger.googleusercontent.com\/img\/b\/R29vZ2xl\/AVvXsEiuN9GZ6FMvwiBCwAziDpkW9gV0qy628WS5__F19aaoQbFJ6iXp5gbeN4bm1Q3-8t4-0j_AHg0jlRzM-HAekS-Sipyt_BFJ7izPsL6OzWqycEBpSk8UQuYzdakpBJ7EhNoc0piTzzHGZng\/s320\/SAM_2513.JPG\" width=\"320\" \/><\/a><\/td>\n<\/tr>\n<tr>\n<td class=\"tr-caption\" style=\"text-align: center\">Marta es 7\u00aa y primera clasificada femenina<\/td>\n<\/tr>\n<\/tbody>\n<\/table>\n<p><span style=\", sans-serif\"><b><br \/><\/b><\/span><br \/>\n<span style=\", sans-serif\"><u><\/u><\/span><br \/><span style=\", sans-serif\"><u><\/u><\/span><br \/>\n<br \/>\n<span style=\"font-family: Trebuchet MS, sans-serif\"><b><br \/><\/b><\/span><br \/>\n<b><span style=\"font-family: Helvetica Neue, Arial, Helvetica, sans-serif\">Tanto Marta como Julio vencieron en la primera ronda y perdieron la segunda. El pr\u00f3ximo fin de semana, por primera vez en un escolar de Ciudad Real, habr\u00e1 doble jornada de competici\u00f3n. El s\u00e1bado tendr\u00e1 lugar la segunda con la disputa de la ronda 3 en el cadete y de la 3\u00aa y 4\u00aa en el infantil. Para el domingo quedan las dobles rondas en ambas categor\u00edas.<\/span><\/b><br \/>\n<b><span style=\"font-family: Helvetica Neue, Arial, Helvetica, sans-serif\">\u00a1\u00a1Buenas partidas para todos!!<\/span><\/b><\/p>\n<div class=\"separator\" style=\"clear: both;text-align: center\">\n<\/div>\n","protected":false},"excerpt":{"rendered":"<p>Imagen de la sala de juego del CERE de Miguelturra &nbsp;La primera jornada del Deporte en Edad Escolar de Ciudad Real recibi\u00f3 a un total de 104 ajedrecistas, entre los cu\u00e1les est\u00e1n los 18 pertenecientes a la EDM de Alc\u00e1zar de San Juan.&nbsp; Categor\u00eda Infantil 89 jugadores de la categor\u00eda infantil iniciaron la competici\u00f3n disputando [&hellip;]<\/p>\n","protected":false},"author":1,"featured_media":2256,"comment_status":"open","ping_status":"closed","sticky":false,"template":"","format":"standard","meta":{"footnotes":""},"categories":[1],"tags":[],"class_list":["post-2255","post","type-post","status-publish","format-standard","has-post-thumbnail","hentry","category-noticias"],"_links":{"self":[{"href":"https:\/\/www.bfv.cloud\/ajedrezeuropa\/wp-json\/wp\/v2\/posts\/2255","targetHints":{"allow":["GET"]}}],"collection":[{"href":"https:\/\/www.bfv.cloud\/ajedrezeuropa\/wp-json\/wp\/v2\/posts"}],"about":[{"href":"https:\/\/www.bfv.cloud\/ajedrezeuropa\/wp-json\/wp\/v2\/types\/post"}],"author":[{"embeddable":true,"href":"https:\/\/www.bfv.cloud\/ajedrezeuropa\/wp-json\/wp\/v2\/users\/1"}],"replies":[{"embeddable":true,"href":"https:\/\/www.bfv.cloud\/ajedrezeuropa\/wp-json\/wp\/v2\/comments?post=2255"}],"version-history":[{"count":1,"href":"https:\/\/www.bfv.cloud\/ajedrezeuropa\/wp-json\/wp\/v2\/posts\/2255\/revisions"}],"predecessor-version":[{"id":2265,"href":"https:\/\/www.bfv.cloud\/ajedrezeuropa\/wp-json\/wp\/v2\/posts\/2255\/revisions\/2265"}],"wp:featuredmedia":[{"embeddable":true,"href":"https:\/\/www.bfv.cloud\/ajedrezeuropa\/wp-json\/wp\/v2\/media\/2256"}],"wp:attachment":[{"href":"https:\/\/www.bfv.cloud\/ajedrezeuropa\/wp-json\/wp\/v2\/media?parent=2255"}],"wp:term":[{"taxonomy":"category","embeddable":true,"href":"https:\/\/www.bfv.cloud\/ajedrezeuropa\/wp-json\/wp\/v2\/categories?post=2255"},{"taxonomy":"post_tag","embeddable":true,"href":"https:\/\/www.bfv.cloud\/ajedrezeuropa\/wp-json\/wp\/v2\/tags?post=2255"}],"curies":[{"name":"wp","href":"https:\/\/api.w.org\/{rel}","templated":true}]}}