{"id":2266,"date":"2019-09-02T11:58:00","date_gmt":"2019-09-02T11:58:00","guid":{"rendered":"https:\/\/www.bfv.cloud\/ajedrezeuropa\/index.php\/2019\/09\/02\/reportaje-completo-del-torneo-de-feria-de-alcazar-de-mancha-centro-tv\/"},"modified":"2025-11-20T10:44:42","modified_gmt":"2025-11-20T10:44:42","slug":"reportaje-completo-del-torneo-de-feria-de-alcazar-de-mancha-centro-tv","status":"publish","type":"post","link":"https:\/\/www.bfv.cloud\/ajedrezeuropa\/reportaje-completo-del-torneo-de-feria-de-alcazar-de-mancha-centro-tv\/","title":{"rendered":"REPORTAJE COMPLETO DEL TORNEO DE FERIA DE ALC\u00c1ZAR DE MANCHA CENTRO TV"},"content":{"rendered":"<div class=\"separator\" style=\"clear: both;text-align: center\">\n<iframe width=\"320\" height=\"266\" class=\"YOUTUBE-iframe-video\" src=\"https:\/\/www.youtube.com\/embed\/twu0ltipB6Q?feature=player_embedded\" frameborder=\"0\" allowfullscreen><\/iframe><\/div>\n<p><span style=\"font-family: Courier New, Courier, monospace;font-size: large\"><b>El pasado viernes 30 de agosto, Mancha Centro TV, emit\u00eda el reportaje completo grabado durante la celebraci\u00f3n del Torneo de Feria de Alc\u00e1zar de San Juan.<\/b><\/span><br \/>\n<span style=\"font-family: Courier New, Courier, monospace;font-size: large\"><b>Queremos agradecer a Mancha Centro TV y al programa \u00abPista a Pista\u00bb el trabajo de elaboraci\u00f3n y edici\u00f3n de este reportaje.<\/b><\/span><br \/>\n<span style=\"font-family: Courier New, Courier, monospace;font-size: large\"><b>Pinchando sobre el enlace pod\u00e9is reproducirlo a trav\u00e9s del canal de Youtube<\/b><\/span><\/p>\n","protected":false},"excerpt":{"rendered":"<p>El pasado viernes 30 de agosto, Mancha Centro TV, emit\u00eda el reportaje completo grabado durante la celebraci\u00f3n del Torneo de Feria de Alc\u00e1zar de San Juan. Queremos agradecer a Mancha Centro TV y al programa \u00abPista a Pista\u00bb el trabajo de elaboraci\u00f3n y edici\u00f3n de este reportaje. Pinchando sobre el enlace pod\u00e9is reproducirlo a trav\u00e9s [&hellip;]<\/p>\n","protected":false},"author":1,"featured_media":0,"comment_status":"open","ping_status":"closed","sticky":false,"template":"","format":"standard","meta":{"footnotes":""},"categories":[1],"tags":[],"class_list":["post-2266","post","type-post","status-publish","format-standard","hentry","category-noticias"],"_links":{"self":[{"href":"https:\/\/www.bfv.cloud\/ajedrezeuropa\/wp-json\/wp\/v2\/posts\/2266","targetHints":{"allow":["GET"]}}],"collection":[{"href":"https:\/\/www.bfv.cloud\/ajedrezeuropa\/wp-json\/wp\/v2\/posts"}],"about":[{"href":"https:\/\/www.bfv.cloud\/ajedrezeuropa\/wp-json\/wp\/v2\/types\/post"}],"author":[{"embeddable":true,"href":"https:\/\/www.bfv.cloud\/ajedrezeuropa\/wp-json\/wp\/v2\/users\/1"}],"replies":[{"embeddable":true,"href":"https:\/\/www.bfv.cloud\/ajedrezeuropa\/wp-json\/wp\/v2\/comments?post=2266"}],"version-history":[{"count":1,"href":"https:\/\/www.bfv.cloud\/ajedrezeuropa\/wp-json\/wp\/v2\/posts\/2266\/revisions"}],"predecessor-version":[{"id":2267,"href":"https:\/\/www.bfv.cloud\/ajedrezeuropa\/wp-json\/wp\/v2\/posts\/2266\/revisions\/2267"}],"wp:attachment":[{"href":"https:\/\/www.bfv.cloud\/ajedrezeuropa\/wp-json\/wp\/v2\/media?parent=2266"}],"wp:term":[{"taxonomy":"category","embeddable":true,"href":"https:\/\/www.bfv.cloud\/ajedrezeuropa\/wp-json\/wp\/v2\/categories?post=2266"},{"taxonomy":"post_tag","embeddable":true,"href":"https:\/\/www.bfv.cloud\/ajedrezeuropa\/wp-json\/wp\/v2\/tags?post=2266"}],"curies":[{"name":"wp","href":"https:\/\/api.w.org\/{rel}","templated":true}]}}