{"id":2268,"date":"2014-11-25T21:01:00","date_gmt":"2014-11-25T21:01:00","guid":{"rendered":"https:\/\/www.bfv.cloud\/ajedrezeuropa\/index.php\/2014\/11\/25\/nuestro-ajedrez-en-europa-lidera-el-provincial-por-equipos-de-toledo-de-1a-division\/"},"modified":"2025-11-20T10:44:53","modified_gmt":"2025-11-20T10:44:53","slug":"nuestro-ajedrez-en-europa-lidera-el-provincial-por-equipos-de-toledo-de-1a-division","status":"publish","type":"post","link":"https:\/\/www.bfv.cloud\/ajedrezeuropa\/nuestro-ajedrez-en-europa-lidera-el-provincial-por-equipos-de-toledo-de-1a-division\/","title":{"rendered":"NUESTRO AJEDREZ EN EUROPA LIDERA EL PROVINCIAL POR EQUIPOS DE TOLEDO DE 1\u00aa DIVISI\u00d3N"},"content":{"rendered":"<table cellpadding=\"0\" cellspacing=\"0\" class=\"tr-caption-container\" style=\"float: left;margin-right: 1em;text-align: left\">\n<tbody>\n<tr>\n<td style=\"text-align: center\"><a href=\"https:\/\/www.bfv.cloud\/ajedrezeuropa\/wp-content\/uploads\/2014\/11\/SAM_1219.jpg\" style=\"clear: left;margin-bottom: 1em;margin-left: auto;margin-right: auto\"><img fetchpriority=\"high\" decoding=\"async\" border=\"0\" src=\"https:\/\/www.bfv.cloud\/ajedrezeuropa\/wp-content\/uploads\/2014\/11\/SAM_1219.jpg\" height=\"242\" width=\"400\" \/><\/a><\/td>\n<\/tr>\n<tr>\n<td class=\"tr-caption\" style=\"text-align: center\">\u00abNUESTRO AJEDREZ EN EUROPA &#8211; A\u00bb:<br \/>\nl\u00edderes absolutos de la 1\u00aa divisi\u00f3n toledana<\/td>\n<\/tr>\n<\/tbody>\n<\/table>\n<h3>\n<span style=\"font-family: Trebuchet MS, sans-serif\"><br \/>\n&nbsp;<i style=\"text-align: justify\"><span style=\"font-size: 12.0pt\"><u>L\u00cdDER<br \/>\nEN SOLITARIO DESPU\u00c9S DE 4 RONDAS<\/u><\/span><\/i><\/span><\/h3>\n<div class=\"MsoTitle\" style=\"text-align: justify\">\n<\/div>\n<table cellpadding=\"0\" cellspacing=\"0\" class=\"tr-caption-container\" style=\"float: left;text-align: left\">\n<tbody>\n<tr>\n<td style=\"text-align: center\"><a href=\"https:\/\/www.bfv.cloud\/ajedrezeuropa\/wp-content\/uploads\/2014\/11\/SAM_1217.jpg\" style=\"clear: left;margin-bottom: 1em;margin-left: auto;margin-right: auto\"><img decoding=\"async\" border=\"0\" src=\"https:\/\/www.bfv.cloud\/ajedrezeuropa\/wp-content\/uploads\/2014\/11\/SAM_1217.jpg\" height=\"330\" width=\"400\" \/><\/a><\/td>\n<\/tr>\n<tr>\n<td class=\"tr-caption\" style=\"text-align: center\">\u00abNUESTRO AJEDREZ EN EUROPA &#8211; B\u00bb:<br \/>\nUn joven equipo con un gran futuro<\/td>\n<\/tr>\n<\/tbody>\n<\/table>\n<div class=\"MsoTitle\" style=\"text-align: justify\">\n<span style=\"font-size: 12pt\"><span style=\"color: #274e13;font-family: Trebuchet MS, sans-serif\"><b>El equipo de \u201cNUESTRO AJEDREZ EN<br \/>\nEUROPA \u2013 A\u201d encabeza la clasificaci\u00f3n provisional del Campeonato Provincial por<br \/>\nEquipos de 1\u00aa Divisi\u00f3n de Toledo en la categor\u00eda absoluta, despu\u00e9s de<br \/>\ncelebrarse 4 rondas de las 7 establecidas. La 2\u00aa jornada, jugada ayer domingo,<br \/>\nsirvi\u00f3 para distanciar a algunos de los principales rivales, por que tras un<br \/>\ncontundente 4-0 ante \u201cLos Navalmorales\u201d, sigui\u00f3 una justa victoria 2\u00bd-1\u00bd frente<br \/>\nal club \u201cCoordinadora de Toledo\u201d,&nbsp;&nbsp; 2\u00ba<br \/>\ndel ranking inicial. Con estos resultados \u201cNUESTRO AJEDREZ EN EUROPA \u2013 A\u201d suma<br \/>\n13 puntos de partida y 8 puntos de match, siendo el \u00fanico equipo que suma 4<br \/>\nvictorias y ninguna derrota. <\/b><\/span><\/span><\/div>\n<div class=\"MsoTitle\" style=\"text-align: justify\">\n<span style=\"font-size: 12pt\"><span style=\"color: #274e13;font-family: Trebuchet MS, sans-serif\"><b>Por su parte, el equipo \u201cB\u201d de<br \/>\n\u201cNUESTRO AJEDREZ EN EUROPA\u201d se impon\u00eda con una clara superioridad al 3\u00ba del<br \/>\nranking inicial, \u201cBARGAS-A\u201d, por un resultado de 3-1 en la 3\u00aa ronda, cayendo<br \/>\nderrotado por \u201cTodom\u00f3vil Talavera\u201d por el mismo tanteo en el enfrentamiento de<br \/>\nla tarde. En la clasificaci\u00f3n, ocupa el 6\u00ba lugar con 8 puntos tras sumar 2<br \/>\nvictorias y 2 derrotas.<\/b><\/span><\/span><\/div>\n<div class=\"MsoTitle\" style=\"text-align: justify\">\n<span style=\"color: #274e13\"><b><span style=\"font-size: 12pt\"><span style=\"font-family: Trebuchet MS, sans-serif\">Por lo que respecta a los equipos de<br \/>\n\u201cNUESTRO AJEDREZ POR LA IGUALDAD\u201d, esta 2\u00aa jornada les ha llevado a ocupar la<br \/>\n10\u00aa y la 11\u00aa plaza de la clasificaci\u00f3n provisional, con 5\u00bd&nbsp; puntos para el \u201cA\u201d y 3 puntos para el \u201cB\u201d. La<br \/>\nausencia de alg\u00fan jugador importante con el que nos hubiera gustado contar en<br \/>\nla formaci\u00f3n \u201cA\u201d de la \u201cIGUALDAD\u201d, pero que por motivos de salud no ha podido<br \/>\nparticipar, unida a la reestructuraci\u00f3n del \u201cB\u201d para la temporada 2015, han<br \/>\ndebilitado sus posibilidades. A pesar de ello, estamos convencidos que las 3<br \/>\n\u00faltimas rondas proporcionar\u00e1n mejores resultados a ambos equipos, mejorando sus<br \/>\nposiciones actuales.<\/span><\/span><span style=\"font-family: 'Trebuchet MS', sans-serif;font-size: 12pt\">&nbsp;<\/span><\/b><\/span><\/div>\n<h3 style=\"text-align: justify\">\n<i><span style=\"font-family: Trebuchet MS, sans-serif;font-size: 12.0pt\"><u>LA<br \/>\nPEN\u00daLTIMA JORNADA TAMBI\u00c9N A DOBLE ENCUENTRO<\/u><\/span><\/i><\/h3>\n<table cellpadding=\"0\" cellspacing=\"0\" class=\"tr-caption-container\" style=\"float: right;text-align: right\">\n<tbody>\n<tr>\n<td style=\"text-align: center\"><a href=\"https:\/\/www.bfv.cloud\/ajedrezeuropa\/wp-content\/uploads\/2014\/11\/SAM_1218.jpg\" style=\"clear: right;margin-bottom: 1em;margin-left: auto;margin-right: auto\"><img decoding=\"async\" border=\"0\" src=\"https:\/\/www.bfv.cloud\/ajedrezeuropa\/wp-content\/uploads\/2014\/11\/SAM_1218.jpg\" height=\"277\" width=\"400\" \/><\/a><\/td>\n<\/tr>\n<tr>\n<td class=\"tr-caption\" style=\"text-align: center\">\u00abNUESTRO AJEDREZ POR LA IGUALDAD &#8211; A\u00bb<br \/>\nCon el objetivo de remontar<\/td>\n<\/tr>\n<\/tbody>\n<\/table>\n<div class=\"MsoTitle\" style=\"text-align: justify\">\n<span style=\"color: #274e13\"><b><span style=\"font-size: 12pt\"><span style=\"font-family: Trebuchet MS, sans-serif\">El pr\u00f3ximo domingo, d\u00eda 30 de noviembre, se jugar\u00e1n la 5\u00aa y 6\u00aa ronda en<br \/>\nesta 1\u00aa divisi\u00f3n, quedando la 7\u00aa y \u00faltima para el 14 de diciembre. Para todos<br \/>\nnuestros equipos, los 4 de 1\u00aa y los 2 que disputan el Campeonato de Promoci\u00f3n,<br \/>\nes un gran reto afrontar esta pen\u00faltima jornada con la posibilidad de culminar<br \/>\nlos objetivos planteados. La circunstancia a\u00f1adida de la proximidad en el<br \/>\ncomienzo de la fase final del CECLUB SUB-16 de Benidorm, confiere a clubes como<br \/>\nlos nuestros, integrados por un gran n\u00famero de jugadores menores de 16 a\u00f1os,&nbsp;<\/span><\/span><span style=\"font-family: Trebuchet MS, sans-serif\"><span style=\"font-size: 12pt\">un esfuerzo a\u00f1adido para hacer<br \/>\nposible su entrenamiento y preparaci\u00f3n con la mayor participaci\u00f3n posible en<br \/>\nlos encuentros de este fin de semana.<\/span><span style=\"font-size: 12pt\">&nbsp; &nbsp;<\/span><\/span><\/b><\/span><\/p>\n<div class=\"MsoTitle\">\n<span style=\"color: #274e13\"><b><span style=\"font-size: 12pt\"><span style=\"font-family: Trebuchet MS, sans-serif\">A continuaci\u00f3n, publicamos la<br \/>\nclasificaci\u00f3n provisional despu\u00e9s de la ronda 4 y el emparejamiento previsto<br \/>\npara la ronda 5.<\/span><\/span><span style=\"font-family: 'Trebuchet MS', sans-serif;font-size: 12pt\">&nbsp;<\/span><\/b><\/span><\/div>\n<div class=\"MsoTitle\">\n<span style=\"font-family: 'Trebuchet MS', sans-serif;font-size: 12pt\"><br \/><\/span><\/div>\n<div class=\"separator\" style=\"clear: both;text-align: center\">\n<a href=\"https:\/\/www.bfv.cloud\/ajedrezeuropa\/wp-content\/uploads\/2014\/11\/image-1-1.jpg\" style=\"margin-left: 1em;margin-right: 1em\"><img loading=\"lazy\" decoding=\"async\" border=\"0\" src=\"https:\/\/www.bfv.cloud\/ajedrezeuropa\/wp-content\/uploads\/2014\/11\/image-1-1.jpg\" height=\"281\" width=\"640\" \/><\/a><\/div>\n<p><\/p>\n<div class=\"separator\" style=\"clear: both;text-align: center\">\n<a href=\"https:\/\/www.bfv.cloud\/ajedrezeuropa\/wp-content\/uploads\/2014\/11\/image-2-1.jpg\" style=\"margin-left: 1em;margin-right: 1em\"><img loading=\"lazy\" decoding=\"async\" border=\"0\" src=\"https:\/\/www.bfv.cloud\/ajedrezeuropa\/wp-content\/uploads\/2014\/11\/image-2-1.jpg\" height=\"206\" width=\"640\" \/><\/a><\/div>\n<div class=\"MsoTitle\">\n<\/div>\n<h3 style=\"text-align: left\">\n<i><span style=\"font-size: 12.0pt\"><span style=\"font-family: Trebuchet MS, sans-serif\"><u>EL CAMPEONATO DE PROMOCI\u00d3N POR EQUIPOS<\/u><\/span><\/span><\/i><\/h3>\n<table align=\"center\" cellpadding=\"0\" cellspacing=\"0\" class=\"tr-caption-container\" style=\"margin-left: auto;margin-right: auto;text-align: center\">\n<tbody>\n<tr>\n<td style=\"text-align: center\"><a href=\"https:\/\/www.bfv.cloud\/ajedrezeuropa\/wp-content\/uploads\/2014\/11\/SAM_1214.jpg\" style=\"margin-left: auto;margin-right: auto\"><img loading=\"lazy\" decoding=\"async\" border=\"0\" src=\"https:\/\/www.bfv.cloud\/ajedrezeuropa\/wp-content\/uploads\/2014\/11\/SAM_1214.jpg\" height=\"398\" width=\"640\" \/><\/a><\/td>\n<\/tr>\n<tr>\n<td class=\"tr-caption\" style=\"text-align: center\">La verdadera promoci\u00f3n deportiva se hace creyendo en ella.<br \/>\n&nbsp;En la foto los ni\u00f1os y ni\u00f1as de \u00abNUESTRO AJEDREZ POR LA IGUALDAD &#8211; C\u00bb<\/td>\n<\/tr>\n<\/tbody>\n<\/table>\n<table cellpadding=\"0\" cellspacing=\"0\" class=\"tr-caption-container\" style=\"float: right;text-align: left\">\n<tbody>\n<tr>\n<td style=\"text-align: center\"><a href=\"https:\/\/www.bfv.cloud\/ajedrezeuropa\/wp-content\/uploads\/2014\/11\/SAM_1216.jpg\" style=\"clear: left;margin-bottom: 1em;margin-left: auto;margin-right: auto\"><img loading=\"lazy\" decoding=\"async\" border=\"0\" src=\"https:\/\/www.bfv.cloud\/ajedrezeuropa\/wp-content\/uploads\/2014\/11\/SAM_1216.jpg\" height=\"257\" width=\"400\" \/><\/a><\/td>\n<\/tr>\n<tr>\n<td class=\"tr-caption\" style=\"text-align: center\">Otro joven equipo, \u00abNUESTRO AJEDREZ EN EUROPA &#8211; C\u00bb, colidera<br \/>\nel Campeonato de Promoci\u00f3n de Toledo tras 2 victorias.<br \/>\nLa foto pertenece a la 1\u00aa ronda donde vencieron por un rotundo 4-0<\/td>\n<\/tr>\n<\/tbody>\n<\/table>\n<div class=\"MsoTitle\">\n<span style=\"font-size: 12pt\"><span style=\"color: #990000\"><b><span style=\"font-family: Trebuchet MS, sans-serif\">El pasado domingo tambi\u00e9n comenzaba<br \/>\nel Campeonato de Promoci\u00f3n Deportiva por Equipos de Toledo. Las 2 rondas<br \/>\njugadas por \u201cNuestro Ajedrez en Europa &#8211; C\u201d y \u201cNuestro Ajedrez por la Igualdad<br \/>\n&#8211; C\u201d les han permitido competir con ni\u00f1os y adultos de otras escuelas y clubes<br \/>\nde la provincia, obteniendo 2 victorias los primeros que los sit\u00faa en cabeza de<br \/>\nla clasificaci\u00f3n provisional con 4 puntos, empatados con otros 2 equipos.<br \/>\nEntretanto la \u201cIgualdad C\u201d sumaba un empate y una derrota en sus 2 encuentros.<br \/>\nSeg\u00fan est\u00e1 planteado este torneo, el verdadero valor de lo que sucede en la<br \/>\nsala de juego se consigue cuando se \u201caprende jugando\u201d y cuando se crea afici\u00f3n.<br \/>\nResulta interesante comprobar como la afici\u00f3n de los ni\u00f1os y ni\u00f1as de menor<br \/>\nedad ha calado en algunos de sus padres, que se animan a participar sin ning\u00fan<br \/>\ncomplejo, aunque muchas veces son los peque\u00f1os ajedrecistas los que demuestran<br \/>\nque en el deporte de la mente la diferencia de tama\u00f1o o de edad es del todo<br \/>\nirrelevante.<\/span><\/b><\/span><\/span><\/div>\n<div class=\"MsoTitle\">\n<span style=\"font-size: 12pt\"><span style=\"color: #990000;font-family: Trebuchet MS, sans-serif\"><b>La clasificaci\u00f3n despu\u00e9s de 2 rondas y los emparejamientos de la 3\u00aa son:<\/b><\/span><\/span><\/div>\n<div class=\"MsoTitle\">\n<span style=\"font-size: 12pt\"><span style=\"font-family: Trebuchet MS, sans-serif\"><br \/><\/span><\/span><\/div>\n<div class=\"separator\" style=\"clear: both;text-align: center\">\n<a href=\"https:\/\/www.bfv.cloud\/ajedrezeuropa\/wp-content\/uploads\/2014\/11\/image-3.jpg\" style=\"margin-left: 1em;margin-right: 1em\"><img loading=\"lazy\" decoding=\"async\" border=\"0\" src=\"https:\/\/www.bfv.cloud\/ajedrezeuropa\/wp-content\/uploads\/2014\/11\/image-3.jpg\" height=\"332\" width=\"640\" \/><\/a><\/div>\n<p><\/p>\n<div class=\"separator\" style=\"clear: both;text-align: center\">\n<a href=\"https:\/\/www.bfv.cloud\/ajedrezeuropa\/wp-content\/uploads\/2014\/11\/image-4.jpg\" style=\"margin-left: 1em;margin-right: 1em\"><img loading=\"lazy\" decoding=\"async\" border=\"0\" src=\"https:\/\/www.bfv.cloud\/ajedrezeuropa\/wp-content\/uploads\/2014\/11\/image-4.jpg\" height=\"178\" width=\"640\" \/><\/a><\/div>\n<div class=\"MsoTitle\">\n<span style=\"font-size: 12pt\"><span style=\"font-family: Trebuchet MS, sans-serif\"><br \/><\/span><\/span><\/div>\n<\/div>\n<div class=\"separator\" style=\"clear: both;text-align: center\">\n<\/div>\n","protected":false},"excerpt":{"rendered":"<p>\u00abNUESTRO AJEDREZ EN EUROPA &#8211; A\u00bb: l\u00edderes absolutos de la 1\u00aa divisi\u00f3n toledana &nbsp;L\u00cdDER EN SOLITARIO DESPU\u00c9S DE 4 RONDAS \u00abNUESTRO AJEDREZ EN EUROPA &#8211; B\u00bb: Un joven equipo con un gran futuro El equipo de \u201cNUESTRO AJEDREZ EN EUROPA \u2013 A\u201d encabeza la clasificaci\u00f3n provisional del Campeonato Provincial por Equipos de 1\u00aa Divisi\u00f3n de [&hellip;]<\/p>\n","protected":false},"author":1,"featured_media":2269,"comment_status":"open","ping_status":"closed","sticky":false,"template":"","format":"standard","meta":{"footnotes":""},"categories":[1],"tags":[],"class_list":["post-2268","post","type-post","status-publish","format-standard","has-post-thumbnail","hentry","category-noticias"],"_links":{"self":[{"href":"https:\/\/www.bfv.cloud\/ajedrezeuropa\/wp-json\/wp\/v2\/posts\/2268","targetHints":{"allow":["GET"]}}],"collection":[{"href":"https:\/\/www.bfv.cloud\/ajedrezeuropa\/wp-json\/wp\/v2\/posts"}],"about":[{"href":"https:\/\/www.bfv.cloud\/ajedrezeuropa\/wp-json\/wp\/v2\/types\/post"}],"author":[{"embeddable":true,"href":"https:\/\/www.bfv.cloud\/ajedrezeuropa\/wp-json\/wp\/v2\/users\/1"}],"replies":[{"embeddable":true,"href":"https:\/\/www.bfv.cloud\/ajedrezeuropa\/wp-json\/wp\/v2\/comments?post=2268"}],"version-history":[{"count":1,"href":"https:\/\/www.bfv.cloud\/ajedrezeuropa\/wp-json\/wp\/v2\/posts\/2268\/revisions"}],"predecessor-version":[{"id":2278,"href":"https:\/\/www.bfv.cloud\/ajedrezeuropa\/wp-json\/wp\/v2\/posts\/2268\/revisions\/2278"}],"wp:featuredmedia":[{"embeddable":true,"href":"https:\/\/www.bfv.cloud\/ajedrezeuropa\/wp-json\/wp\/v2\/media\/2269"}],"wp:attachment":[{"href":"https:\/\/www.bfv.cloud\/ajedrezeuropa\/wp-json\/wp\/v2\/media?parent=2268"}],"wp:term":[{"taxonomy":"category","embeddable":true,"href":"https:\/\/www.bfv.cloud\/ajedrezeuropa\/wp-json\/wp\/v2\/categories?post=2268"},{"taxonomy":"post_tag","embeddable":true,"href":"https:\/\/www.bfv.cloud\/ajedrezeuropa\/wp-json\/wp\/v2\/tags?post=2268"}],"curies":[{"name":"wp","href":"https:\/\/api.w.org\/{rel}","templated":true}]}}