{"id":2279,"date":"2020-02-07T11:49:00","date_gmt":"2020-02-07T11:49:00","guid":{"rendered":"https:\/\/www.bfv.cloud\/ajedrezeuropa\/index.php\/2020\/02\/07\/los-campeonatos-escolares-de-ciudad-real-y-toledo-encaran-su-4a-jornada-de-competicion\/"},"modified":"2025-11-20T10:44:57","modified_gmt":"2025-11-20T10:44:57","slug":"los-campeonatos-escolares-de-ciudad-real-y-toledo-encaran-su-4a-jornada-de-competicion","status":"publish","type":"post","link":"https:\/\/www.bfv.cloud\/ajedrezeuropa\/los-campeonatos-escolares-de-ciudad-real-y-toledo-encaran-su-4a-jornada-de-competicion\/","title":{"rendered":"LOS CAMPEONATOS ESCOLARES DE CIUDAD REAL Y TOLEDO ENCARAN SU 4\u00aa JORNADA DE COMPETICI\u00d3N"},"content":{"rendered":"<table align=\"center\" cellpadding=\"0\" cellspacing=\"0\" class=\"tr-caption-container\" style=\"margin-left: auto;margin-right: auto;text-align: center\">\n<tbody>\n<tr>\n<td style=\"text-align: center\"><a href=\"https:\/\/www.bfv.cloud\/ajedrezeuropa\/wp-content\/uploads\/2020\/02\/GRUPOJUGADORES2.jpeg\" style=\"margin-left: auto;margin-right: auto\"><img fetchpriority=\"high\" decoding=\"async\" border=\"0\" data-original-height=\"817\" data-original-width=\"1083\" height=\"482\" src=\"https:\/\/blogger.googleusercontent.com\/img\/b\/R29vZ2xl\/AVvXsEi7I7G8d-2BJni42ypQJM9zSADlKCq7omZrSYpYwruCZz6Fnv_TIUMGiAd-TeiB-X4go2_WMF3MUxRCwjAQLgyG11SXkHKxQpdnqp3r7aN82FqKP0lFjzYqx5zF74mREpPjVwqbeWqcS3k\/s640\/GRUPO+JUGADORES+2.jpeg\" width=\"640\" \/><\/a><\/td>\n<\/tr>\n<tr>\n<td class=\"tr-caption\" style=\"text-align: center\">Algunos de nuestros&nbsp; jugadores en la competici\u00f3n escolar infantil de Toledo<\/td>\n<\/tr>\n<\/tbody>\n<\/table>\n<table cellpadding=\"0\" cellspacing=\"0\" class=\"tr-caption-container\" style=\"clear: left;float: left;margin-bottom: 1em;text-align: left\">\n<tbody>\n<tr>\n<td style=\"text-align: center\"><a href=\"https:\/\/www.bfv.cloud\/ajedrezeuropa\/wp-content\/uploads\/2020\/02\/OSSAMAAMJAHDI.jpg\" style=\"clear: left;margin-bottom: 1em;margin-left: auto;margin-right: auto\"><img decoding=\"async\" border=\"0\" data-original-height=\"1066\" data-original-width=\"805\" height=\"200\" src=\"https:\/\/blogger.googleusercontent.com\/img\/b\/R29vZ2xl\/AVvXsEj5wFDPRKKGYGfS74CBrgMai4yQyun0SvJKDXRVz3mQbUlWI3lEPujznAB4BsgjbdrS1I1vrxnAjMYB3ixNpaWLecOLQRFGwWv1Jv8HV3_2JlQ2fwWRZmeiuZvugi8fY3J96WbN7Z_pKc0\/s200\/OSSAMA+AMJAHDI.jpg\" width=\"150\" \/><\/a><\/td>\n<\/tr>\n<tr>\n<td class=\"tr-caption\" style=\"text-align: center\"><\/td>\n<\/tr>\n<\/tbody>\n<\/table>\n<table align=\"center\" cellpadding=\"0\" cellspacing=\"0\" class=\"tr-caption-container\" style=\"float: right;margin-left: 1em;text-align: right\">\n<tbody>\n<tr>\n<td style=\"text-align: center\"><a href=\"https:\/\/www.bfv.cloud\/ajedrezeuropa\/wp-content\/uploads\/2020\/02\/GABRIELAMADOR.jpg\" style=\"clear: left;margin-bottom: 1em;margin-left: auto;margin-right: auto\"><img decoding=\"async\" border=\"0\" data-original-height=\"1059\" data-original-width=\"1057\" height=\"200\" src=\"https:\/\/blogger.googleusercontent.com\/img\/b\/R29vZ2xl\/AVvXsEiNAgp6w5cryr2KAVFIqdCnVzER2JveQJHYXgT0DVtTF7KFXbTN2-9x3sFVrtQUMwuYax6M9yaakVA8o3jSluI8yYaLD8oJtZRu6dN8CIuZEdyKacLeJzRqF9wQ2yS_p14WgC_RjlRO2GM\/s200\/GABRIEL+AMADOR.jpg\" width=\"198\" \/><\/a><\/td>\n<\/tr>\n<tr>\n<td class=\"tr-caption\" style=\"text-align: center\"><\/td>\n<\/tr>\n<\/tbody>\n<\/table>\n<p><span style=\", sans-serif;font-size: large\"><b>Desde mediados de enero se est\u00e1n celebrando los campeonatos escolares de ajedrez en sus fases provinciales de Ciudad Real y Toledo. Las escuelas deportivas de Alc\u00e1zar de San Juan y Villafranca de los Caballeros compiten con un total de 22 jugadores entre la categor\u00eda cadete e infantil, a los que se suman 2 chicos de la escuela de ajedrez de Consuegra y un ajedrecista de categor\u00eda sub-18 en el campeonato de Toledo. En este numeroso grupo de 25 chicos y chicas cerca de la mitad afrontan su primer campeonato escolar.<\/b><\/span><\/p>\n<table align=\"center\" cellpadding=\"0\" cellspacing=\"0\" class=\"tr-caption-container\" style=\"margin-left: auto;margin-right: auto;text-align: center\">\n<tbody>\n<tr>\n<td style=\"text-align: center\"><a href=\"https:\/\/www.bfv.cloud\/ajedrezeuropa\/wp-content\/uploads\/2020\/02\/JUGADORES252BMONITORES.jpg\" style=\"margin-left: auto;margin-right: auto\"><img loading=\"lazy\" decoding=\"async\" border=\"0\" data-original-height=\"914\" data-original-width=\"1469\" height=\"394\" src=\"https:\/\/blogger.googleusercontent.com\/img\/b\/R29vZ2xl\/AVvXsEgzWt7bvPqNds0_DwtKMSSMRVoPdR-rrmdvUUGOEukUQTolfw-n2IQ8SqZRZzcNfBmmwov9MzehpwBea_Kh1TwbjoAmwQEHJ5UAMjeZ1-qqIRoCuN7iLENVVyk5Aj37aFJZT4sA6rt1ju8\/s640\/JUGADORES%252BMONITORES.jpg\" width=\"640\" \/><\/a><\/td>\n<\/tr>\n<tr>\n<td class=\"tr-caption\" style=\"text-align: center\">El grupo de jugadores y monitoras del CRDEE de Ciudad Real<\/td>\n<\/tr>\n<\/tbody>\n<\/table>\n<p><span style=\", sans-serif;font-size: large\"><b>La fase provincial de Ciudad Real finaliza este pr\u00f3ximo domingo mientras que a en Toledo a\u00fan faltan 2 jornadas.<\/b><\/span><br \/>\n<span style=\", sans-serif;font-size: large\"><b>Finalizados los campeonatos informaremos de la participaci\u00f3n de todos nuestros ajedrecistas.<\/b><\/span><br \/>\n<span style=\", sans-serif;font-size: large\"><b>Gracias a Isabel, Clara, Silvia, Arse y M\u00aa Luisa por su labor durante todas estas jornadas de competici\u00f3n.<\/b><\/span><\/p>\n<div class=\"separator\" style=\"clear: both;text-align: center\">\n<\/div>\n","protected":false},"excerpt":{"rendered":"<p>Algunos de nuestros&nbsp; jugadores en la competici\u00f3n escolar infantil de Toledo Desde mediados de enero se est\u00e1n celebrando los campeonatos escolares de ajedrez en sus fases provinciales de Ciudad Real y Toledo. Las escuelas deportivas de Alc\u00e1zar de San Juan y Villafranca de los Caballeros compiten con un total de 22 jugadores entre la categor\u00eda [&hellip;]<\/p>\n","protected":false},"author":1,"featured_media":2280,"comment_status":"open","ping_status":"closed","sticky":false,"template":"","format":"standard","meta":{"footnotes":""},"categories":[1],"tags":[],"class_list":["post-2279","post","type-post","status-publish","format-standard","has-post-thumbnail","hentry","category-noticias"],"_links":{"self":[{"href":"https:\/\/www.bfv.cloud\/ajedrezeuropa\/wp-json\/wp\/v2\/posts\/2279","targetHints":{"allow":["GET"]}}],"collection":[{"href":"https:\/\/www.bfv.cloud\/ajedrezeuropa\/wp-json\/wp\/v2\/posts"}],"about":[{"href":"https:\/\/www.bfv.cloud\/ajedrezeuropa\/wp-json\/wp\/v2\/types\/post"}],"author":[{"embeddable":true,"href":"https:\/\/www.bfv.cloud\/ajedrezeuropa\/wp-json\/wp\/v2\/users\/1"}],"replies":[{"embeddable":true,"href":"https:\/\/www.bfv.cloud\/ajedrezeuropa\/wp-json\/wp\/v2\/comments?post=2279"}],"version-history":[{"count":1,"href":"https:\/\/www.bfv.cloud\/ajedrezeuropa\/wp-json\/wp\/v2\/posts\/2279\/revisions"}],"predecessor-version":[{"id":2284,"href":"https:\/\/www.bfv.cloud\/ajedrezeuropa\/wp-json\/wp\/v2\/posts\/2279\/revisions\/2284"}],"wp:featuredmedia":[{"embeddable":true,"href":"https:\/\/www.bfv.cloud\/ajedrezeuropa\/wp-json\/wp\/v2\/media\/2280"}],"wp:attachment":[{"href":"https:\/\/www.bfv.cloud\/ajedrezeuropa\/wp-json\/wp\/v2\/media?parent=2279"}],"wp:term":[{"taxonomy":"category","embeddable":true,"href":"https:\/\/www.bfv.cloud\/ajedrezeuropa\/wp-json\/wp\/v2\/categories?post=2279"},{"taxonomy":"post_tag","embeddable":true,"href":"https:\/\/www.bfv.cloud\/ajedrezeuropa\/wp-json\/wp\/v2\/tags?post=2279"}],"curies":[{"name":"wp","href":"https:\/\/api.w.org\/{rel}","templated":true}]}}