{"id":2285,"date":"2014-06-01T21:30:00","date_gmt":"2014-06-01T21:30:00","guid":{"rendered":"https:\/\/www.bfv.cloud\/ajedrezeuropa\/index.php\/2014\/06\/01\/2-titulos-de-campeones-y-un-bronce-en-el-regional-escolar\/"},"modified":"2025-11-20T10:45:00","modified_gmt":"2025-11-20T10:45:00","slug":"2-titulos-de-campeones-y-un-bronce-en-el-regional-escolar","status":"publish","type":"post","link":"https:\/\/www.bfv.cloud\/ajedrezeuropa\/2-titulos-de-campeones-y-un-bronce-en-el-regional-escolar\/","title":{"rendered":"\u00a1\u00a12 T\u00cdTULOS DE CAMPEONES Y UN BRONCE EN EL REGIONAL ESCOLAR!!"},"content":{"rendered":"<h4>\n<span style=\"font-family: Trebuchet MS, sans-serif\"><u>UN CAMPE\u00d3N CADETE Y UNA CAMPEONA INFANTIL PARA NUESTRO AJEDREZ<\/p>\n<table align=\"center\" cellpadding=\"0\" cellspacing=\"0\" class=\"tr-caption-container\" style=\"float: left;margin-right: 1em;text-align: left\">\n<tbody>\n<tr>\n<td style=\"text-align: center\"><a href=\"https:\/\/www.bfv.cloud\/ajedrezeuropa\/wp-content\/uploads\/2014\/06\/IMG-20140601-WA0010.jpg\" style=\"margin-left: auto;margin-right: auto\"><img fetchpriority=\"high\" decoding=\"async\" border=\"0\" src=\"https:\/\/www.bfv.cloud\/ajedrezeuropa\/wp-content\/uploads\/2014\/06\/IMG-20140601-WA0010.jpg\" height=\"640\" width=\"436\" \/><\/a><\/td>\n<\/tr>\n<tr>\n<td class=\"tr-caption\" style=\"text-align: center\">Irene y Javier con sus medallas de oro y Alba con la de bronce<\/td>\n<\/tr>\n<\/tbody>\n<\/table>\n<p><\/u><\/span><\/h4>\n<div>\n<span style=\"font-family: Trebuchet MS, sans-serif\">Javier Valdepe\u00f1as Octavio, en el cadete masculino, e Irene Sim\u00f3n Escalona, en el infantil femenino, se han proclamado vencedores en el Campeonato Regional del Deporte en Edad Escolar finalizado esta tarde en las Lagunas de Ruidera. Este nuevo \u00e9xito de los ajedrecistas formados en el proyecto \u00abNuestro Ajedrez en Europa\u00bb, viene acompa\u00f1ado de la medalla de bronce lograda por Alba P\u00edriz Fern\u00e1ndez en el cadete femenino. Es decir, en las 3 categor\u00edas donde han participado nuestros chicos y chicas han conseguido actuaciones m\u00e1s que sobresalientes. Adem\u00e1s, los 2 t\u00edtulos son m\u00e1s que merecidos al lograrse sin que hayan perdido ni una sola partida. De los 4 campeones regionales posibles, Nuestro Ajedrez en Europa, suma 2 y clasifica a Irene Sim\u00f3n para la final nacional que se disputar\u00e1 a finales de junio en Cantabria.<\/span><\/div>\n<table align=\"center\" cellpadding=\"0\" cellspacing=\"0\" class=\"tr-caption-container\" style=\"margin-left: auto;margin-right: auto;text-align: center\">\n<tbody>\n<tr>\n<td style=\"text-align: center\"><a href=\"https:\/\/www.bfv.cloud\/ajedrezeuropa\/wp-content\/uploads\/2014\/06\/SAM_0438.jpg\" style=\"margin-left: auto;margin-right: auto\"><img decoding=\"async\" border=\"0\" src=\"https:\/\/www.bfv.cloud\/ajedrezeuropa\/wp-content\/uploads\/2014\/06\/SAM_0438.jpg\" height=\"480\" width=\"640\" \/><\/a><\/td>\n<\/tr>\n<tr>\n<td class=\"tr-caption\" style=\"text-align: center\">Los 8 participantes de Nuestro Ajedrez en Europa, hoy en Ruidera despu\u00e9s de la \u00faltima ronda<\/td>\n<\/tr>\n<\/tbody>\n<\/table>\n<h4>\n<span style=\"font-family: Trebuchet MS, sans-serif\"><u>M\u00c1S RESULTADOS DESTACADOS EN LAS CATEGOR\u00cdAS FEMENINAS<\/u><\/span><\/h4>\n<div>\n<span style=\"font-family: 'Trebuchet MS', sans-serif\">Las otras 5 chicas clasificadas por \u00abNuestro Ajedrez en Europa\u00bb en este regional tambi\u00e9n han tenido una destacada participaci\u00f3n, con meritorios resultados que indican la notable progresi\u00f3n que tienen los alumnos de las escuelas de Alc\u00e1zar y Villafranca, sobre todo desde la puesta en marcha del proyecto conjunto. En el cadete femenino, Silvia Toribio Camu\u00f1as, ha quedado en la 4\u00aa plaza despu\u00e9s de realizar varias partidas con un juego muy completo. La categor\u00eda infantil femenina, por su parte, se completa con el 6\u00ba puesto de Isabel Marcos-Alberca Lizcano, el 7\u00ba de Marta Espinosa Gil, la 12\u00aa plaza de Julia Meza Osorio y la 14\u00aa de Mar\u00eda Oliver Ropero. Todas ellas han sumado al menos 2 puntos y han completado una actuaci\u00f3n muy positiva, a pesar de la falta de experiencia de algunas de ellas en esta competici\u00f3n.&nbsp;<\/span><\/div>\n<h4>\n<span style=\"font-family: 'Trebuchet MS', sans-serif\"><u>EL M\u00c9RITO DE UN PROYECTO COMPARTIDO<\/u><\/span><\/h4>\n<div>\n<span style=\"font-family: 'Trebuchet MS', sans-serif\">Una de las caracter\u00edsticas principales que nos distingue de otros planteamientos deportivos es el apoyo incondicional a los alumnos y jugadores de las escuelas de ajedrez de Alc\u00e1zar y Villafranca. Durante los \u00faltimos 7 a\u00f1os, hemos potenciado el trabajo con los ni\u00f1os y ni\u00f1as de menor edad para favorecer el relevo generacional en nuestros equipos sub-16, a la vez que hemos mejorado los programas de tecnificaci\u00f3n para los jugadores de mayor cualificaci\u00f3n. No es casualidad, por lo tanto, que esta planificaci\u00f3n ofrezca estos resultados tan destacados. Seguiremos buscando nuevos caminos que mejoren la preparaci\u00f3n t\u00e9cnica y humana de los j\u00f3venes y ni\u00f1os que se vinculan con nuestros clubes y escuelas, incluso con acuerdos de colaboraci\u00f3n con otros proyectos ajedrec\u00edsticos internacionales.&nbsp;<\/span><\/div>\n","protected":false},"excerpt":{"rendered":"<p>UN CAMPE\u00d3N CADETE Y UNA CAMPEONA INFANTIL PARA NUESTRO AJEDREZ Irene y Javier con sus medallas de oro y Alba con la de bronce Javier Valdepe\u00f1as Octavio, en el cadete masculino, e Irene Sim\u00f3n Escalona, en el infantil femenino, se han proclamado vencedores en el Campeonato Regional del Deporte en Edad Escolar finalizado esta tarde [&hellip;]<\/p>\n","protected":false},"author":1,"featured_media":2286,"comment_status":"open","ping_status":"closed","sticky":false,"template":"","format":"standard","meta":{"footnotes":""},"categories":[1],"tags":[],"class_list":["post-2285","post","type-post","status-publish","format-standard","has-post-thumbnail","hentry","category-noticias"],"_links":{"self":[{"href":"https:\/\/www.bfv.cloud\/ajedrezeuropa\/wp-json\/wp\/v2\/posts\/2285","targetHints":{"allow":["GET"]}}],"collection":[{"href":"https:\/\/www.bfv.cloud\/ajedrezeuropa\/wp-json\/wp\/v2\/posts"}],"about":[{"href":"https:\/\/www.bfv.cloud\/ajedrezeuropa\/wp-json\/wp\/v2\/types\/post"}],"author":[{"embeddable":true,"href":"https:\/\/www.bfv.cloud\/ajedrezeuropa\/wp-json\/wp\/v2\/users\/1"}],"replies":[{"embeddable":true,"href":"https:\/\/www.bfv.cloud\/ajedrezeuropa\/wp-json\/wp\/v2\/comments?post=2285"}],"version-history":[{"count":1,"href":"https:\/\/www.bfv.cloud\/ajedrezeuropa\/wp-json\/wp\/v2\/posts\/2285\/revisions"}],"predecessor-version":[{"id":2288,"href":"https:\/\/www.bfv.cloud\/ajedrezeuropa\/wp-json\/wp\/v2\/posts\/2285\/revisions\/2288"}],"wp:featuredmedia":[{"embeddable":true,"href":"https:\/\/www.bfv.cloud\/ajedrezeuropa\/wp-json\/wp\/v2\/media\/2286"}],"wp:attachment":[{"href":"https:\/\/www.bfv.cloud\/ajedrezeuropa\/wp-json\/wp\/v2\/media?parent=2285"}],"wp:term":[{"taxonomy":"category","embeddable":true,"href":"https:\/\/www.bfv.cloud\/ajedrezeuropa\/wp-json\/wp\/v2\/categories?post=2285"},{"taxonomy":"post_tag","embeddable":true,"href":"https:\/\/www.bfv.cloud\/ajedrezeuropa\/wp-json\/wp\/v2\/tags?post=2285"}],"curies":[{"name":"wp","href":"https:\/\/api.w.org\/{rel}","templated":true}]}}