{"id":2289,"date":"2013-12-15T22:22:00","date_gmt":"2013-12-15T22:22:00","guid":{"rendered":"https:\/\/www.bfv.cloud\/ajedrezeuropa\/index.php\/2013\/12\/15\/la-vii-gala-del-deporte-de-villafranca-premia-a-4-ajedrecistas\/"},"modified":"2025-11-20T10:45:04","modified_gmt":"2025-11-20T10:45:04","slug":"la-vii-gala-del-deporte-de-villafranca-premia-a-4-ajedrecistas","status":"publish","type":"post","link":"https:\/\/www.bfv.cloud\/ajedrezeuropa\/la-vii-gala-del-deporte-de-villafranca-premia-a-4-ajedrecistas\/","title":{"rendered":"LA VII GALA DEL DEPORTE DE VILLAFRANCA PREMIA A 4 AJEDRECISTAS"},"content":{"rendered":"<div class=\"separator\" style=\"clear: both;text-align: center\">\n<a href=\"https:\/\/www.bfv.cloud\/ajedrezeuropa\/wp-content\/uploads\/2013\/12\/PRESENTACION.jpg\" style=\"clear: right;float: right;margin-bottom: 1em;margin-left: 1em\"><img fetchpriority=\"high\" decoding=\"async\" border=\"0\" src=\"https:\/\/www.bfv.cloud\/ajedrezeuropa\/wp-content\/uploads\/2013\/12\/PRESENTACION.jpg\" height=\"300\" width=\"400\" \/><\/a><\/div>\n<p><span style=\"font-family: Georgia, Times New Roman, serif\">La s\u00e9ptima edici\u00f3n de la Gala del Deporte de Villafranca ha premiado a 4 de los jugadores del club Nuestro Ajedrez por la Igualdad. Las chicas Maria Oliver e Isabel Marcos-Alberca, recibieron su galard\u00f3n de manos del alcalde, Andr\u00e9s Beldad, como reconocimiento al esfuerzo que est\u00e1n realizando afrontando su participaci\u00f3n en varios importantes torneos y campeonatos. Mientras que el jugador y monitor, Carlos Romo, fue distinguido por su compromiso con el proyecto. Por \u00faltimo, a Jos\u00e9 M\u00aa Redondo, se le ha otorgado el premio por su larga labor en beneficio del ajedrez nacional y castellano-manchego, como recordar\u00e9is Jos\u00e9 Mar\u00eda se ha vinculado como jugador del club de la \u00abIgualdad\u00bb esta temporada.<\/span><br \/>\n<span style=\"font-family: Georgia, Times New Roman, serif\"><br \/><\/span><\/p>\n<div class=\"separator\" style=\"clear: both;text-align: center\">\n<span style=\"font-family: Georgia, Times New Roman, serif\"><a href=\"https:\/\/www.bfv.cloud\/ajedrezeuropa\/wp-content\/uploads\/2013\/12\/IMG-20131215-WA0004.jpg\" style=\"clear: left;float: left;margin-bottom: 1em;margin-right: 1em\"><img decoding=\"async\" border=\"0\" src=\"https:\/\/www.bfv.cloud\/ajedrezeuropa\/wp-content\/uploads\/2013\/12\/IMG-20131215-WA0004.jpg\" height=\"240\" width=\"320\" \/><\/a><\/span><\/div>\n<p><\/p>\n<table cellpadding=\"0\" cellspacing=\"0\" class=\"tr-caption-container\" style=\"float: right;margin-left: 1em;text-align: right\">\n<tbody>\n<tr>\n<td style=\"text-align: center\"><a href=\"https:\/\/www.bfv.cloud\/ajedrezeuropa\/wp-content\/uploads\/2013\/12\/IMG-20131215-WA0001.jpg\" style=\"clear: right;margin-bottom: 1em;margin-left: auto;margin-right: auto\"><img decoding=\"async\" border=\"0\" src=\"https:\/\/www.bfv.cloud\/ajedrezeuropa\/wp-content\/uploads\/2013\/12\/IMG-20131215-WA0001.jpg\" height=\"150\" width=\"200\" \/><\/a><\/td>\n<\/tr>\n<tr>\n<td class=\"tr-caption\" style=\"text-align: center\">Isabel y Mar\u00eda tras recoger los trofeos del premio<\/td>\n<\/tr>\n<\/tbody>\n<\/table>\n<p><\/p>\n","protected":false},"excerpt":{"rendered":"<p>La s\u00e9ptima edici\u00f3n de la Gala del Deporte de Villafranca ha premiado a 4 de los jugadores del club Nuestro Ajedrez por la Igualdad. Las chicas Maria Oliver e Isabel Marcos-Alberca, recibieron su galard\u00f3n de manos del alcalde, Andr\u00e9s Beldad, como reconocimiento al esfuerzo que est\u00e1n realizando afrontando su participaci\u00f3n en varios importantes torneos y [&hellip;]<\/p>\n","protected":false},"author":1,"featured_media":2290,"comment_status":"open","ping_status":"closed","sticky":false,"template":"","format":"standard","meta":{"footnotes":""},"categories":[1],"tags":[],"class_list":["post-2289","post","type-post","status-publish","format-standard","has-post-thumbnail","hentry","category-noticias"],"_links":{"self":[{"href":"https:\/\/www.bfv.cloud\/ajedrezeuropa\/wp-json\/wp\/v2\/posts\/2289","targetHints":{"allow":["GET"]}}],"collection":[{"href":"https:\/\/www.bfv.cloud\/ajedrezeuropa\/wp-json\/wp\/v2\/posts"}],"about":[{"href":"https:\/\/www.bfv.cloud\/ajedrezeuropa\/wp-json\/wp\/v2\/types\/post"}],"author":[{"embeddable":true,"href":"https:\/\/www.bfv.cloud\/ajedrezeuropa\/wp-json\/wp\/v2\/users\/1"}],"replies":[{"embeddable":true,"href":"https:\/\/www.bfv.cloud\/ajedrezeuropa\/wp-json\/wp\/v2\/comments?post=2289"}],"version-history":[{"count":1,"href":"https:\/\/www.bfv.cloud\/ajedrezeuropa\/wp-json\/wp\/v2\/posts\/2289\/revisions"}],"predecessor-version":[{"id":2293,"href":"https:\/\/www.bfv.cloud\/ajedrezeuropa\/wp-json\/wp\/v2\/posts\/2289\/revisions\/2293"}],"wp:featuredmedia":[{"embeddable":true,"href":"https:\/\/www.bfv.cloud\/ajedrezeuropa\/wp-json\/wp\/v2\/media\/2290"}],"wp:attachment":[{"href":"https:\/\/www.bfv.cloud\/ajedrezeuropa\/wp-json\/wp\/v2\/media?parent=2289"}],"wp:term":[{"taxonomy":"category","embeddable":true,"href":"https:\/\/www.bfv.cloud\/ajedrezeuropa\/wp-json\/wp\/v2\/categories?post=2289"},{"taxonomy":"post_tag","embeddable":true,"href":"https:\/\/www.bfv.cloud\/ajedrezeuropa\/wp-json\/wp\/v2\/tags?post=2289"}],"curies":[{"name":"wp","href":"https:\/\/api.w.org\/{rel}","templated":true}]}}