{"id":229,"date":"2010-12-17T17:12:00","date_gmt":"2010-12-17T17:12:00","guid":{"rendered":"https:\/\/www.bfv.cloud\/ajedrezeuropa\/index.php\/2010\/12\/17\/vii-torneo-ajedrez-por-la-igualdad-y-iii-concentracion-de-navidad-nuestro-ajedrez-en-europa\/"},"modified":"2025-11-20T10:14:54","modified_gmt":"2025-11-20T10:14:54","slug":"vii-torneo-ajedrez-por-la-igualdad-y-iii-concentracion-de-navidad-nuestro-ajedrez-en-europa","status":"publish","type":"post","link":"https:\/\/www.bfv.cloud\/ajedrezeuropa\/vii-torneo-ajedrez-por-la-igualdad-y-iii-concentracion-de-navidad-nuestro-ajedrez-en-europa\/","title":{"rendered":"\u00abVII TORNEO AJEDREZ POR LA IGUALDAD\u00bb Y \u00abIII CONCENTRACI\u00d3N DE NAVIDAD NUESTRO AJEDREZ EN EUROPA\u00bb"},"content":{"rendered":"<p>\ufeff\ufeff <\/p>\n<table cellpadding=\"0\" cellspacing=\"0\" class=\"tr-caption-container\" style=\"margin-left: auto;margin-right: auto;text-align: center\">\n<tbody>\n<tr>\n<td style=\"text-align: center\"><a href=\"https:\/\/www.bfv.cloud\/ajedrezeuropa\/wp-content\/uploads\/2010\/12\/CARTELDELTORNEODENAVIDAD.jpg\" style=\"clear: left;margin-bottom: 1em;margin-left: auto;margin-right: auto\"><img fetchpriority=\"high\" decoding=\"async\" border=\"0\" height=\"282\" src=\"https:\/\/blogger.googleusercontent.com\/img\/b\/R29vZ2xl\/AVvXsEgLV2xUw0-OnSGamWRwzLup-UUXvlj_luaL2aJKqSRzp98879tgu-nlUXXgLyGZcgJqOrJBbTZQDE2ZAjqixjDHJzf4OB4hhyphenhyphenU-PFXTpNjYtoPPVcHl9PxC6GZXqX73ycP9YV2rXk27rto\/s400\/CARTEL+DEL+TORNEO+DE+NAVIDAD.JPG\" width=\"400\" \/><\/a><\/td>\n<\/tr>\n<tr>\n<td class=\"tr-caption\" style=\"text-align: center\"><strong>Para inscripciones al torneo, enviar datos a: <a href=\"mailto:felix@nuestroajedrezeneuropa.com\">felix@nuestroajedrezeneuropa.com<\/a><\/strong><\/td>\n<\/tr>\n<\/tbody>\n<\/table>\n<p>\ufeff\ufeff <\/p>\n<div class=\"separator\" style=\"clear: both;text-align: center\"><a href=\"https:\/\/www.bfv.cloud\/ajedrezeuropa\/wp-content\/uploads\/2010\/12\/CARTELDELTORNEODENAVIDAD.jpg\" style=\"clear: left;float: left;margin-bottom: 1em;margin-right: 1em\"><\/a><\/div>\n<div style=\"text-align: center\">\n<div style=\"border-bottom: medium none;border-left: medium none;border-right: medium none;border-top: medium none\"><strong><span style=\", sans-serif\">Siguiendo con la tradici\u00f3n navide\u00f1a de&nbsp;nuestro proyecto, el domingo 26 de diciembre a partir de las 10 de la ma\u00f1ana, celebraremos el \u00abVII TROFEO DE NAVIDAD AJEDREZ POR LA IGUALDAD\u00bb desarrollado entre las actividades programadas&nbsp; dentro de la <\/span><\/strong><\/div>\n<\/div>\n<div style=\"text-align: center\">\n<div class=\"separator\" style=\"border-bottom: medium none;border-left: medium none;border-right: medium none;border-top: medium none;clear: both;text-align: center\"><a href=\"https:\/\/www.bfv.cloud\/ajedrezeuropa\/wp-content\/uploads\/2010\/12\/CARTELCONCENTRACIAN.jpg\" style=\"clear: right;float: right;margin-bottom: 1em;margin-left: 1em\"><img decoding=\"async\" border=\"0\" height=\"400\" src=\"https:\/\/www.bfv.cloud\/ajedrezeuropa\/wp-content\/uploads\/2010\/12\/CARTELCONCENTRACI25C32593N.jpg\" width=\"282\" \/><\/a><\/div>\n<div style=\"border-bottom: medium none;border-left: medium none;border-right: medium none;border-top: medium none\"><strong><span style=\", sans-serif\">\u00abIII CONCENTRACI\u00d3N DE NAVIDAD NUESTRO AJEDREZ EN EUROPA\u00bb, prevista para el lunes 27 y el martes 28, contando con la presencia del gran maestro conquense Herminio Herr\u00e1iz y de la preparadora de ni\u00f1as albacete\u00f1a Ana Isabel Gonz\u00e1lez. Debido al notable aumento de ni\u00f1os y ni\u00f1as en los grupos de iniciaci\u00f3n de las escuelas de Alc\u00e1zar y Villafranca, est\u00e1n programadas las incorporaciones de m\u00e1s profesores para estos niveles de aprendizaje. Ser\u00e1 la primera actividad que celebraremos despu\u00e9s de la firma del convenio con el CLUB DE AJEDREZ LINEX-MAGIC EXTREMADURA y esperamos la incorporaci\u00f3n de algunos de sus j\u00f3venes jugadores a esta concentraci\u00f3n. <\/span><\/strong><\/div>\n<\/div>\n<div style=\"text-align: center\"><strong><span style=\"font-family: Trebuchet MS\">Tambi\u00e9n se realizar\u00e1&nbsp;el reparto&nbsp;de las nuevas equipaciones de invierno de nuestros 2 clubes coincidiendo con la entrega de premios del torneo.<\/span><\/strong><\/div>\n<div style=\"text-align: center\">\n<div style=\"border-bottom: medium none;border-left: medium none;border-right: medium none;border-top: medium none\">\ufeff<\/div>\n<\/div>\n","protected":false},"excerpt":{"rendered":"<p>\ufeff\ufeff Para inscripciones al torneo, enviar datos a: felix@nuestroajedrezeneuropa.com \ufeff\ufeff Siguiendo con la tradici\u00f3n navide\u00f1a de&nbsp;nuestro proyecto, el domingo 26 de diciembre a partir de las 10 de la ma\u00f1ana, celebraremos el \u00abVII TROFEO DE NAVIDAD AJEDREZ POR LA IGUALDAD\u00bb desarrollado entre las actividades programadas&nbsp; dentro de la \u00abIII CONCENTRACI\u00d3N DE NAVIDAD NUESTRO AJEDREZ EN [&hellip;]<\/p>\n","protected":false},"author":1,"featured_media":230,"comment_status":"open","ping_status":"closed","sticky":false,"template":"","format":"standard","meta":{"footnotes":""},"categories":[1],"tags":[],"class_list":["post-229","post","type-post","status-publish","format-standard","has-post-thumbnail","hentry","category-noticias"],"_links":{"self":[{"href":"https:\/\/www.bfv.cloud\/ajedrezeuropa\/wp-json\/wp\/v2\/posts\/229","targetHints":{"allow":["GET"]}}],"collection":[{"href":"https:\/\/www.bfv.cloud\/ajedrezeuropa\/wp-json\/wp\/v2\/posts"}],"about":[{"href":"https:\/\/www.bfv.cloud\/ajedrezeuropa\/wp-json\/wp\/v2\/types\/post"}],"author":[{"embeddable":true,"href":"https:\/\/www.bfv.cloud\/ajedrezeuropa\/wp-json\/wp\/v2\/users\/1"}],"replies":[{"embeddable":true,"href":"https:\/\/www.bfv.cloud\/ajedrezeuropa\/wp-json\/wp\/v2\/comments?post=229"}],"version-history":[{"count":1,"href":"https:\/\/www.bfv.cloud\/ajedrezeuropa\/wp-json\/wp\/v2\/posts\/229\/revisions"}],"predecessor-version":[{"id":233,"href":"https:\/\/www.bfv.cloud\/ajedrezeuropa\/wp-json\/wp\/v2\/posts\/229\/revisions\/233"}],"wp:featuredmedia":[{"embeddable":true,"href":"https:\/\/www.bfv.cloud\/ajedrezeuropa\/wp-json\/wp\/v2\/media\/230"}],"wp:attachment":[{"href":"https:\/\/www.bfv.cloud\/ajedrezeuropa\/wp-json\/wp\/v2\/media?parent=229"}],"wp:term":[{"taxonomy":"category","embeddable":true,"href":"https:\/\/www.bfv.cloud\/ajedrezeuropa\/wp-json\/wp\/v2\/categories?post=229"},{"taxonomy":"post_tag","embeddable":true,"href":"https:\/\/www.bfv.cloud\/ajedrezeuropa\/wp-json\/wp\/v2\/tags?post=229"}],"curies":[{"name":"wp","href":"https:\/\/api.w.org\/{rel}","templated":true}]}}