{"id":2297,"date":"2012-09-19T22:04:00","date_gmt":"2012-09-19T22:04:00","guid":{"rendered":"https:\/\/www.bfv.cloud\/ajedrezeuropa\/index.php\/2012\/09\/19\/apertura-de-la-temporada-2012-2013-en-las-escuelas-de-alcazar-y-villafranca\/"},"modified":"2025-11-20T10:45:07","modified_gmt":"2025-11-20T10:45:07","slug":"apertura-de-la-temporada-2012-2013-en-las-escuelas-de-alcazar-y-villafranca","status":"publish","type":"post","link":"https:\/\/www.bfv.cloud\/ajedrezeuropa\/apertura-de-la-temporada-2012-2013-en-las-escuelas-de-alcazar-y-villafranca\/","title":{"rendered":"APERTURA DE LA TEMPORADA 2012\/2013 EN LAS ESCUELAS DE ALC\u00c1ZAR Y VILLAFRANCA"},"content":{"rendered":"<div class=\"separator\" style=\"clear: both;text-align: center\"><a href=\"https:\/\/www.bfv.cloud\/ajedrezeuropa\/wp-content\/uploads\/2012\/09\/cartelinformativosobreelcomienzodelasclases.jpg\" style=\"clear: left;float: left;margin-bottom: 1em;margin-right: 1em\"><img fetchpriority=\"high\" decoding=\"async\" border=\"0\" height=\"320\" src=\"https:\/\/blogger.googleusercontent.com\/img\/b\/R29vZ2xl\/AVvXsEi9-_bd5UUDwBul7auST81f8FF-KgI1_nt0TCve9I7TynfmAodXglbD_YNuvGQG3j1PyM2AN6xH0Eny4YC8JiGnJVtIX54H1i27ZsnuroZ2VWzuFBHsMNdj4eCkq50G8SDtkuTL8DQRvJ8\/s320\/cartel+informativo+sobre+el+comienzo+de+las+clases.JPG\" width=\"225\" \/><\/a><\/div>\n<p>&nbsp;<a href=\"https:\/\/www.bfv.cloud\/ajedrezeuropa\/wp-content\/uploads\/2012\/09\/CarteldelcomienzodelasclasesdeajedrezVILLAFRANCA.jpg\" style=\"margin-left: 1em;margin-right: 1em\"><img decoding=\"async\" border=\"0\" height=\"320\" src=\"https:\/\/blogger.googleusercontent.com\/img\/b\/R29vZ2xl\/AVvXsEgiGp0b3hkuorXnfxFhu0pyhQfiDXHIectI-sluypIBvjDN_ZdcpMvmWF9WisyNwUGkIpydGkXuHBXl4DYP8K84GeyKShwt9J2HmOCoZzlDE8IhOGEtw4gCGu5UaU9JZGwqYK4OKcB78zI\/s320\/Cartel+del+comienzo+de+las+clases+de+ajedrez+VILLAFRANCA.JPG\" width=\"225\" \/><\/a><\/p>\n<h3>El s\u00e1bado 29 de septiembre se inicia la temporada 2012\/2013 en las escuelas deportivas municipales de Alc\u00e1zar de San Juan y Villafranca de los Caballeros en los horarios habituales. Para el d\u00eda siguiente, domingo 30 a las 12 de la ma\u00f1ana, est\u00e1 convocada la reuni\u00f3n con los padres y madres de la escuela alcazare\u00f1a, dejando para una fecha posterior la de nuestra escuela de Villafranca. <\/h3>\n<h3>En el comienzo de una temporada que promete cambios importantes en algunas estructuras organizativas del deporte regional, nuestro proyecto seguir\u00e1 trabajando en los programas que mejor nos han funcionado y abordar\u00e1 nuevas actividades para potenciar las escuelas.<\/h3>\n","protected":false},"excerpt":{"rendered":"<p>&nbsp; El s\u00e1bado 29 de septiembre se inicia la temporada 2012\/2013 en las escuelas deportivas municipales de Alc\u00e1zar de San Juan y Villafranca de los Caballeros en los horarios habituales. Para el d\u00eda siguiente, domingo 30 a las 12 de la ma\u00f1ana, est\u00e1 convocada la reuni\u00f3n con los padres y madres de la escuela alcazare\u00f1a, [&hellip;]<\/p>\n","protected":false},"author":1,"featured_media":2298,"comment_status":"open","ping_status":"closed","sticky":false,"template":"","format":"standard","meta":{"footnotes":""},"categories":[1],"tags":[],"class_list":["post-2297","post","type-post","status-publish","format-standard","has-post-thumbnail","hentry","category-noticias"],"_links":{"self":[{"href":"https:\/\/www.bfv.cloud\/ajedrezeuropa\/wp-json\/wp\/v2\/posts\/2297","targetHints":{"allow":["GET"]}}],"collection":[{"href":"https:\/\/www.bfv.cloud\/ajedrezeuropa\/wp-json\/wp\/v2\/posts"}],"about":[{"href":"https:\/\/www.bfv.cloud\/ajedrezeuropa\/wp-json\/wp\/v2\/types\/post"}],"author":[{"embeddable":true,"href":"https:\/\/www.bfv.cloud\/ajedrezeuropa\/wp-json\/wp\/v2\/users\/1"}],"replies":[{"embeddable":true,"href":"https:\/\/www.bfv.cloud\/ajedrezeuropa\/wp-json\/wp\/v2\/comments?post=2297"}],"version-history":[{"count":1,"href":"https:\/\/www.bfv.cloud\/ajedrezeuropa\/wp-json\/wp\/v2\/posts\/2297\/revisions"}],"predecessor-version":[{"id":2300,"href":"https:\/\/www.bfv.cloud\/ajedrezeuropa\/wp-json\/wp\/v2\/posts\/2297\/revisions\/2300"}],"wp:featuredmedia":[{"embeddable":true,"href":"https:\/\/www.bfv.cloud\/ajedrezeuropa\/wp-json\/wp\/v2\/media\/2298"}],"wp:attachment":[{"href":"https:\/\/www.bfv.cloud\/ajedrezeuropa\/wp-json\/wp\/v2\/media?parent=2297"}],"wp:term":[{"taxonomy":"category","embeddable":true,"href":"https:\/\/www.bfv.cloud\/ajedrezeuropa\/wp-json\/wp\/v2\/categories?post=2297"},{"taxonomy":"post_tag","embeddable":true,"href":"https:\/\/www.bfv.cloud\/ajedrezeuropa\/wp-json\/wp\/v2\/tags?post=2297"}],"curies":[{"name":"wp","href":"https:\/\/api.w.org\/{rel}","templated":true}]}}