{"id":2301,"date":"2009-07-29T17:46:00","date_gmt":"2009-07-29T17:46:00","guid":{"rendered":"https:\/\/www.bfv.cloud\/ajedrezeuropa\/index.php\/2009\/07\/29\/presentacion-del-ii-campus-de-perfeccionamiento\/"},"modified":"2025-11-20T10:45:08","modified_gmt":"2025-11-20T10:45:08","slug":"presentacion-del-ii-campus-de-perfeccionamiento","status":"publish","type":"post","link":"https:\/\/www.bfv.cloud\/ajedrezeuropa\/presentacion-del-ii-campus-de-perfeccionamiento\/","title":{"rendered":"PRESENTACI\u00d3N DEL II CAMPUS DE PERFECCIONAMIENTO"},"content":{"rendered":"<p><a href=\"https:\/\/blogger.googleusercontent.com\/img\/b\/R29vZ2xl\/AVvXsEi3BBzJT8QGKgW0seGf6jnI5Y9dJ1OGxAN_IScD2txMV8akdDZYSd-gqCT_BhzBex4V5Dq4bbhUaA74GTLosqeKl7XxWsLHUoXBJp9GgkOp47Y6MYslw-WbXxopCUGVLIS2HNNL1XRXhhk\/s1600-h\/IMG_0758%5B1%5D\"><img decoding=\"async\" id=\"BLOGGER_PHOTO_ID_5363940522351041186\" border=\"0\" alt=\"\" src=\"https:\/\/blogger.googleusercontent.com\/img\/b\/R29vZ2xl\/AVvXsEi3BBzJT8QGKgW0seGf6jnI5Y9dJ1OGxAN_IScD2txMV8akdDZYSd-gqCT_BhzBex4V5Dq4bbhUaA74GTLosqeKl7XxWsLHUoXBJp9GgkOp47Y6MYslw-WbXxopCUGVLIS2HNNL1XRXhhk\/s320\/IMG_0758%5B1%5D\" \/><\/a><\/p>\n<div align=\"justify\">El pasado 22 de junio se inauguraba en Alc\u00e1zar de San Juan el \u00bb II CAMPUS DE PERFECCIONAMIENTO\u00bb de ajedrez, al que asistieron el viceconsejero de educaci\u00f3n Pedro Pablo Novillo, el alcalde de Alc\u00e1zar de San Ju\u00e1n, Jos\u00e9 Fernando S\u00e1nchez B\u00f3dalo y el alcalde de Villafranca de los Caballeros, Antonio Gal\u00e1n Manrique.<\/div>\n","protected":false},"excerpt":{"rendered":"<p>El pasado 22 de junio se inauguraba en Alc\u00e1zar de San Juan el \u00bb II CAMPUS DE PERFECCIONAMIENTO\u00bb de ajedrez, al que asistieron el viceconsejero de educaci\u00f3n Pedro Pablo Novillo, el alcalde de Alc\u00e1zar de San Ju\u00e1n, Jos\u00e9 Fernando S\u00e1nchez B\u00f3dalo y el alcalde de Villafranca de los Caballeros, Antonio Gal\u00e1n Manrique.<\/p>\n","protected":false},"author":1,"featured_media":0,"comment_status":"open","ping_status":"closed","sticky":false,"template":"","format":"standard","meta":{"footnotes":""},"categories":[1],"tags":[],"class_list":["post-2301","post","type-post","status-publish","format-standard","hentry","category-noticias"],"_links":{"self":[{"href":"https:\/\/www.bfv.cloud\/ajedrezeuropa\/wp-json\/wp\/v2\/posts\/2301","targetHints":{"allow":["GET"]}}],"collection":[{"href":"https:\/\/www.bfv.cloud\/ajedrezeuropa\/wp-json\/wp\/v2\/posts"}],"about":[{"href":"https:\/\/www.bfv.cloud\/ajedrezeuropa\/wp-json\/wp\/v2\/types\/post"}],"author":[{"embeddable":true,"href":"https:\/\/www.bfv.cloud\/ajedrezeuropa\/wp-json\/wp\/v2\/users\/1"}],"replies":[{"embeddable":true,"href":"https:\/\/www.bfv.cloud\/ajedrezeuropa\/wp-json\/wp\/v2\/comments?post=2301"}],"version-history":[{"count":1,"href":"https:\/\/www.bfv.cloud\/ajedrezeuropa\/wp-json\/wp\/v2\/posts\/2301\/revisions"}],"predecessor-version":[{"id":2302,"href":"https:\/\/www.bfv.cloud\/ajedrezeuropa\/wp-json\/wp\/v2\/posts\/2301\/revisions\/2302"}],"wp:attachment":[{"href":"https:\/\/www.bfv.cloud\/ajedrezeuropa\/wp-json\/wp\/v2\/media?parent=2301"}],"wp:term":[{"taxonomy":"category","embeddable":true,"href":"https:\/\/www.bfv.cloud\/ajedrezeuropa\/wp-json\/wp\/v2\/categories?post=2301"},{"taxonomy":"post_tag","embeddable":true,"href":"https:\/\/www.bfv.cloud\/ajedrezeuropa\/wp-json\/wp\/v2\/tags?post=2301"}],"curies":[{"name":"wp","href":"https:\/\/api.w.org\/{rel}","templated":true}]}}