{"id":2303,"date":"2011-02-10T07:27:00","date_gmt":"2011-02-10T07:27:00","guid":{"rendered":"https:\/\/www.bfv.cloud\/ajedrezeuropa\/index.php\/2011\/02\/10\/cronica-de-las-dos-primeras-rondas-del-escolar-de-ciudad-real-y-nominacion-en-la-vi-gala-del-deporte-de-alcazar\/"},"modified":"2025-11-20T10:45:14","modified_gmt":"2025-11-20T10:45:14","slug":"cronica-de-las-dos-primeras-rondas-del-escolar-de-ciudad-real-y-nominacion-en-la-vi-gala-del-deporte-de-alcazar","status":"publish","type":"post","link":"https:\/\/www.bfv.cloud\/ajedrezeuropa\/cronica-de-las-dos-primeras-rondas-del-escolar-de-ciudad-real-y-nominacion-en-la-vi-gala-del-deporte-de-alcazar\/","title":{"rendered":"CR\u00d3NICA DE LAS DOS PRIMERAS RONDAS DEL ESCOLAR DE CIUDAD REAL Y NOMINACI\u00d3N EN LA VI GALA DEL DEPORTE DE ALC\u00c1ZAR"},"content":{"rendered":"<p>\ufeff <\/p>\n<table cellpadding=\"0\" cellspacing=\"0\" class=\"tr-caption-container\" style=\"float: left;margin-right: 1em;text-align: left\">\n<tbody>\n<tr>\n<td style=\"border-bottom: medium none;border-left: medium none;border-right: medium none;border-top: medium none;text-align: center\"><a href=\"https:\/\/www.bfv.cloud\/ajedrezeuropa\/wp-content\/uploads\/2011\/02\/joseangelymanuel.jpg\" style=\"clear: left;margin-bottom: 1em;margin-left: auto;margin-right: auto\"><img fetchpriority=\"high\" decoding=\"async\" border=\"0\" height=\"240\" src=\"https:\/\/blogger.googleusercontent.com\/img\/b\/R29vZ2xl\/AVvXsEiQpZQN8quosZQ_yifTqKS7zFknq9skuHZy8b_ifG50XI1R6SxHhdP_s0nY4DwmrR8GrrTPcGkvscKA2WD8A46oQlTzdhqqNn-mMWw5tYIdT6ttMqU9wACfielZWABsrM-b4l9A77S5Aqk\/s320\/jose+angel+y+manuel.jpg\" width=\"320\" \/><\/a><\/td>\n<\/tr>\n<tr>\n<td class=\"tr-caption\" style=\"text-align: center\">Ronda 1, Manuel vs Jos\u00e9 \u00c1ngel<\/td>\n<\/tr>\n<\/tbody>\n<\/table>\n<p>\ufeff <\/p>\n<div style=\"border-bottom: medium none;border-left: medium none;border-right: medium none;border-top: medium none\">\ufeff\ufeff <\/p>\n<table cellpadding=\"0\" cellspacing=\"0\" class=\"tr-caption-container\" style=\"clear: right;float: right;margin-bottom: 1em;text-align: right\">\n<tbody>\n<tr>\n<td style=\"text-align: center\"><a href=\"https:\/\/www.bfv.cloud\/ajedrezeuropa\/wp-content\/uploads\/2011\/02\/samuel.jpg\" style=\"clear: right;height: 332px;margin-bottom: 1em;margin-left: auto;margin-right: auto;width: 334px\"><img decoding=\"async\" border=\"0\" height=\"391\" src=\"https:\/\/blogger.googleusercontent.com\/img\/b\/R29vZ2xl\/AVvXsEhTAAlmNdkiJ8BVI3Z9i1xffdsGiBSlaJj_M36YnWawTOlK2oWJ1C2waMtQGQWj1ZPVCkZ6RM9Cb-3jWPe9Y_Dvw4hrbZXezg3ErEaWlGyN45YmhG8ULjs2XPkLTuLBdJ_3RgYP7vDe8xU\/s400\/samuel.jpg\" width=\"400\" \/><\/a><\/td>\n<\/tr>\n<tr>\n<td class=\"tr-caption\" style=\"text-align: center\">Samuel frente al tablero<\/td>\n<\/tr>\n<\/tbody>\n<\/table>\n<p>\ufeff\ufeff\ufeff\ufeff \ufeff <\/p>\n<div style=\"border-bottom: medium none;border-left: medium none;border-right: medium none;border-top: medium none\">\ufeff\ufeff\ufeff\ufeff <span style=\", sans-serif\">Carri\u00f3n de Calatrava es de nuevo la sede del Campeonato del Deporte en Edad Escolar de Ciudad Real. Nuestra escuela de Alc\u00e1zar est\u00e1 representada por 3 jugadores en&nbsp;el cadete y 6 m\u00e1s en el infantil, de un total aproximado de 90 participantes en la suma total de las dos categor\u00edas. Empezando por el pasado d\u00eda 6, los 4 domingos de febrero servir\u00e1n para decidir la representaci\u00f3n de la provincia de Ciudad Real en la fase regional de esta competici\u00f3n. El&nbsp;domingo se disputaron las 2 rondas iniciales con sorprendentes resultados. <\/span><\/div>\n<\/div>\n<div style=\"border-bottom: medium none;border-left: medium none;border-right: medium none;border-top: medium none\"><span style=\"font-family: Trebuchet MS\"><u>Escolar Cadete:<\/u> Jos\u00e9 \u00c1ngel Vela, Manuel Lorenzo Marcos-Alberca y Mario Rubio son&nbsp;los ajedrecistas de la escuela que nos representan en esta categor\u00eda, comenzando el torneo puntuando en una de las 2 partidas disputadas. La jornada del d\u00eda 13&nbsp;es de ronda \u00fanica en el cadete y, debido a las derrotas en la 1\u00aa partida de algunos de los principales candidatos al triunfo, promete interesantes enfrentamientos y mucha emoci\u00f3n.<\/span><\/div>\n<div style=\"border-bottom: medium none;border-left: medium none;border-right: medium none;border-top: medium none\"><span style=\"font-family: Trebuchet MS\"><u>Escolar Infantil:<\/u> Despu\u00e9s de las 2 rondas celebradas&nbsp;nuestros 6 jugadores llevan la siguiente puntuaci\u00f3n: Cosimo De Giorgi, 2 puntos; Javier Valdepe\u00f1as, 2 puntos; Fernando Marcos-Alberca, 1 punto; Samuel Ortiz, 1 punto; Luis Molina, 1 punto y Alejandro de Bruguera a\u00fan no ha logrado puntuar. Para ellos habr\u00e1 2 nuevas oportunidades de jugar el pr\u00f3ximo domingo con la&nbsp;disputa de la 3\u00aa y 4\u00aa rondas.<\/span><\/div>\n<p><span style=\"font-family: Trebuchet MS\">Desde aqu\u00ed les deseamos buen juego y que disfruten del ajedrez.<\/span><\/p>\n<div style=\"text-align: center\"><strong><u>DANIEL SALAS NOMINADO EN LA VI GALA DEL DEPORTE DE ALC\u00c1ZAR<\/u><\/strong><\/div>\n<div style=\"border-bottom: medium none;border-left: medium none;border-right: medium none;border-top: medium none;text-align: center\">\n<\/div>\n<div style=\"border-bottom: medium none;border-left: medium none;border-right: medium none;border-top: medium none\">\ufeff <\/p>\n<table cellpadding=\"0\" cellspacing=\"0\" class=\"tr-caption-container\" style=\"float: right;margin-left: 1em;text-align: right\">\n<tbody>\n<tr>\n<td style=\"text-align: center\"><a href=\"https:\/\/www.bfv.cloud\/ajedrezeuropa\/wp-content\/uploads\/2011\/02\/CAMPEONATODEESPAA\u2018ACLUBS-16007.jpg\" style=\"clear: right;margin-bottom: 1em;margin-left: auto;margin-right: auto\"><img decoding=\"async\" border=\"0\" height=\"300\" src=\"https:\/\/www.bfv.cloud\/ajedrezeuropa\/wp-content\/uploads\/2011\/02\/CAMPEONATODEESPA25C32591ACLUBS-16007.jpg\" width=\"400\" \/><\/a><\/td>\n<\/tr>\n<tr>\n<td class=\"tr-caption\" style=\"text-align: center\">Daniel defendiendo el 4\u00ba tablero de nuestro club en el Campeonato de Espa\u00f1a<\/td>\n<\/tr>\n<\/tbody>\n<\/table>\n<p>\ufeff <span style=\"font-family: Trebuchet MS\">Adem\u00e1s, la escuela de Alc\u00e1zar de San Juan es noticia por la nominaci\u00f3n de uno de sus jugadores, Daniel Salas Lloret, para el premio de la VI GALA DEL DEPORTE&nbsp;DE ALC\u00c1ZAR al mejor deportista&nbsp; en edad escolar de 2010 en la celebraci\u00f3n que tendr\u00e1 lugar el pr\u00f3ximo viernes 18 de febrero en el Auditorio Municipal. Los principales m\u00e9ritos que se han valorado en esta propuesta son los excelentes resultados obtenidos en competiciones&nbsp;de \u00e1mbito nacional y regional, a saber: 9\u00ba en la fase final del Campeonato de Espa\u00f1a por Equipos&nbsp;y campe\u00f3n por&nbsp;clubes de Castilla-La Mancha, en ambos casos&nbsp;con el equipo sub-16 de \u00abNuestro Ajedrez en Europa\u00bb.&nbsp; Por eso, queremos aprovechar la ocasi\u00f3n para felicitar a Daniel y a todos sus compa\u00f1eros, que comparten el proyecto&nbsp;a trav\u00e9s del club y las escuelas desde hace a\u00f1os y son ampliamente merecedores de los premios y distinciones que las instituciones puedan concederles, no solamente en el \u00e1mbito local sino&nbsp;tambi\u00e9n en el provincial y regional.<\/span><\/div>\n<div class=\"separator\" style=\"border-bottom: medium none;border-left: medium none;border-right: medium none;border-top: medium none;clear: both;text-align: center\"><\/div>\n","protected":false},"excerpt":{"rendered":"<p>\ufeff Ronda 1, Manuel vs Jos\u00e9 \u00c1ngel \ufeff \ufeff\ufeff Samuel frente al tablero \ufeff\ufeff\ufeff\ufeff \ufeff \ufeff\ufeff\ufeff\ufeff Carri\u00f3n de Calatrava es de nuevo la sede del Campeonato del Deporte en Edad Escolar de Ciudad Real. Nuestra escuela de Alc\u00e1zar est\u00e1 representada por 3 jugadores en&nbsp;el cadete y 6 m\u00e1s en el infantil, de un total aproximado [&hellip;]<\/p>\n","protected":false},"author":1,"featured_media":2304,"comment_status":"open","ping_status":"closed","sticky":false,"template":"","format":"standard","meta":{"footnotes":""},"categories":[1],"tags":[],"class_list":["post-2303","post","type-post","status-publish","format-standard","has-post-thumbnail","hentry","category-noticias"],"_links":{"self":[{"href":"https:\/\/www.bfv.cloud\/ajedrezeuropa\/wp-json\/wp\/v2\/posts\/2303","targetHints":{"allow":["GET"]}}],"collection":[{"href":"https:\/\/www.bfv.cloud\/ajedrezeuropa\/wp-json\/wp\/v2\/posts"}],"about":[{"href":"https:\/\/www.bfv.cloud\/ajedrezeuropa\/wp-json\/wp\/v2\/types\/post"}],"author":[{"embeddable":true,"href":"https:\/\/www.bfv.cloud\/ajedrezeuropa\/wp-json\/wp\/v2\/users\/1"}],"replies":[{"embeddable":true,"href":"https:\/\/www.bfv.cloud\/ajedrezeuropa\/wp-json\/wp\/v2\/comments?post=2303"}],"version-history":[{"count":1,"href":"https:\/\/www.bfv.cloud\/ajedrezeuropa\/wp-json\/wp\/v2\/posts\/2303\/revisions"}],"predecessor-version":[{"id":2308,"href":"https:\/\/www.bfv.cloud\/ajedrezeuropa\/wp-json\/wp\/v2\/posts\/2303\/revisions\/2308"}],"wp:featuredmedia":[{"embeddable":true,"href":"https:\/\/www.bfv.cloud\/ajedrezeuropa\/wp-json\/wp\/v2\/media\/2304"}],"wp:attachment":[{"href":"https:\/\/www.bfv.cloud\/ajedrezeuropa\/wp-json\/wp\/v2\/media?parent=2303"}],"wp:term":[{"taxonomy":"category","embeddable":true,"href":"https:\/\/www.bfv.cloud\/ajedrezeuropa\/wp-json\/wp\/v2\/categories?post=2303"},{"taxonomy":"post_tag","embeddable":true,"href":"https:\/\/www.bfv.cloud\/ajedrezeuropa\/wp-json\/wp\/v2\/tags?post=2303"}],"curies":[{"name":"wp","href":"https:\/\/api.w.org\/{rel}","templated":true}]}}