{"id":2309,"date":"2014-03-04T18:55:00","date_gmt":"2014-03-04T18:55:00","guid":{"rendered":"https:\/\/www.bfv.cloud\/ajedrezeuropa\/index.php\/2014\/03\/04\/calendario-provisional-de-actividades-y-competiciones-2014\/"},"modified":"2025-11-20T10:45:15","modified_gmt":"2025-11-20T10:45:15","slug":"calendario-provisional-de-actividades-y-competiciones-2014","status":"publish","type":"post","link":"https:\/\/www.bfv.cloud\/ajedrezeuropa\/calendario-provisional-de-actividades-y-competiciones-2014\/","title":{"rendered":"CALENDARIO PROVISIONAL DE ACTIVIDADES Y COMPETICIONES 2014"},"content":{"rendered":"<div class=\"separator\" style=\"clear: both;text-align: center\">\n<a href=\"https:\/\/www.bfv.cloud\/ajedrezeuropa\/wp-content\/uploads\/2014\/03\/CALENDARIONAE.jpg\" style=\"clear: left;float: left;margin-bottom: 1em;margin-right: 1em\"><img fetchpriority=\"high\" decoding=\"async\" border=\"0\" src=\"https:\/\/www.bfv.cloud\/ajedrezeuropa\/wp-content\/uploads\/2014\/03\/CALENDARIONAE.jpg\" height=\"640\" width=\"356\" \/><\/a><\/div>\n<p><span style=\"color: #38761d;font-family: Verdana, sans-serif\"><b>Para facilitar la programaci\u00f3n de los alumnos, alumnas y padres de nuestras escuelas, as\u00ed como de los jugadores de nuestros clubes y de los maestros\/entrenadores que colaboran en las actividades formativas que realizamos, hemos decidido publicar el calendario previsto para 2014, seg\u00fan las fechas fijadas hasta el momento. Hay que tener en cuenta que faltan por programar algunos campeonatos y sedes de competiciones provinciales, regionales y nacionales. De la misma forma, no hemos rese\u00f1ado todas las semanas de juego de los campeonatos nacionales por edades que se celebrar\u00e1n en Salobre\u00f1a. En cambio, ya est\u00e1n previstas las fechas de celebraci\u00f3n de actividades propias como el campus de verano (del 28 de julio al 2 de agosto), los torneos de feria de Alc\u00e1zar (31 de agosto) y de Villafranca (14 de septiembre), y de la concentraci\u00f3n de Navidad (del 26 al 28 de diciembre). Ya en 2015, concretamente el 4 de enero, se celebrar\u00e1 el \u00abtorneo por la igualdad\u00bb.&nbsp;<\/b><\/span><\/p>\n","protected":false},"excerpt":{"rendered":"<p>Para facilitar la programaci\u00f3n de los alumnos, alumnas y padres de nuestras escuelas, as\u00ed como de los jugadores de nuestros clubes y de los maestros\/entrenadores que colaboran en las actividades formativas que realizamos, hemos decidido publicar el calendario previsto para 2014, seg\u00fan las fechas fijadas hasta el momento. Hay que tener en cuenta que faltan [&hellip;]<\/p>\n","protected":false},"author":1,"featured_media":2310,"comment_status":"open","ping_status":"closed","sticky":false,"template":"","format":"standard","meta":{"footnotes":""},"categories":[1],"tags":[],"class_list":["post-2309","post","type-post","status-publish","format-standard","has-post-thumbnail","hentry","category-noticias"],"_links":{"self":[{"href":"https:\/\/www.bfv.cloud\/ajedrezeuropa\/wp-json\/wp\/v2\/posts\/2309","targetHints":{"allow":["GET"]}}],"collection":[{"href":"https:\/\/www.bfv.cloud\/ajedrezeuropa\/wp-json\/wp\/v2\/posts"}],"about":[{"href":"https:\/\/www.bfv.cloud\/ajedrezeuropa\/wp-json\/wp\/v2\/types\/post"}],"author":[{"embeddable":true,"href":"https:\/\/www.bfv.cloud\/ajedrezeuropa\/wp-json\/wp\/v2\/users\/1"}],"replies":[{"embeddable":true,"href":"https:\/\/www.bfv.cloud\/ajedrezeuropa\/wp-json\/wp\/v2\/comments?post=2309"}],"version-history":[{"count":1,"href":"https:\/\/www.bfv.cloud\/ajedrezeuropa\/wp-json\/wp\/v2\/posts\/2309\/revisions"}],"predecessor-version":[{"id":2311,"href":"https:\/\/www.bfv.cloud\/ajedrezeuropa\/wp-json\/wp\/v2\/posts\/2309\/revisions\/2311"}],"wp:featuredmedia":[{"embeddable":true,"href":"https:\/\/www.bfv.cloud\/ajedrezeuropa\/wp-json\/wp\/v2\/media\/2310"}],"wp:attachment":[{"href":"https:\/\/www.bfv.cloud\/ajedrezeuropa\/wp-json\/wp\/v2\/media?parent=2309"}],"wp:term":[{"taxonomy":"category","embeddable":true,"href":"https:\/\/www.bfv.cloud\/ajedrezeuropa\/wp-json\/wp\/v2\/categories?post=2309"},{"taxonomy":"post_tag","embeddable":true,"href":"https:\/\/www.bfv.cloud\/ajedrezeuropa\/wp-json\/wp\/v2\/tags?post=2309"}],"curies":[{"name":"wp","href":"https:\/\/api.w.org\/{rel}","templated":true}]}}