{"id":2314,"date":"2023-11-08T09:31:00","date_gmt":"2023-11-08T09:31:00","guid":{"rendered":"https:\/\/www.bfv.cloud\/ajedrezeuropa\/index.php\/2023\/11\/08\/comienza-el-campeonato-provincial-de-toledo-por-equipos-en-1a-2a-y-3a-division\/"},"modified":"2025-11-20T10:45:22","modified_gmt":"2025-11-20T10:45:22","slug":"comienza-el-campeonato-provincial-de-toledo-por-equipos-en-1a-2a-y-3a-division","status":"publish","type":"post","link":"https:\/\/www.bfv.cloud\/ajedrezeuropa\/comienza-el-campeonato-provincial-de-toledo-por-equipos-en-1a-2a-y-3a-division\/","title":{"rendered":"COMIENZA EL CAMPEONATO PROVINCIAL DE TOLEDO POR EQUIPOS EN 1\u00aa, 2\u00aa Y 3\u00aa DIVISI\u00d3N"},"content":{"rendered":"<p>&nbsp;<\/p>\n<table align=\"center\" cellpadding=\"0\" cellspacing=\"0\" class=\"tr-caption-container\" style=\"margin-left: auto;margin-right: auto\">\n<tbody>\n<tr>\n<td style=\"text-align: center\"><a href=\"https:\/\/www.bfv.cloud\/ajedrezeuropa\/wp-content\/uploads\/2023\/11\/220EQUIPOS202C2AA20DIVISION.jpg\" style=\"margin-left: auto;margin-right: auto\"><img fetchpriority=\"high\" decoding=\"async\" border=\"0\" data-original-height=\"835\" data-original-width=\"1733\" height=\"309\" src=\"https:\/\/blogger.googleusercontent.com\/img\/b\/R29vZ2xl\/AVvXsEivosM-DUnFxV1bUzSg9iKp5bYfC_0kXnetowYAoI4-_GQ6zQkIlGxLN5pUylqV3XP0Ojkr90OLBwAQEHqD79Y-ahVj0hM_HFPerrt9nUk9zwoU3jec8lE-kdQ0LW0z5EyhxLJl47tvNx90Ux7PXKu4Hx3_AcwXt2mtOx8Kx_eJtBNxKyg51SYMwN46Aag\/w640-h309\/2%20EQUIPOS%202%C2%AA%20DIVISION.jpg\" width=\"640\" \/><\/a><\/td>\n<\/tr>\n<tr>\n<td class=\"tr-caption\" style=\"text-align: center\">Equipos del proyecto en 2\u00aa divisi\u00f3n<\/td>\n<\/tr>\n<\/tbody>\n<\/table>\n<p><\/p>\n<p><span style=\"font-family: Open Sans;font-size: large\"><b>El domingo pasado empezaba en la localidad de Bargas el Campeonato Provincial por Equipos de Toledo en las tres divisiones convocadas. El proyecto Nuestro Ajedrez en Europa presenta un total de 9 equipos, distribuidos entre las 3 categor\u00edas, con 45 ajedrecistas que van desde los 6 a\u00f1os hasta los 57. La suma de equipos en las tres divisiones es de 48, lo que viene a ser un r\u00e9cord absoluto, refrendado por un aumento significativo en el n\u00famero de clubes durante los \u00faltimos a\u00f1os.<\/b><\/span><\/p>\n<p><span style=\"font-family: Open Sans;font-size: large\"><b><i><u>La 1\u00aa divisi\u00f3n alcanza 14 equipos<\/u><\/i><\/b><\/span><\/p>\n<p><span style=\"font-family: Open Sans;font-size: large\"><b>La 1\u00aa divisi\u00f3n cuenta con 14 equipos participantes de 8 clubes distintos, recuperando a grandes jugadores que en la \u00faltima d\u00e9cada no hab\u00edan participado en las competiciones toledanas. La presencia de estos maestros, originarios de varios pueblos de la provincia, estimula la competitividad y abre un horizonte distinto a la categor\u00eda de mayor nivel, convirtiendo a este torneo en el m\u00e1s importante del calendario anual.<\/b><\/span><\/p>\n<p><span style=\"font-family: Open Sans;font-size: large\"><b>Los 3 equipos tradicionales con los que participamos est\u00e1n formados por:<\/b><\/span><\/p>\n<p><span style=\"font-family: Open Sans;font-size: large\"><b><i>Nuestro Ajedrez en Europa-A: Alonso L\u00f3pez N\u00fa\u00f1ez, Ana Isabel Gonz\u00e1lez Berruga, Jorge Sim\u00f3n Escalona, \u00c1ngel Collado Alcolado y Jos\u00e9 \u00c1ngel Vela Horcajada.<\/i><\/b><\/span><\/p>\n<p><span style=\"font-family: Open Sans;font-size: large\"><b><i>Nuestro Ajedrez por la Igualdad-A: Antonio Albo Maroto, Carlos Romo D\u00edaz-Alejo, Jaime Vila Castillo, Rub\u00e9n Escribano Alberca y Carlos Morales Rodr\u00edguez.<\/i><\/b><\/span><\/p>\n<p><span style=\"font-family: Open Sans;font-size: large\"><b><i>Nuestro Ajedrez en Europa-B: Roberto L\u00f3pez N\u00fa\u00f1ez, Oswaldo Carbayo de Gracia, Irene Sim\u00f3n Escalona, Silvia Toribio Camu\u00f1as, F\u00e9lix Toribio G\u00f3mez, \u00d3scar Ortega Olivares, Luis Arias Riveira y Santiago Linares N\u00fa\u00f1ez.<\/i><\/b><\/span><\/p>\n<\/p>\n<div class=\"separator\" style=\"clear: both;text-align: center\"><a href=\"https:\/\/www.bfv.cloud\/ajedrezeuropa\/wp-content\/uploads\/2023\/11\/320IGUALDAD20C203C2AA20DIV.jpg\" style=\"clear: right;float: right;margin-bottom: 1em;margin-left: 1em\"><img decoding=\"async\" border=\"0\" data-original-height=\"923\" data-original-width=\"2048\" height=\"287\" src=\"https:\/\/blogger.googleusercontent.com\/img\/b\/R29vZ2xl\/AVvXsEgUUKjXoHRaMOu6020CLD-IJQopc9buD39Qwmy6m6G7WJ22TTwX3JEG5pB_eylINlu8fMZ3iMFdAsDPqzTIU_RE47-b-j_ZsQ7ssD-P8UeEfPIPbjQWWsAA1M9EqYajD_HqbIlFmfipQQNXVcdY7Wus_SpH3YLhSuFJ17ZvrOPjv1EmiVSas_vGLQ-RbO8\/w640-h287\/3%20IGUALDAD%20C%203%C2%AA%20DIV.jpg\" width=\"640\" \/><\/a><\/div>\n<p><span style=\"font-family: Open Sans;font-size: large\"><b><br \/><i><br \/><\/i><\/b><br \/><\/span><\/p>\n<div class=\"separator\" style=\"clear: both;text-align: center\"><a href=\"https:\/\/www.bfv.cloud\/ajedrezeuropa\/wp-content\/uploads\/2023\/11\/220IGUALDAD20B202C2AA20DIV.jpg\" style=\"clear: left;float: left;margin-bottom: 1em;margin-right: 1em\"><img decoding=\"async\" border=\"0\" data-original-height=\"679\" data-original-width=\"2021\" height=\"221\" src=\"https:\/\/blogger.googleusercontent.com\/img\/b\/R29vZ2xl\/AVvXsEh9JZY-POxIb652r49ngtymTjXk4MHCbjG4J7GgVUThLtNGSq3qsmBwc4XQIGYxBwN58ASGkqVqOhu8yibdyHkSnLvpBKwa7FiDdA8hx-D5TsMvrhczCxOhGY1FC_U-kGzZBw2cv9jS2JybWbGIBGB-0cgkGEcbmn8yzDjZlu544m-Hb80aRKthrcjupAA\/w640-h221\/2%20IGUALDAD%20B%202%C2%AA%20DIV.jpg\" width=\"640\" \/><\/a><\/div>\n<\/p>\n<p><span style=\"font-family: Open Sans;font-size: large\"><b><i><u><br \/><\/u><\/i><\/b><\/span><\/p>\n<p><span style=\"font-family: Open Sans;font-size: large\"><b><i><u><br \/><\/u><\/i><\/b><\/span><\/p>\n<p><span style=\"font-family: Open Sans;font-size: large\"><b><i><u><br \/><\/u><\/i><\/b><\/span><\/p>\n<p><span style=\"font-family: Open Sans;font-size: large\"><b><i><u><br \/><\/u><\/i><\/b><\/span><\/p>\n<p><span style=\"font-family: Open Sans;font-size: large\"><b><i><u><br \/><\/u><\/i><\/b><\/span><\/p>\n<p><span style=\"font-family: Open Sans;font-size: large\"><b><i><u><br \/><\/u><\/i><\/b><\/span><\/p>\n<p><span style=\"font-family: Open Sans;font-size: large\"><b><i><u>En 2\u00aa divisi\u00f3n participan 20 equipos<\/u><\/i><\/b><\/span><\/p>\n<p><span style=\"font-family: Open Sans;font-size: large\"><b>Un total de 11 clubes compiten en la divisi\u00f3n de plata del ajedrez provincial, representados por 20 equipos donde se mezcla la experiencia de jugadores adultos con la juventud de muchos otros que pr\u00e1cticamente inician su camino en la competici\u00f3n federada.&nbsp;<\/b><\/span><\/p>\n<p><span style=\"font-family: Open Sans;font-size: large\"><b>Los componentes de los 3 equipos integrados en el proyecto con participaci\u00f3n en esta categor\u00eda son:<\/b><\/span><\/p>\n<p><span style=\"font-family: Open Sans;font-size: large\"><\/p>\n<table align=\"center\" cellpadding=\"0\" cellspacing=\"0\" class=\"tr-caption-container\" style=\"margin-left: auto;margin-right: auto\">\n<tbody>\n<tr>\n<td style=\"text-align: center\"><a href=\"https:\/\/www.bfv.cloud\/ajedrezeuropa\/wp-content\/uploads\/2023\/11\/320ILLESCAS20B203C2AA20DIV.jpg\" style=\"margin-left: auto;margin-right: auto\"><img loading=\"lazy\" decoding=\"async\" border=\"0\" data-original-height=\"752\" data-original-width=\"1625\" height=\"296\" src=\"https:\/\/blogger.googleusercontent.com\/img\/b\/R29vZ2xl\/AVvXsEgGicdMqPui9g0ddhwaldtUsRCi_LZJYuxU89qAB8WPS_uRy4BFcw9-d2MyNQQcqg3vifhnh7a11jxzVtE6MRdlhoHq8ONwZhAb9yzu8UfMjvu-5IxOPH2Qp0N3sAQjCGQ0ZIi_o3EsZ_zHVmarK7LXSa1a_ZBnlCLvCH7qbKGAvrIxYYqsWrDUG7JAXWc\/w640-h296\/3%20ILLESCAS%20B%203%C2%AA%20DIV.jpg\" width=\"640\" \/><\/a><\/td>\n<\/tr>\n<tr>\n<td class=\"tr-caption\" style=\"text-align: center\">El equipo del Ajedrez en la Escuela Illescas en 3\u00aa divisi\u00f3n<\/td>\n<\/tr>\n<\/tbody>\n<\/table>\n<p><b><br \/><\/b><\/span><\/p>\n<p><span style=\"font-family: Open Sans;font-size: large\"><b><i>Ajedrez en la Escuela Illescas-A: Ismael P\u00e9rez Sanz, Daniel Fern\u00e1ndez Paredes, Enrique Pascual Gonz\u00e1lez, Javier Garc\u00eda L\u00f3pez y Martina Alonso Conde.<\/i><\/b><\/span><\/p>\n<p><span style=\"font-family: Open Sans;font-size: large\"><b><i>Nuestro Ajedrez en Europa-C: \u00d3scar Ortega Olivares, Santiago Linares N\u00fa\u00f1ez, Aday Berm\u00fadez Gonz\u00e1lez, F\u00e9lix Tarilonte Camu\u00f1as, Fernando Privado Mora, Omar Benammou Yousri y \u00c1lvaro D\u00edaz del Campo Vela.<\/i><\/b><\/span><\/p>\n<p><span style=\"font-family: Open Sans;font-size: large\"><b><i>Nuestro Ajedrez por la Igualdad-B: Carlos E. Morales Rodr\u00edguez, Unai Ortega Hern\u00e1ndez, Jorge Arias Riveira, Elvira Cicuendez Quino, Manuel Casanova Vacas y Alberto Valle Gal\u00e1n.<\/i><\/b><\/span><\/p>\n<p><span style=\"font-family: Open Sans;font-size: large\"><b><\/p>\n<table align=\"center\" cellpadding=\"0\" cellspacing=\"0\" class=\"tr-caption-container\" style=\"margin-left: auto;margin-right: auto\">\n<tbody>\n<tr>\n<td style=\"text-align: center\"><a href=\"https:\/\/www.bfv.cloud\/ajedrezeuropa\/wp-content\/uploads\/2023\/11\/320EUROPA20D203C2AA20DIV202.jpg\" style=\"margin-left: auto;margin-right: auto\"><img loading=\"lazy\" decoding=\"async\" border=\"0\" data-original-height=\"684\" data-original-width=\"723\" height=\"606\" src=\"https:\/\/blogger.googleusercontent.com\/img\/b\/R29vZ2xl\/AVvXsEil9T5oTs9YqZ9VBUVPyWQrlEdXo4iGm8PCz-ZVvMFwBdW7tyXiGQvrrDiwCWk9-79jvEsKgULLjCX-tuVn-IG4IAJKq8sdo-61Lzm4stFiRv7UKThitsqBTI1iTmN4ZoyPTGqfMzmKVS98Vs750MAghiwF189vNjC5Z5WlI5NUR1KV71HF2y6M0tjHha0\/w640-h606\/3%20EUROPA%20D%203%C2%AA%20DIV%20(2).jpg\" width=\"640\" \/><\/a><\/td>\n<\/tr>\n<tr>\n<td class=\"tr-caption\" style=\"text-align: center\">Equipo de 3\u00aa divisi\u00f3n de Nuestro Ajedrez en Europa-D<\/td>\n<\/tr>\n<\/tbody>\n<\/table>\n<p><i><br \/><\/i><\/b><\/span><\/p>\n<p><span style=\"font-family: Open Sans;font-size: large\"><b><i><u>El regreso de la 3\u00aa divisi\u00f3n<\/u><\/i><\/b><\/span><\/p>\n<p><span style=\"font-family: Open Sans;font-size: large\"><b>Tras unos a\u00f1os de desaparici\u00f3n, ha regresado la 3\u00aa divisi\u00f3n enfocada a la participaci\u00f3n de j\u00f3venes ajedrecistas menores de 15 a\u00f1os con escasa presencia en torneos federados. La categor\u00eda est\u00e1 compuesta por 14 equipos pertenecientes a 9 clubes toledanos.<\/b><\/span><\/p>\n<p><span style=\"font-family: Open Sans;font-size: large\"><b>Una de las 3 formaciones encuadradas en nuestro proyecto es el equipo del club deportivo <i>Ajedrez en la Escuela Illescas<\/i> integrado por 3 chicas <i>(Martina Alonso Conde, Carla Rodr\u00edguez Garc\u00eda y Pilar Barco Navas)<\/i> y 2 chicos <i>(Iker G\u00f3mez L\u00f3pez y Carlos Loro Menchaca)<\/i>&nbsp;que comenzaron su recorrido competitivo en el Campeonato de Espa\u00f1a por Colegios de este mismo a\u00f1o en Cartagena. Los otros 2 equipos son los formados por:<\/b><\/span><\/p>\n<p><span style=\"font-family: Open Sans;font-size: large\"><b><i>Nuestro Ajedrez en Europa-D: Sergio Chocano Avil\u00e9s, Omar Benammou Yousri, Mario Ortega Olivares, \u00c1lvaro D\u00edaz del Campo y Miriam D\u00edaz del Campo.<\/i><\/b><\/span><\/p>\n<p><span style=\"font-family: Open Sans;font-size: large\"><b><i>Nuestro Ajedrez por la Igualdad-C: Elvira Cicuendez Quino, Manuel Casanova Vacas, Alberto Valle Gal\u00e1n, \u00c1ngel Puente Ram\u00edrez, V\u00edctor Verbo G\u00f3mez, Noelia Mo\u00f1ino Corrales y V\u00edctor Mo\u00f1ino Corrales<\/i><\/b><\/span><\/p>\n<p><span style=\"font-family: Open Sans;font-size: large\"><b><\/p>\n<table align=\"center\" cellpadding=\"0\" cellspacing=\"0\" class=\"tr-caption-container\" style=\"margin-left: auto;margin-right: auto\">\n<tbody>\n<tr>\n<td style=\"text-align: center\"><a href=\"https:\/\/www.bfv.cloud\/ajedrezeuropa\/wp-content\/uploads\/2023\/11\/220EUROPA20C202C2AA20DIV.jpg\" style=\"margin-left: auto;margin-right: auto\"><img loading=\"lazy\" decoding=\"async\" border=\"0\" data-original-height=\"615\" data-original-width=\"1986\" height=\"198\" src=\"https:\/\/blogger.googleusercontent.com\/img\/b\/R29vZ2xl\/AVvXsEhqyQo1SVSD9TRC-ENEJZkS_2esZdxfJDjfVUsVcULKbSOzeBscS-827RVZTa9sa26HcJoWqWPo-v2YWmItl5zBkSj-VRRidGEBGlopfM1JaYLxi4cJKTfA9JeW2ggqRxQl9ZWdsAK-GN38bH7HjZQ0OZ-8hCkH_uppGNYhP03xcpTr_IvYJHatH2Q-Zas\/w640-h198\/2%20EUROPA%20C%202%C2%AA%20DIV.jpg\" width=\"640\" \/><\/a><\/td>\n<\/tr>\n<tr>\n<td class=\"tr-caption\" style=\"text-align: center\">Nuestro Ajedrez en Europa-C en 2\u00aa divisi\u00f3n<\/td>\n<\/tr>\n<\/tbody>\n<\/table>\n<p><i><br \/><\/i><\/b><\/span><\/p>\n<p><\/p>\n","protected":false},"excerpt":{"rendered":"<p>&nbsp; Equipos del proyecto en 2\u00aa divisi\u00f3n El domingo pasado empezaba en la localidad de Bargas el Campeonato Provincial por Equipos de Toledo en las tres divisiones convocadas. El proyecto Nuestro Ajedrez en Europa presenta un total de 9 equipos, distribuidos entre las 3 categor\u00edas, con 45 ajedrecistas que van desde los 6 a\u00f1os hasta [&hellip;]<\/p>\n","protected":false},"author":1,"featured_media":2315,"comment_status":"open","ping_status":"closed","sticky":false,"template":"","format":"standard","meta":{"footnotes":""},"categories":[1],"tags":[],"class_list":["post-2314","post","type-post","status-publish","format-standard","has-post-thumbnail","hentry","category-noticias"],"_links":{"self":[{"href":"https:\/\/www.bfv.cloud\/ajedrezeuropa\/wp-json\/wp\/v2\/posts\/2314","targetHints":{"allow":["GET"]}}],"collection":[{"href":"https:\/\/www.bfv.cloud\/ajedrezeuropa\/wp-json\/wp\/v2\/posts"}],"about":[{"href":"https:\/\/www.bfv.cloud\/ajedrezeuropa\/wp-json\/wp\/v2\/types\/post"}],"author":[{"embeddable":true,"href":"https:\/\/www.bfv.cloud\/ajedrezeuropa\/wp-json\/wp\/v2\/users\/1"}],"replies":[{"embeddable":true,"href":"https:\/\/www.bfv.cloud\/ajedrezeuropa\/wp-json\/wp\/v2\/comments?post=2314"}],"version-history":[{"count":1,"href":"https:\/\/www.bfv.cloud\/ajedrezeuropa\/wp-json\/wp\/v2\/posts\/2314\/revisions"}],"predecessor-version":[{"id":2321,"href":"https:\/\/www.bfv.cloud\/ajedrezeuropa\/wp-json\/wp\/v2\/posts\/2314\/revisions\/2321"}],"wp:featuredmedia":[{"embeddable":true,"href":"https:\/\/www.bfv.cloud\/ajedrezeuropa\/wp-json\/wp\/v2\/media\/2315"}],"wp:attachment":[{"href":"https:\/\/www.bfv.cloud\/ajedrezeuropa\/wp-json\/wp\/v2\/media?parent=2314"}],"wp:term":[{"taxonomy":"category","embeddable":true,"href":"https:\/\/www.bfv.cloud\/ajedrezeuropa\/wp-json\/wp\/v2\/categories?post=2314"},{"taxonomy":"post_tag","embeddable":true,"href":"https:\/\/www.bfv.cloud\/ajedrezeuropa\/wp-json\/wp\/v2\/tags?post=2314"}],"curies":[{"name":"wp","href":"https:\/\/api.w.org\/{rel}","templated":true}]}}