{"id":2322,"date":"2013-12-15T22:42:00","date_gmt":"2013-12-15T22:42:00","guid":{"rendered":"https:\/\/www.bfv.cloud\/ajedrezeuropa\/index.php\/2013\/12\/15\/la-vi-concentracion-de-navidad-se-celebrara-del-26-al-28-de-diciembre\/"},"modified":"2025-11-20T10:45:24","modified_gmt":"2025-11-20T10:45:24","slug":"la-vi-concentracion-de-navidad-se-celebrara-del-26-al-28-de-diciembre","status":"publish","type":"post","link":"https:\/\/www.bfv.cloud\/ajedrezeuropa\/la-vi-concentracion-de-navidad-se-celebrara-del-26-al-28-de-diciembre\/","title":{"rendered":"LA VI CONCENTRACI\u00d3N DE NAVIDAD SE CELEBRAR\u00c1 DEL 26 AL 28 DE DICIEMBRE"},"content":{"rendered":"<div class=\"separator\" style=\"clear: both;text-align: center\">\n<a href=\"https:\/\/www.bfv.cloud\/ajedrezeuropa\/wp-content\/uploads\/2013\/12\/carteldeconcentracionMAFALDA.jpg\" style=\"clear: left;float: left;margin-bottom: 1em;margin-right: 1em\"><img fetchpriority=\"high\" decoding=\"async\" border=\"0\" src=\"https:\/\/www.bfv.cloud\/ajedrezeuropa\/wp-content\/uploads\/2013\/12\/carteldeconcentracionMAFALDA.jpg\" height=\"640\" width=\"452\" \/><\/a><\/div>\n<p>&nbsp;<span style=\"color: #274e13;font-family: Verdana, sans-serif\"><b>Los d\u00edas 26, 27 y 28 de diciembre volver\u00e1n a servir para celebrar una nueva edici\u00f3n de la cl\u00e1sica concentraci\u00f3n de Navidad. Es el sexto a\u00f1o consecutivo en la que esta actividad, nacida dentro del proyecto Nuestro Ajedrez en Europa\u00bb, se organiza bajo el patrocinio de los ayuntamientos de Alc\u00e1zar y Villafranca. Las estupendas instalaciones de la casa de la cultura de Villafranca ser\u00e1n, de nuevo, las que acoger\u00e1n los 5 grupos de preparaci\u00f3n y entrenamiento, con Herminio Herr\u00e1iz, Ana Isabel Gonz\u00e1lez, Carlos Romo, Luismi Monreal y F\u00e9lix Toribio como monitores.&nbsp;<\/b><\/span><br \/>\n<span style=\"color: #274e13;font-family: Verdana, sans-serif\"><b>En el tr\u00edptico que publicamos se encuentran las condiciones para la inscripci\u00f3n que comienza ma\u00f1ana lunes.<\/b><\/span><\/p>\n<div class=\"separator\" style=\"clear: both;text-align: center\">\n<a href=\"https:\/\/www.bfv.cloud\/ajedrezeuropa\/wp-content\/uploads\/2013\/12\/TRIPTICONAVIDAD2013finalinterior.jpg\" style=\"margin-left: 1em;margin-right: 1em\"><img decoding=\"async\" border=\"0\" src=\"https:\/\/www.bfv.cloud\/ajedrezeuropa\/wp-content\/uploads\/2013\/12\/TRIPTICONAVIDAD2013finalinterior.jpg\" height=\"451\" width=\"640\" \/><\/a><\/div>\n<p><\/p>\n","protected":false},"excerpt":{"rendered":"<p>&nbsp;Los d\u00edas 26, 27 y 28 de diciembre volver\u00e1n a servir para celebrar una nueva edici\u00f3n de la cl\u00e1sica concentraci\u00f3n de Navidad. Es el sexto a\u00f1o consecutivo en la que esta actividad, nacida dentro del proyecto Nuestro Ajedrez en Europa\u00bb, se organiza bajo el patrocinio de los ayuntamientos de Alc\u00e1zar y Villafranca. Las estupendas instalaciones [&hellip;]<\/p>\n","protected":false},"author":1,"featured_media":2323,"comment_status":"open","ping_status":"closed","sticky":false,"template":"","format":"standard","meta":{"footnotes":""},"categories":[1],"tags":[],"class_list":["post-2322","post","type-post","status-publish","format-standard","has-post-thumbnail","hentry","category-noticias"],"_links":{"self":[{"href":"https:\/\/www.bfv.cloud\/ajedrezeuropa\/wp-json\/wp\/v2\/posts\/2322","targetHints":{"allow":["GET"]}}],"collection":[{"href":"https:\/\/www.bfv.cloud\/ajedrezeuropa\/wp-json\/wp\/v2\/posts"}],"about":[{"href":"https:\/\/www.bfv.cloud\/ajedrezeuropa\/wp-json\/wp\/v2\/types\/post"}],"author":[{"embeddable":true,"href":"https:\/\/www.bfv.cloud\/ajedrezeuropa\/wp-json\/wp\/v2\/users\/1"}],"replies":[{"embeddable":true,"href":"https:\/\/www.bfv.cloud\/ajedrezeuropa\/wp-json\/wp\/v2\/comments?post=2322"}],"version-history":[{"count":1,"href":"https:\/\/www.bfv.cloud\/ajedrezeuropa\/wp-json\/wp\/v2\/posts\/2322\/revisions"}],"predecessor-version":[{"id":2325,"href":"https:\/\/www.bfv.cloud\/ajedrezeuropa\/wp-json\/wp\/v2\/posts\/2322\/revisions\/2325"}],"wp:featuredmedia":[{"embeddable":true,"href":"https:\/\/www.bfv.cloud\/ajedrezeuropa\/wp-json\/wp\/v2\/media\/2323"}],"wp:attachment":[{"href":"https:\/\/www.bfv.cloud\/ajedrezeuropa\/wp-json\/wp\/v2\/media?parent=2322"}],"wp:term":[{"taxonomy":"category","embeddable":true,"href":"https:\/\/www.bfv.cloud\/ajedrezeuropa\/wp-json\/wp\/v2\/categories?post=2322"},{"taxonomy":"post_tag","embeddable":true,"href":"https:\/\/www.bfv.cloud\/ajedrezeuropa\/wp-json\/wp\/v2\/tags?post=2322"}],"curies":[{"name":"wp","href":"https:\/\/api.w.org\/{rel}","templated":true}]}}