{"id":2326,"date":"2014-03-14T21:31:00","date_gmt":"2014-03-14T21:31:00","guid":{"rendered":"https:\/\/www.bfv.cloud\/ajedrezeuropa\/index.php\/2014\/03\/14\/david-anton-subcampeon-de-europa-absoluto\/"},"modified":"2025-11-20T10:45:25","modified_gmt":"2025-11-20T10:45:25","slug":"david-anton-subcampeon-de-europa-absoluto","status":"publish","type":"post","link":"https:\/\/www.bfv.cloud\/ajedrezeuropa\/david-anton-subcampeon-de-europa-absoluto\/","title":{"rendered":"\u00a1\u00a1DAVID ANT\u00d3N, SUBCAMPE\u00d3N DE EUROPA ABSOLUTO!!"},"content":{"rendered":"<p><\/p>\n<div style=\"clear: right;float: right;margin-bottom: 1em;margin-left: 1em\">\n<img fetchpriority=\"high\" decoding=\"async\" alt=\"David Ant\u00f3n, de 18 a\u00f1os, hace historia en el ajedrez espa\u00f1ol con el subcampeonato\" height=\"315\" src=\"http:\/\/estaticos01.marca.com\/imagenes\/2014\/03\/14\/mas_deportes\/ajedrez\/1394815536_extras_portadilla_1.jpg\" width=\"400\" \/><\/div>\n<p>\n<span style=\"font-family: Arial, Helvetica, sans-serif\">A continuaci\u00f3n, publicamos \u00edntegramente la nota de prensa que nos ha hecho llegar la FEDA hace tan solo unas horas. La noticia es excepcional, el joven madrile\u00f1o de 18 a\u00f1os David Ant\u00f3n se ha proclamado subcampe\u00f3n continental en el Campeonato de Europa Individual Absoluto finalizado hoy en Yerev\u00e1n (Armenia). \u00a1\u00a1Enhorabuena David!!<\/span><br \/>\n<span style=\"font-family: Arial, Helvetica, sans-serif\"><b><br \/><\/b><\/span><br \/>\n<span style=\"font-family: Arial, Helvetica, sans-serif\"><b>Despu\u00e9s de una gran victoria contra el GM georgiano Baadur Jobava (2716), David Ant\u00f3n ha alcanzado la segunda plaza, Medalla de Plata, en el Campeonato de Europa Individual Absoluto.<\/b><\/span><\/p>\n<p><span style=\"font-family: Arial, Helvetica, sans-serif\"><b>David Ant\u00f3n Guijarro ostenta la condici\u00f3n de Deportista de Alto Nivel, (CSD, BOE 4-6-2012) desde su medalla de Bronce en el Europeo Individual Sub 16, Albena (Bulgaria) 2011. La FIDE le concedi\u00f3 el t\u00edtulo de Maestro internacional en septiembre de 2012 y el de Gran Maestro en mayo de 2013, con 17 a\u00f1os de edad. Actualmente ocupa el n\u00famero 1 en las listas de jugadores de elite de la FEDA.<\/b><\/span><\/p>\n<p><span style=\"font-family: Arial, Helvetica, sans-serif\"><b>Con 18 a\u00f1os de edad, y despu\u00e9s de conseguir el Subcampeonato Mundial Sub 18, David logra otro hito hist\u00f3rico en el Ajedrez Espa\u00f1ol, posiblemente el mejor resultado de la historia, s\u00f3lo equiparable a la Medalla de Oro de Paco Vallejo en el Mundial sub 18 de Oropesa 2000.<\/b><\/span><br \/>\n<span style=\"font-family: Arial, Helvetica, sans-serif\"><b>Un gran \u00e9xito de David, que ha jugado un excelente torneo. Desde esta p\u00e1gina queremos expresar nuestra m\u00e1s cordial felicitaci\u00f3n, tanto a David Ant\u00f3n como a su entrenador, David Mart\u00ednez Mart\u00edn.<\/b><\/span><\/p>\n","protected":false},"excerpt":{"rendered":"<p>A continuaci\u00f3n, publicamos \u00edntegramente la nota de prensa que nos ha hecho llegar la FEDA hace tan solo unas horas. La noticia es excepcional, el joven madrile\u00f1o de 18 a\u00f1os David Ant\u00f3n se ha proclamado subcampe\u00f3n continental en el Campeonato de Europa Individual Absoluto finalizado hoy en Yerev\u00e1n (Armenia). \u00a1\u00a1Enhorabuena David!! Despu\u00e9s de una gran [&hellip;]<\/p>\n","protected":false},"author":1,"featured_media":0,"comment_status":"open","ping_status":"closed","sticky":false,"template":"","format":"standard","meta":{"footnotes":""},"categories":[1],"tags":[],"class_list":["post-2326","post","type-post","status-publish","format-standard","hentry","category-noticias"],"_links":{"self":[{"href":"https:\/\/www.bfv.cloud\/ajedrezeuropa\/wp-json\/wp\/v2\/posts\/2326","targetHints":{"allow":["GET"]}}],"collection":[{"href":"https:\/\/www.bfv.cloud\/ajedrezeuropa\/wp-json\/wp\/v2\/posts"}],"about":[{"href":"https:\/\/www.bfv.cloud\/ajedrezeuropa\/wp-json\/wp\/v2\/types\/post"}],"author":[{"embeddable":true,"href":"https:\/\/www.bfv.cloud\/ajedrezeuropa\/wp-json\/wp\/v2\/users\/1"}],"replies":[{"embeddable":true,"href":"https:\/\/www.bfv.cloud\/ajedrezeuropa\/wp-json\/wp\/v2\/comments?post=2326"}],"version-history":[{"count":1,"href":"https:\/\/www.bfv.cloud\/ajedrezeuropa\/wp-json\/wp\/v2\/posts\/2326\/revisions"}],"predecessor-version":[{"id":2327,"href":"https:\/\/www.bfv.cloud\/ajedrezeuropa\/wp-json\/wp\/v2\/posts\/2326\/revisions\/2327"}],"wp:attachment":[{"href":"https:\/\/www.bfv.cloud\/ajedrezeuropa\/wp-json\/wp\/v2\/media?parent=2326"}],"wp:term":[{"taxonomy":"category","embeddable":true,"href":"https:\/\/www.bfv.cloud\/ajedrezeuropa\/wp-json\/wp\/v2\/categories?post=2326"},{"taxonomy":"post_tag","embeddable":true,"href":"https:\/\/www.bfv.cloud\/ajedrezeuropa\/wp-json\/wp\/v2\/tags?post=2326"}],"curies":[{"name":"wp","href":"https:\/\/api.w.org\/{rel}","templated":true}]}}