{"id":2328,"date":"2019-12-09T14:48:00","date_gmt":"2019-12-09T14:48:00","guid":{"rendered":"https:\/\/www.bfv.cloud\/ajedrezeuropa\/index.php\/2019\/12\/09\/los-equipos-de-nuestro-ajedrez-en-europa-y-por-la-igualdad-en-la-copa-de-espana\/"},"modified":"2025-11-20T10:45:29","modified_gmt":"2025-11-20T10:45:29","slug":"los-equipos-de-nuestro-ajedrez-en-europa-y-por-la-igualdad-en-la-copa-de-espana","status":"publish","type":"post","link":"https:\/\/www.bfv.cloud\/ajedrezeuropa\/los-equipos-de-nuestro-ajedrez-en-europa-y-por-la-igualdad-en-la-copa-de-espana\/","title":{"rendered":"LOS EQUIPOS DE NUESTRO AJEDREZ EN EUROPA Y POR LA IGUALDAD EN LA COPA DE ESPA\u00d1A"},"content":{"rendered":"<table align=\"center\" cellpadding=\"0\" cellspacing=\"0\" class=\"tr-caption-container\" style=\"margin-left: auto;margin-right: auto;text-align: center\">\n<tbody>\n<tr>\n<td style=\"text-align: center\"><a href=\"https:\/\/www.bfv.cloud\/ajedrezeuropa\/wp-content\/uploads\/2019\/12\/ENTRENADORESYJUGADORESENELTABLERO.jpg\" style=\"margin-left: auto;margin-right: auto\"><img fetchpriority=\"high\" decoding=\"async\" border=\"0\" data-original-height=\"378\" data-original-width=\"845\" height=\"284\" src=\"https:\/\/blogger.googleusercontent.com\/img\/b\/R29vZ2xl\/AVvXsEg7XOVevmisFjES4FWxGKq0IvhsWKGAeS719LKRawDHO-rbv2e3_LTBJWJvKHLsVGhYSvZrJEnP3GG1ICDbjegi7bHbR5jLD9Mjbrzza8N4cElrExVGuhA5b3Anq3mDgHErq59c2Zd1jFs\/s640\/ENTRENADORES+Y+JUGADORES+EN+EL+TABLERO.jpg\" width=\"640\" \/><\/a><\/td>\n<\/tr>\n<tr>\n<td class=\"tr-caption\" style=\"text-align: center\">Jugadores y entrenadores en el tablero<\/td>\n<\/tr>\n<\/tbody>\n<\/table>\n<p><span style=\"font-family: Verdana, sans-serif;font-size: large\"><b>La Copa de Espa\u00f1a por Equipos S18 y S12 cerr\u00f3 ayer en Benidorm el calendario anual de competiciones nacionales. Con la de 2019 ya son 11 participaciones consecutivas de los equipos de Nuestro Ajedrez en Europa y Nuestro Ajedrez por la Igualdad. En esta 12\u00aa edici\u00f3n los dos torneos han batido las cifras de participaci\u00f3n de todas las temporadas anteriores con holgura: 86 equipos y m\u00e1s de 400 ajedrecistas de todas las comunidades aut\u00f3nomas.<\/p>\n<table align=\"center\" cellpadding=\"0\" cellspacing=\"0\" class=\"tr-caption-container\" style=\"margin-left: auto;margin-right: auto;text-align: center\">\n<tbody>\n<tr>\n<td style=\"text-align: center\"><a href=\"https:\/\/www.bfv.cloud\/ajedrezeuropa\/wp-content\/uploads\/2019\/12\/IGUALDADFRENTEAEUROPA.jpeg\" style=\"margin-left: auto;margin-right: auto\"><img decoding=\"async\" border=\"0\" data-original-height=\"953\" data-original-width=\"1453\" height=\"414\" src=\"https:\/\/blogger.googleusercontent.com\/img\/b\/R29vZ2xl\/AVvXsEixzm3694hjYoHw2NLgLSgeq4hUR9-1CTzFgRPGR3mNV9N8iOpbg-vVvXuWwX_gBOh8TFhyagDVv1A4WmhrPOVrEsQJPbYpxjleon96qap-22_zgnAI-tjuY_wTquY_tUFl1fkYURqeEiE\/s640\/IGUALDAD+FRENTE+A+EUROPA.jpeg\" width=\"640\" \/><\/a><\/td>\n<\/tr>\n<tr>\n<td class=\"tr-caption\" style=\"text-align: center\">Igualdad frente a Europa en la ronda 1 del torneo juvenil<\/td>\n<\/tr>\n<\/tbody>\n<\/table>\n<p><\/b><\/span><br \/>\n<b style=\"font-family: Verdana, sans-serif\"><i><u><span style=\"font-size: large\">Copa de Espa\u00f1a S18: 2 equipos del proyecto entre un total de 51 en categor\u00eda juvenil<\/span><\/u><\/i><\/b><br \/>\n<b style=\"font-family: Verdana, sans-serif\"><span style=\"font-size: large\">En esta ocasi\u00f3n, el torneo Sub-18 (juvenil) ha presentado varios aspectos distintos a los de otros a\u00f1os. La proliferaci\u00f3n de equipos formados \u00fanicamente para disputar esta Copa confiere a los resultados un valor diferente a un campeonato estrictamente de clubes. Establecer un n\u00famero de rondas (6) inadecuado e insuficiente al total de participantes (51), ha condicionado enormemente la clasificaci\u00f3n final, relegando a los perdedores del \u00faltimo enfrentamiento a posiciones muy alejadas de los merecimientos logrados durante el torneo.&nbsp;<\/span><\/b><br \/>\n<span style=\"font-family: Verdana, sans-serif;font-size: large\"><b>De esta manera, los juveniles de Nuestro Ajedrez en Europa ocupaban, finalmente, la 29\u00aa posici\u00f3n tras una dura derrota en el \u00faltimo emparejamiento contra los clubes vascos de Marlaxka y Martintxo, unidos en un solo equipo para la ocasi\u00f3n.<\/p>\n<table align=\"center\" cellpadding=\"0\" cellspacing=\"0\" class=\"tr-caption-container\" style=\"margin-left: auto;margin-right: auto;text-align: center\">\n<tbody>\n<tr>\n<td style=\"text-align: center\"><a href=\"https:\/\/www.bfv.cloud\/ajedrezeuropa\/wp-content\/uploads\/2019\/12\/LOSEQUIPOSENELHOTELBALI.jpg\" style=\"margin-left: auto;margin-right: auto\"><img decoding=\"async\" border=\"0\" data-original-height=\"414\" data-original-width=\"1040\" height=\"250\" src=\"https:\/\/blogger.googleusercontent.com\/img\/b\/R29vZ2xl\/AVvXsEh0WJW8AzJf-AbsYL1XrIlQ5q6QoWT18Yx-WbQPFdHabE0CvCyiS-MLo-zSPi3Q8fABmr5XDp1p9EKrOPtqvb5VXr2SRybWDTpBn0N2rO1tLeLURGpgSliSD5Pk0Sq3W3jX1xtacY3XkuM\/s640\/LOS+EQUIPOS+EN+EL+HOTEL+BALI.jpg\" width=\"640\" \/><\/a><\/td>\n<\/tr>\n<tr>\n<td class=\"tr-caption\" style=\"text-align: center\">Nuestros jugadores en el hotel Bali de Benidorm<\/td>\n<\/tr>\n<\/tbody>\n<\/table>\n<p><\/b><\/span><br \/>\n<span style=\"font-family: Verdana, sans-serif;font-size: large\"><b>La segunda formaci\u00f3n de las escuelas de Alc\u00e1zar de San Juan y Villafranca de los Caballeros en esta Copa de Espa\u00f1a juvenil, el club de Nuestro Ajedrez por la Igualdad, qued\u00f3 en la posici\u00f3n 48\u00ba, mejorando en 2 puestos su ranking inicial.<\/b><\/span><br \/>\n<span style=\"font-family: Verdana, sans-serif;font-size: large\"><b>Ambos equipos, guardando fidelidad al origen del proyecto, han jugado compuestos \u00edntegramente por alumnos de las escuelas de ajedrez de Alc\u00e1zar y Villafranca. Sus formaciones han sido las siguientes.<\/b><\/span><br \/>\n<span style=\"font-family: Verdana, sans-serif;font-size: large\"><b>Nuestro Ajedrez en Europa: Adri\u00e1n Alonso L\u00e1zaro, Roberto L\u00f3pez N\u00fa\u00f1ez, Alfredo Amador And\u00fajar, Alonso L\u00f3pez N\u00fa\u00f1ez y Roberto Yeghiazaryan Petrosyan.<\/b><\/span><br \/>\n<span style=\"font-family: Verdana, sans-serif;font-size: large\"><b>Nuestro Ajedrez por la Igualdad: Arsenio L\u00f3pez Ochoa, Clara Vela Adri\u00e1n, M\u00aa Isabel Marcos-Alberca, Adri\u00e1n Alhambra Rubio y Gabriel Amador And\u00fajar.<\/p>\n<table align=\"center\" cellpadding=\"0\" cellspacing=\"0\" class=\"tr-caption-container\" style=\"margin-left: auto;margin-right: auto;text-align: center\">\n<tbody>\n<tr>\n<td style=\"text-align: center\"><a href=\"https:\/\/www.bfv.cloud\/ajedrezeuropa\/wp-content\/uploads\/2019\/12\/ELEQUIPOS12DELAIGUALDAD.jpg\" style=\"margin-left: auto;margin-right: auto\"><img loading=\"lazy\" decoding=\"async\" border=\"0\" data-original-height=\"786\" data-original-width=\"912\" height=\"550\" src=\"https:\/\/blogger.googleusercontent.com\/img\/b\/R29vZ2xl\/AVvXsEhjRCgR9tVRB5uXzW8mII5GMJVAWCPg_V1K-dJ5FuURtBxlqRHnt-d_GTxy6DdTW2SmQZxr-mtyPR235v0W15gO0-tq5GGIcq_C8fm4YrtyUFL-ldkpgw_EZZU1BXbkIILrLPyE5VCe6bg\/s640\/EL+EQUIPO+S12+DE+LA+IGUALDAD.jpg\" width=\"640\" \/><\/a><\/td>\n<\/tr>\n<tr>\n<td class=\"tr-caption\" style=\"text-align: center\">Los peque\u00f1os ajedrecistas del equipo S12 de Nuestro Ajedrez por la Igualdad<\/td>\n<\/tr>\n<\/tbody>\n<\/table>\n<p><\/b><\/span><br \/>\n<b style=\"font-family: Verdana, sans-serif\"><i><u><span style=\"font-size: large\">Copa de Espa\u00f1a S12: un equipo compuesto por jugadores noveles<\/span><\/u><\/i><\/b><br \/>\n<b style=\"font-family: Verdana, sans-serif\"><span style=\"font-size: large\">Para la categor\u00eda infantil, Nuestro Ajedrez por la Igualdad, ha presentado una formaci\u00f3n con una media de edad de 9 a\u00f1os y medio, muy alejada del tope m\u00e1ximo de 12 a\u00f1os. Adem\u00e1s, estos 5 chicos que han competido tienen una experiencia inferior a 2 a\u00f1os, alguno de ellos ni siquiera uno. El objetivo con ellos es trabajar y consolidar un grupo estable los pr\u00f3ximos a\u00f1os, que vayan adquiriendo experiencia gradualmente en todo tipo de torneos y que en 2\/3 a\u00f1os permita competir a buen nivel en la Copa de Espa\u00f1a. En la clasificaci\u00f3n final han ocupado la plaza 30\u00aa de los 35 participantes.<\/span><\/b><br \/>\n<span style=\"font-family: Verdana, sans-serif;font-size: large\"><b>Estos son los nombres de este quinteto de jugadores: \u00c1ngel Collado Alcolado, Luis Arias Riveira, Jos\u00e9 Miguel Romero Flores, Jaime Vila Castillo y \u00d3scar Ortega Olivares.<\/b><\/span><\/p>\n<table align=\"center\" cellpadding=\"0\" cellspacing=\"0\" class=\"tr-caption-container\" style=\"margin-left: auto;margin-right: auto;text-align: center\">\n<tbody>\n<tr>\n<td style=\"text-align: center\"><a href=\"https:\/\/www.bfv.cloud\/ajedrezeuropa\/wp-content\/uploads\/2019\/12\/IRENECONLOSPEQUE25C32591OSDEIGUALDAD.jpg\" style=\"margin-left: auto;margin-right: auto\"><img loading=\"lazy\" decoding=\"async\" border=\"0\" data-original-height=\"738\" data-original-width=\"1052\" height=\"448\" src=\"https:\/\/blogger.googleusercontent.com\/img\/b\/R29vZ2xl\/AVvXsEj9NOhwpWpAM_iPC7P5R0XQUN8CGuZgNnDfbUvcY47KztoiDzYXj0pN0Y2BdY_43gOOr8JZoh_p-I2yh5xfH3NN23-hO2cUdkoL066uxUt56rhFb_h1hZ6esvgn4fphQ96GJMED-kS0khc\/s640\/IRENE+CON+LOS+PEQUE%25C3%2591OS+DE+IGUALDAD.jpg\" width=\"640\" \/><\/a><\/td>\n<\/tr>\n<tr>\n<td class=\"tr-caption\" style=\"text-align: center\">4 de los 5 jugadores de la Igualdad S12 entrenando con Irene<\/td>\n<\/tr>\n<\/tbody>\n<\/table>\n<p><b style=\"font-family: Verdana, sans-serif\"><span style=\"font-size: large\">Los 15 ajedrecistas que nos han representado en esta Copa de Espa\u00f1a han estado entrenados por el gran maestro Herminio Herr\u00e1iz Hidalgo y por las monitoras: Silvia Toribio Camu\u00f1as e Irene Sim\u00f3n Escalona.<\/span><\/b><br \/>\n<span style=\"font-family: Verdana, sans-serif;font-size: large\"><b>Gracias a las familias que nos han acompa\u00f1ado y que colaboran en hacer posible la participaci\u00f3n de nuestros equipos en Benidorm.<\/b><\/span><br \/>\n<span style=\"font-family: Verdana, sans-serif;font-size: large\"><b>\u00a1\u00a1Enhorabuena a todos por el esfuerzo!!<\/b><\/span><\/p>\n","protected":false},"excerpt":{"rendered":"<p>Jugadores y entrenadores en el tablero La Copa de Espa\u00f1a por Equipos S18 y S12 cerr\u00f3 ayer en Benidorm el calendario anual de competiciones nacionales. Con la de 2019 ya son 11 participaciones consecutivas de los equipos de Nuestro Ajedrez en Europa y Nuestro Ajedrez por la Igualdad. En esta 12\u00aa edici\u00f3n los dos torneos [&hellip;]<\/p>\n","protected":false},"author":1,"featured_media":2329,"comment_status":"open","ping_status":"closed","sticky":false,"template":"","format":"standard","meta":{"footnotes":""},"categories":[1],"tags":[],"class_list":["post-2328","post","type-post","status-publish","format-standard","has-post-thumbnail","hentry","category-noticias"],"_links":{"self":[{"href":"https:\/\/www.bfv.cloud\/ajedrezeuropa\/wp-json\/wp\/v2\/posts\/2328","targetHints":{"allow":["GET"]}}],"collection":[{"href":"https:\/\/www.bfv.cloud\/ajedrezeuropa\/wp-json\/wp\/v2\/posts"}],"about":[{"href":"https:\/\/www.bfv.cloud\/ajedrezeuropa\/wp-json\/wp\/v2\/types\/post"}],"author":[{"embeddable":true,"href":"https:\/\/www.bfv.cloud\/ajedrezeuropa\/wp-json\/wp\/v2\/users\/1"}],"replies":[{"embeddable":true,"href":"https:\/\/www.bfv.cloud\/ajedrezeuropa\/wp-json\/wp\/v2\/comments?post=2328"}],"version-history":[{"count":1,"href":"https:\/\/www.bfv.cloud\/ajedrezeuropa\/wp-json\/wp\/v2\/posts\/2328\/revisions"}],"predecessor-version":[{"id":2334,"href":"https:\/\/www.bfv.cloud\/ajedrezeuropa\/wp-json\/wp\/v2\/posts\/2328\/revisions\/2334"}],"wp:featuredmedia":[{"embeddable":true,"href":"https:\/\/www.bfv.cloud\/ajedrezeuropa\/wp-json\/wp\/v2\/media\/2329"}],"wp:attachment":[{"href":"https:\/\/www.bfv.cloud\/ajedrezeuropa\/wp-json\/wp\/v2\/media?parent=2328"}],"wp:term":[{"taxonomy":"category","embeddable":true,"href":"https:\/\/www.bfv.cloud\/ajedrezeuropa\/wp-json\/wp\/v2\/categories?post=2328"},{"taxonomy":"post_tag","embeddable":true,"href":"https:\/\/www.bfv.cloud\/ajedrezeuropa\/wp-json\/wp\/v2\/tags?post=2328"}],"curies":[{"name":"wp","href":"https:\/\/api.w.org\/{rel}","templated":true}]}}