{"id":2337,"date":"2024-12-29T09:15:00","date_gmt":"2024-12-29T09:15:00","guid":{"rendered":"https:\/\/www.bfv.cloud\/ajedrezeuropa\/index.php\/2024\/12\/29\/finaliza-la-xvi-concentracion-de-navidad\/"},"modified":"2025-11-20T10:45:35","modified_gmt":"2025-11-20T10:45:35","slug":"finaliza-la-xvi-concentracion-de-navidad","status":"publish","type":"post","link":"https:\/\/www.bfv.cloud\/ajedrezeuropa\/finaliza-la-xvi-concentracion-de-navidad\/","title":{"rendered":"FINALIZA LA XVI CONCENTRACI\u00d3N DE NAVIDAD"},"content":{"rendered":"<table align=\"center\" cellpadding=\"0\" cellspacing=\"0\" class=\"tr-caption-container\" style=\"margin-left: auto;margin-right: auto\">\n<tbody>\n<tr>\n<td style=\"text-align: center\"><a href=\"https:\/\/www.bfv.cloud\/ajedrezeuropa\/wp-content\/uploads\/2024\/12\/GRUPO20CON20DIPLOMAS201-1.jpg\" style=\"margin-left: auto;margin-right: auto\"><img fetchpriority=\"high\" decoding=\"async\" border=\"0\" data-original-height=\"1032\" data-original-width=\"2048\" height=\"322\" src=\"https:\/\/blogger.googleusercontent.com\/img\/b\/R29vZ2xl\/AVvXsEggipU22Ez8g3oNxIQDC10mBiIBZ-cRflPW_q1A7t7r3UCFhQiUvZr9uv5sKVGNtR_QLEXdPCrED8SYi2VBdURu8hmMyF3WWB_r2BLArA0eLBrrBI16hRx8to0-HuPiZPGlDbx3gcYvjh5lAlNlMe2m0OrRZSjU7LQmYPTH-RwGufbSYuZnUY8iXLkg1q0\/w640-h322\/GRUPO%20CON%20DIPLOMAS%201.jpg\" width=\"640\" \/><\/a><\/td>\n<\/tr>\n<tr>\n<td class=\"tr-caption\" style=\"text-align: center\">Grupo con diplomas<\/td>\n<\/tr>\n<\/tbody>\n<\/table>\n<p><\/p>\n<p><span style=\"font-family: verdana;font-size: large\">La casa de la cultura de Villafranca de los Caballeros ha alojado la XVI edici\u00f3n de la Concentraci\u00f3n de Navidad que se ha desarrollado del 26 al 28 de diciembre.&nbsp;<\/span><\/p>\n<\/p>\n<div class=\"separator\" style=\"clear: both;text-align: center\"><a href=\"https:\/\/www.bfv.cloud\/ajedrezeuropa\/wp-content\/uploads\/2024\/12\/120GRUPO20A20ALUMNOS.jpg\" style=\"margin-left: 1em;margin-right: 1em\"><img decoding=\"async\" border=\"0\" data-original-height=\"931\" data-original-width=\"1384\" height=\"430\" src=\"https:\/\/blogger.googleusercontent.com\/img\/b\/R29vZ2xl\/AVvXsEiInvvoJ26IPcquKYShkEQBbsnqJIvWkIfKXDPvEcwEvPbDE9tvP5HoO71WofYyrt808Heob7J2EVdcY-E029uwZDMIhqTelVeffAF6nTSnFuK41OFhx8QS0JDlnKZj_uDKHXUaDvfTdNv5HmioQvBTSzHbwvOobC_3x_pE8h__5Y3CZ_C3j2dd_JAxeeU\/w640-h430\/1%20GRUPO%20A%20ALUMNOS.jpg\" width=\"640\" \/><\/a><\/div>\n<p><span style=\"font-family: verdana;font-size: x-large\"><\/p>\n<p>Las clases de esta actividad formativa, encuadrada dentro del proyecto deportivo de Nuestro Ajedrez en Europa, tienen una orientaci\u00f3n al perfeccionamiento de los grupos intermedios de las escuelas de Alc\u00e1zar de San Juan y Villafranca, y tambi\u00e9n a la promoci\u00f3n de los grupos de iniciaci\u00f3n de ambas escuelas. Cerca de una veintena de chicos y chicas con edades comprendidas entre los 7 y los 15 a\u00f1os han recibido clases de los entrenadores: Roberto L\u00f3pez N\u00fa\u00f1ez y Antonio Albo Maroto, as\u00ed como de las entrenadoras: Ana Isabel Gonz\u00e1lez Berruga y Silvia Toribio Camu\u00f1as.<\/p>\n<p><\/span><\/p>\n<\/p>\n<div class=\"separator\" style=\"clear: both;text-align: center\"><a href=\"https:\/\/www.bfv.cloud\/ajedrezeuropa\/wp-content\/uploads\/2024\/12\/320GRUPO20C.jpg\" style=\"margin-left: 1em;margin-right: 1em\"><img decoding=\"async\" border=\"0\" data-original-height=\"1095\" data-original-width=\"1535\" height=\"456\" src=\"https:\/\/blogger.googleusercontent.com\/img\/b\/R29vZ2xl\/AVvXsEiCIWxe8i4rponWXJ93KMKxG-bzYRlHcJg0-bwY8rzgKPIkeLfAC_mo2A2sn1nsS3OaRry2he1PAvmnh6caByTWU1WI78OYwpV6ak3MY4SclBqMcOGqu1CEYujF50OtAv-yv7i-WVA8YZ-fGFkDidjp-_TTJ8zvmMW5LOHYhW7IrG7yQPjRvCyKry3CXIw\/w640-h456\/3%20GRUPO%20C.jpg\" width=\"640\" \/><\/a><\/div>\n<p><span style=\"font-family: verdana;font-size: x-large\">El a\u00f1o 2025 comenzar\u00e1 con la celebraci\u00f3n del Torneo de Ajedrez por la Igualdad el s\u00e1bado 4 de enero en el sal\u00f3n de actos de la casa de la cultura de Villafranca. \u00a1\u00a1Os esperamos!!<\/span><\/p>\n<table align=\"center\" cellpadding=\"0\" cellspacing=\"0\" class=\"tr-caption-container\" style=\"margin-left: auto;margin-right: auto\">\n<tbody>\n<tr>\n<td style=\"text-align: center\"><a href=\"https:\/\/www.bfv.cloud\/ajedrezeuropa\/wp-content\/uploads\/2024\/12\/TROFEO20IGUALDAD202025.jpg\" style=\"margin-left: auto;margin-right: auto\"><img loading=\"lazy\" decoding=\"async\" border=\"0\" data-original-height=\"2048\" data-original-width=\"1668\" height=\"640\" src=\"https:\/\/blogger.googleusercontent.com\/img\/b\/R29vZ2xl\/AVvXsEhA47ASqJk5lloxtoTkg1wYB2lk0dXV5sQlC3v7bJkj_6L_ymGwK95xo6omSKbUye_MnMrj3-0S5dJaIViExo9a3a1OXGC5B3eaIb3q0P8wxyTsC4v5SU7zh20yeil3EdIA16I89O2lQNGbMINZv9Gz9eAUhdeRFXUiP_hQhgdbGA7MNdHDOHCHYTYDZFk\/w522-h640\/TROFEO%20IGUALDAD%202025.jpg\" width=\"522\" \/><\/a><\/td>\n<\/tr>\n<tr>\n<td class=\"tr-caption\" style=\"text-align: center\">Trofeo del XVIII Torneo Ajedrez por la Igualdad<\/td>\n<\/tr>\n<\/tbody>\n<\/table>\n<p><span style=\"font-family: verdana;font-size: large\"><br \/><\/span><\/p>\n","protected":false},"excerpt":{"rendered":"<p>Grupo con diplomas La casa de la cultura de Villafranca de los Caballeros ha alojado la XVI edici\u00f3n de la Concentraci\u00f3n de Navidad que se ha desarrollado del 26 al 28 de diciembre.&nbsp; Las clases de esta actividad formativa, encuadrada dentro del proyecto deportivo de Nuestro Ajedrez en Europa, tienen una orientaci\u00f3n al perfeccionamiento de [&hellip;]<\/p>\n","protected":false},"author":1,"featured_media":2338,"comment_status":"open","ping_status":"closed","sticky":false,"template":"","format":"standard","meta":{"footnotes":""},"categories":[1],"tags":[],"class_list":["post-2337","post","type-post","status-publish","format-standard","has-post-thumbnail","hentry","category-noticias"],"_links":{"self":[{"href":"https:\/\/www.bfv.cloud\/ajedrezeuropa\/wp-json\/wp\/v2\/posts\/2337","targetHints":{"allow":["GET"]}}],"collection":[{"href":"https:\/\/www.bfv.cloud\/ajedrezeuropa\/wp-json\/wp\/v2\/posts"}],"about":[{"href":"https:\/\/www.bfv.cloud\/ajedrezeuropa\/wp-json\/wp\/v2\/types\/post"}],"author":[{"embeddable":true,"href":"https:\/\/www.bfv.cloud\/ajedrezeuropa\/wp-json\/wp\/v2\/users\/1"}],"replies":[{"embeddable":true,"href":"https:\/\/www.bfv.cloud\/ajedrezeuropa\/wp-json\/wp\/v2\/comments?post=2337"}],"version-history":[{"count":1,"href":"https:\/\/www.bfv.cloud\/ajedrezeuropa\/wp-json\/wp\/v2\/posts\/2337\/revisions"}],"predecessor-version":[{"id":2342,"href":"https:\/\/www.bfv.cloud\/ajedrezeuropa\/wp-json\/wp\/v2\/posts\/2337\/revisions\/2342"}],"wp:featuredmedia":[{"embeddable":true,"href":"https:\/\/www.bfv.cloud\/ajedrezeuropa\/wp-json\/wp\/v2\/media\/2338"}],"wp:attachment":[{"href":"https:\/\/www.bfv.cloud\/ajedrezeuropa\/wp-json\/wp\/v2\/media?parent=2337"}],"wp:term":[{"taxonomy":"category","embeddable":true,"href":"https:\/\/www.bfv.cloud\/ajedrezeuropa\/wp-json\/wp\/v2\/categories?post=2337"},{"taxonomy":"post_tag","embeddable":true,"href":"https:\/\/www.bfv.cloud\/ajedrezeuropa\/wp-json\/wp\/v2\/tags?post=2337"}],"curies":[{"name":"wp","href":"https:\/\/api.w.org\/{rel}","templated":true}]}}